{"id":83218,"date":"2025-11-10T10:49:05","date_gmt":"2025-11-10T10:49:05","guid":{"rendered":"https:\/\/www.europesays.com\/no\/83218\/"},"modified":"2025-11-10T10:49:05","modified_gmt":"2025-11-10T10:49:05","slug":"vaer-skien-dersom-du-er-lei-av-gravaeret-har-meteorologen-gode-nyheter","status":"publish","type":"post","link":"https:\/\/www.europesays.com\/no\/83218\/","title":{"rendered":"V\u00e6r, Skien | Dersom du er lei av gr\u00e5v\u00e6ret har meteorologen gode nyheter"},"content":{"rendered":"\n<p>Riktignok m\u00e5 du sm\u00f8re deg med litt t\u00e5lmodighet, for det skjer f\u00f8rst mot slutten av uka.<\/p>\n<p>Det forteller vakthavende meteorolog Bente Wahl ved Meteorologisk institutt.<\/p>\n<p>Uka begynner slik den forrige sluttet med gr\u00e5v\u00e6r. I morgen tirsdag og spesielt natt til onsdag vil det dessuten komme litt regn.<\/p>\n<p>Kaldere<\/p>\n<p>Men s\u00e5 fra natt til fredag kommer det varslede v\u00e6rskiftet.<\/p>\n<p>Da f\u00e5r vi en nordavind som har med seg klarv\u00e6r og sol, men ogs\u00e5 betydelig kaldere luft.<\/p>\n<p>\u2013 Det blir ikke veldig kaldt, men vi kommer mer ned mot normalen for \u00e5rstiden, forteller Wahl.<\/p>\n<p>Spesielt kj\u00f8lig blir det p\u00e5 nettene hvor vi fra natt til fredag m\u00e5 belage oss p\u00e5 minusgrader p\u00e5 natta.<\/p>\n<p>P\u00e5 dagen ventes det klarv\u00e6r og sol og noen f\u00e5 plussgrader.<\/p>\n<p>Pass p\u00e5<\/p>\n<p>Dersom du fremdeles ikke har byttet til vinterdekk kan det v\u00e6re smart \u00e5 bytte om ikke s\u00e5 altfor lenge.<\/p>\n<p>\u2013 Det kommer ikke noe nedb\u00f8r, men i og med at det er kaldt om morgenen kan det v\u00e6re glatt p\u00e5 veiene enkelte steder, spesielt ved \u00e5pne vann, avslutter meteorologen.<\/p>\n","protected":false},"excerpt":{"rendered":"Riktignok m\u00e5 du sm\u00f8re deg med litt t\u00e5lmodighet, for det skjer f\u00f8rst mot slutten av uka. Det forteller&hellip;\n","protected":false},"author":2,"featured_media":83219,"comment_status":"","ping_status":"","sticky":false,"template":"","format":"standard","meta":{"footnotes":""},"categories":[10],"tags":[36,20,21,24,25,15,2574,22,23,13,30,28,29,14,16,393,1510,26,27,553],"class_list":{"0":"post-83218","1":"post","2":"type-post","3":"status-publish","4":"format-standard","5":"has-post-thumbnail","7":"category-norge","8":"tag-art","9":"tag-breaking-news","10":"tag-breakingnews","11":"tag-featured-news","12":"tag-featurednews","13":"tag-headlines","14":"tag-kragero","15":"tag-latest-news","16":"tag-latestnews","17":"tag-news","18":"tag-no","19":"tag-norge","20":"tag-norway","21":"tag-nyheter","22":"tag-overskrifter","23":"tag-skien","24":"tag-story","25":"tag-top-stories","26":"tag-topstories","27":"tag-vaer"},"share_on_mastodon":{"url":"https:\/\/pubeurope.com\/@no\/115525017173176591","error":""},"_links":{"self":[{"href":"https:\/\/www.europesays.com\/no\/wp-json\/wp\/v2\/posts\/83218","targetHints":{"allow":["GET"]}}],"collection":[{"href":"https:\/\/www.europesays.com\/no\/wp-json\/wp\/v2\/posts"}],"about":[{"href":"https:\/\/www.europesays.com\/no\/wp-json\/wp\/v2\/types\/post"}],"author":[{"embeddable":true,"href":"https:\/\/www.europesays.com\/no\/wp-json\/wp\/v2\/users\/2"}],"replies":[{"embeddable":true,"href":"https:\/\/www.europesays.com\/no\/wp-json\/wp\/v2\/comments?post=83218"}],"version-history":[{"count":0,"href":"https:\/\/www.europesays.com\/no\/wp-json\/wp\/v2\/posts\/83218\/revisions"}],"wp:featuredmedia":[{"embeddable":true,"href":"https:\/\/www.europesays.com\/no\/wp-json\/wp\/v2\/media\/83219"}],"wp:attachment":[{"href":"https:\/\/www.europesays.com\/no\/wp-json\/wp\/v2\/media?parent=83218"}],"wp:term":[{"taxonomy":"category","embeddable":true,"href":"https:\/\/www.europesays.com\/no\/wp-json\/wp\/v2\/categories?post=83218"},{"taxonomy":"post_tag","embeddable":true,"href":"https:\/\/www.europesays.com\/no\/wp-json\/wp\/v2\/tags?post=83218"}],"curies":[{"name":"wp","href":"https:\/\/api.w.org\/{rel}","templated":true}]}}