{"id":83315,"date":"2025-11-10T12:32:12","date_gmt":"2025-11-10T12:32:12","guid":{"rendered":"https:\/\/www.europesays.com\/no\/83315\/"},"modified":"2025-11-10T12:32:12","modified_gmt":"2025-11-10T12:32:12","slug":"sv-er-ikke-de-ekstreme-i-abortdebatten","status":"publish","type":"post","link":"https:\/\/www.europesays.com\/no\/83315\/","title":{"rendered":"SV er ikke de ekstreme i abortdebatten"},"content":{"rendered":"\n<p class=\"_prefix_nfjwc_1 layout-padded\">Meninger<br \/>Debattinnlegg<\/p>\n<p class=\"_lead_o9xde_2 _lead_xtcu6_50 layout-component text-serif-m layout-normal text-serif-l _lead_1eue0_21 layout-component layout-normal layout-padded layout-padded\">P\u00e5standen om at SV vil tillate abort \u00abtil f\u00f8dsel\u00bb er feil, b\u00e5de juridisk, politisk og i praksis.<\/p>\n<p><img decoding=\"async\" class=\"_image_1pdwo_15\" itemprop=\"image\" loading=\"lazy\"  src=\"https:\/\/www.europesays.com\/no\/wp-content\/uploads\/2025\/11\/1da56f48-0275-4575-846c-f2e84eea3a18\"  width=\"40\"\/><strong>Maria Bonita Igland <\/strong><\/p>\n<p class=\"_description_1pdwo_10 text-sans-s\">Kvinnepolitisk leder, SV<\/p>\n<p><img alt=\"SV leder Kirsti Bergst\u00f8. Foto: Helge Mikalsen \/ VG\" class=\"_image_qp4xg_65 layout-component layout-wide\" data-fullscreen- data-track-element-type=\"Article image fullscreen\" data-track-name=\"ImageFullscreen\" fetchpriority=\"high\" decoding=\"sync\" loading=\"eager\" height=\"5119\" itemprop=\"image\"  src=\"https:\/\/www.europesays.com\/no\/wp-content\/uploads\/2025\/11\/0c690e95-dd16-4f41-b336-76c8afe9ab9b\"  style=\"object-position:51.61974819635026% 42.586442664582925%\" width=\"7069\"\/>SV leder Kirsti Bergst\u00f8. Foto: Helge Mikalsen \/ VGMandag 10. november kl. 10:58     <\/p>\n<ul class=\"_list_o9xde_3 _list_xtcu6_9 _unordered_o9xde_106 layout-component text-serif-m layout-normal text-serif-m layout-padded\">\n<li class=\"_item_o9xde_30\">Dette er et svar p\u00e5 kommentaren <a href=\"https:\/\/www.vg.no\/nyheter\/i\/wgMWaA\/sv-og-krfu-lederen-er-ytterpunkter-i-abortdebatten\" data-track-element-type=\"Link\" data-track-id=\"link:wgMWaA\" class=\"_link_o9xde_39\" rel=\"nofollow noopener\" target=\"_blank\">\u00abF\u00e5r vi amerikanske tilstander?\u00bb<\/a><\/li>\n<\/ul>\n<p class=\"_paragraph_o9xde_4 _paragraph_xtcu6_10 layout-component text-serif-m layout-normal text-serif-m layout-padded\">Sp\u00f8rsm\u00e5l om rett til abort har blitt hyppig diskutert de siste dagene. <\/p>\n<p class=\"_paragraph_o9xde_4 _paragraph_xtcu6_10 layout-component text-serif-m layout-normal text-serif-m layout-padded\">I en kommentar 3. november setter VGs kommentator Hanne Skartveit opp ytterpunktene i abortdebatten: <\/p>\n<p class=\"_paragraph_o9xde_4 _paragraph_xtcu6_10 layout-component text-serif-m layout-normal text-serif-m layout-padded\">KrFU og SV. <\/p>\n<p class=\"_paragraph_o9xde_4 _paragraph_xtcu6_10 layout-component text-serif-m layout-normal text-serif-m layout-padded\">Det ene standpunktet er basert p\u00e5 konsensusen til de viktigste fagmilj\u00f8ene p\u00e5 reproduktiv helse i verden. <\/p>\n<p class=\"_paragraph_o9xde_4 _paragraph_xtcu6_10 layout-component text-serif-m layout-normal text-serif-m layout-padded\">Det andre er basert p\u00e5 KrF sitt utdaterte syn p\u00e5 hva kvinners rolle i samfunnet b\u00f8r v\u00e6re.<\/p>\n<p><img alt=\"VG-kommentator Hanne Skartveit.  Foto: Janne M\u00f8ller-Hansen \/ VG\" class=\"_image_qp4xg_65 layout-component layout-normal\" data-fullscreen- data-track-element-type=\"Article image fullscreen\" data-track-name=\"ImageFullscreen\" decoding=\"async\" loading=\"lazy\" height=\"5464\" itemprop=\"image\"  src=\"https:\/\/www.europesays.com\/no\/wp-content\/uploads\/2025\/11\/d198f687-1cfe-497b-bf35-9e825ad83033\"  style=\"object-position:62.53662109375% 37.79282576866764%\" width=\"8192\"\/>VG-kommentator Hanne Skartveit.  Foto: Janne M\u00f8ller-Hansen \/ VG<\/p>\n<p class=\"_paragraph_o9xde_4 _paragraph_xtcu6_10 layout-component text-serif-m layout-normal text-serif-m layout-padded\">VG har den siste tiden trykket to innlegg som feiltolker SVs abortpolitikk. <\/p>\n<p class=\"_paragraph_o9xde_4 _paragraph_xtcu6_10 layout-component text-serif-m layout-normal text-serif-m layout-padded\">SV var en p\u00e5driver for den nye abortloven som tr\u00e5dte i kraft i \u00e5r. <\/p>\n<p class=\"_paragraph_o9xde_4 _paragraph_xtcu6_10 layout-component text-serif-m layout-normal text-serif-m layout-padded\">Den var en historisk utvidelse av kvinners rett til \u00e5 bestemme over egen kropp, og flyttet makt fra byr\u00e5krater til kvinner fra uke 12 til uke 18 i svangerskapet.<\/p>\n<p class=\"_paragraph_o9xde_4 _paragraph_xtcu6_10 layout-component text-serif-m layout-normal text-serif-m layout-padded\">Fra uke 18 og fram til utgangen av uke 21 (21 uker og 6 dager) tillates en abort n\u00e5r helt spesifikke krav er oppfylt. <\/p>\n<p class=\"_paragraph_o9xde_4 _paragraph_xtcu6_10 layout-component text-serif-m layout-normal text-serif-m layout-padded\">Deretter er det forbudt. <\/p>\n<p class=\"_paragraph_o9xde_4 _paragraph_xtcu6_10 layout-component text-serif-m layout-normal text-serif-m layout-padded\">Unntak gis bare n\u00e5r fosteret uansett vil d\u00f8 i svangerskapet eller kort tid etter f\u00f8dsel, eller n\u00e5r det foreligger akutt og alvorlig fare for den gravides liv eller helse.<\/p>\n<p class=\"_paragraph_o9xde_4 _paragraph_xtcu6_10 layout-component text-serif-m layout-normal text-serif-m layout-padded\">P\u00e5standen om at SV vil tillate abort \u00abtil f\u00f8dsel\u00bb er feil, b\u00e5de juridisk, politisk og i praksis. SV \u00f8nsker en abortlov i tr\u00e5d med Verdens helseorganisasjon sine anbefalinger fra 2022. <\/p>\n<p class=\"_paragraph_o9xde_4 _paragraph_xtcu6_10 layout-component text-serif-m layout-normal text-serif-m layout-padded\">Skartveit leser dette som at SV \u00f8nsker abort fram mot f\u00f8dsel. <\/p>\n<p class=\"_paragraph_o9xde_4 _paragraph_xtcu6_10 layout-component text-serif-m layout-normal text-serif-m layout-padded\">Det er ikke bare en vranglesning av SVs politikk \u2013 det er f\u00f8rst og fremst en stigmatiserende fremstilling av kvinner som st\u00e5r i en s\u00e5rbar situasjon og stadig st\u00e5r i den spisse enden av abortdebatten.<\/p>\n<p class=\"_paragraph_o9xde_4 _paragraph_xtcu6_10 layout-component text-serif-m layout-normal text-serif-m layout-padded\">SV \u00f8nsker \u00e5 fjerne abortnemnder og erstatte dem med frivillig, faglig r\u00e5dgivning og god oppf\u00f8lging. <\/p>\n<p class=\"_paragraph_o9xde_4 _paragraph_xtcu6_10 layout-component text-serif-m layout-normal text-serif-m layout-padded\">Referansen til WHOs retningslinjer, som VGs kommentator har hengt seg opp i, gjelder hvordan helsehjelpen skal gis og reguleres, slik at den samsvarer med generell helselovgivning og profesjonsetikken.<\/p>\n<p class=\"_paragraph_o9xde_4 _paragraph_xtcu6_10 layout-component text-serif-m layout-normal text-serif-m layout-padded\">Abort er helsehjelp, men dagens abortnemnder er ikke basert p\u00e5 helsefaglige vurderinger. <\/p>\n<p class=\"_paragraph_o9xde_4 _paragraph_xtcu6_10 layout-component text-serif-m layout-normal text-serif-m layout-padded\">Snarere fungerer nemndordningen som et un\u00f8dvendig byr\u00e5kratisk hinder \u2013 b\u00e5de for kvinnen, og for helsepersonell som skal r\u00e5dgi og sikre forsvarlig helsehjelp i en s\u00e5rbar situasjon.<\/p>\n<p class=\"_paragraph_o9xde_4 _paragraph_xtcu6_10 layout-component text-serif-m layout-normal text-serif-m layout-padded\">I Norge skjer 97 prosent av alle aborter f\u00f8r uke 12; aborter senere i svangerskapet er sv\u00e6rt sjeldne og knyttet til alvorlig sykdom hos foster eller den gravide. <\/p>\n<p class=\"_paragraph_o9xde_4 _paragraph_xtcu6_10 layout-component text-serif-m layout-normal text-serif-m layout-padded\">All erfaring tilsier at kvinner i Norge tar avgj\u00f8relser om abort s\u00e5 tidlig som mulig. <\/p>\n<p class=\"_paragraph_o9xde_4 _paragraph_xtcu6_10 layout-component text-serif-m layout-normal text-serif-m layout-padded\">Det finnes per dags dato ingen forskning som viser at kvinner \u00f8nsker eller utsetter \u00e5 ta abort, og det er denne realiteten vi i SV forholder oss til.<\/p>\n<p class=\"_paragraph_o9xde_4 _paragraph_xtcu6_10 layout-component text-serif-m layout-normal text-serif-m layout-padded\">Det er ogs\u00e5 denne virkeligheten vi mener b\u00f8r ligge til grunn for norsk abortlovgivning. Kort sagt \u00f8nsker vi mindre overformynderi og mer st\u00f8tte.<\/p>\n<p class=\"_paragraph_o9xde_4 _paragraph_xtcu6_10 layout-component text-serif-m layout-normal text-serif-m layout-padded\">Debatten om abort fikk en ekstra omdreining da leder i Kristelig Folkepartis Ungdom gjestet en podkast, og sa at hun mener kvinner som blir gravide etter voldtekt ikke b\u00f8r ta abort.<\/p>\n<p class=\"_paragraph_o9xde_4 _paragraph_xtcu6_10 layout-component text-serif-m layout-normal text-serif-m layout-padded\">If\u00f8lge henne var det en personlig meningsytring som hun f\u00f8ler podkastverten presset fram, og ikke noe partiet mener.<\/p>\n<p class=\"_paragraph_o9xde_4 _paragraph_xtcu6_10 layout-component text-serif-m layout-normal text-serif-m layout-padded\">Vi stiller oss likevel undrende til moderpartiet sin manglende evne til \u00e5 forholde seg til innholdet i det utsagnet. <\/p>\n<p class=\"_paragraph_o9xde_4 _paragraph_xtcu6_10 layout-component text-serif-m layout-normal text-serif-m layout-padded\">Mange ble selvf\u00f8lgelig sjokkert, men vi som f\u00f8lger med i abortdebatten vet at dette ikke er et s\u00e5 uvanlig standpunkt p\u00e5 den radikale h\u00f8yresiden.<\/p>\n<p class=\"_paragraph_o9xde_4 _paragraph_xtcu6_10 layout-component text-serif-m layout-normal text-serif-m layout-padded\">S\u00e6rlig i USA er det mange s\u00e5kalt konservative som fullstendig overser menneskeverdet til den som b\u00e6rer fosteret. Dette er den konteksten man m\u00e5 forst\u00e5 den \u00abnye\u00bb abortdebatten i. Man har en voksende internasjonal bevegelse som ikke legger noen vekt p\u00e5 kvinners menneskeverd eller rett til \u00e5 bestemme over egen kropp.<\/p>\n<p class=\"_paragraph_o9xde_4 _paragraph_xtcu6_10 layout-component text-serif-m layout-normal text-serif-m layout-padded\">KrFU-lederens uttalelser har en viss sjokkeffekt, men man skal v\u00e6re klar over at hun slett ikke er alene om \u00e5 mene dette. <\/p>\n<p class=\"_paragraph_o9xde_4 _paragraph_xtcu6_10 layout-component text-serif-m layout-normal text-serif-m layout-padded\">S\u00e5 la oss bare v\u00e6re veldig tydelige: Sosialistisk Venstreparti er ikke \u00abde ekstreme\u00bb i denne sammenhengen.<\/p>\n<p>      Dette er en kronikk. Kronikken gir uttrykk for skribentens holdning. Du kan sende inn kronikker og debattinnlegg til <a class=\"_link_jv5ak_10\" href=\"https:\/\/www.vg.no\/nyheter\/i\/bm9oav\/mailto:debatt@vg.no\" rel=\"nofollow noopener\" target=\"_blank\">debatt@vg.no<\/a>. <\/p>\n","protected":false},"excerpt":{"rendered":"MeningerDebattinnlegg P\u00e5standen om at SV vil tillate abort \u00abtil f\u00f8dsel\u00bb er feil, b\u00e5de juridisk, politisk og i praksis.&hellip;\n","protected":false},"author":2,"featured_media":83316,"comment_status":"","ping_status":"","sticky":false,"template":"","format":"standard","meta":{"footnotes":""},"categories":[10],"tags":[20,21,24,25,15,22,23,13,30,28,29,14,16,26,27,103],"class_list":{"0":"post-83315","1":"post","2":"type-post","3":"status-publish","4":"format-standard","5":"has-post-thumbnail","7":"category-norge","8":"tag-breaking-news","9":"tag-breakingnews","10":"tag-featured-news","11":"tag-featurednews","12":"tag-headlines","13":"tag-latest-news","14":"tag-latestnews","15":"tag-news","16":"tag-no","17":"tag-norge","18":"tag-norway","19":"tag-nyheter","20":"tag-overskrifter","21":"tag-top-stories","22":"tag-topstories","23":"tag-vgmeninger"},"share_on_mastodon":{"url":"https:\/\/pubeurope.com\/@no\/115525422308641853","error":""},"_links":{"self":[{"href":"https:\/\/www.europesays.com\/no\/wp-json\/wp\/v2\/posts\/83315","targetHints":{"allow":["GET"]}}],"collection":[{"href":"https:\/\/www.europesays.com\/no\/wp-json\/wp\/v2\/posts"}],"about":[{"href":"https:\/\/www.europesays.com\/no\/wp-json\/wp\/v2\/types\/post"}],"author":[{"embeddable":true,"href":"https:\/\/www.europesays.com\/no\/wp-json\/wp\/v2\/users\/2"}],"replies":[{"embeddable":true,"href":"https:\/\/www.europesays.com\/no\/wp-json\/wp\/v2\/comments?post=83315"}],"version-history":[{"count":0,"href":"https:\/\/www.europesays.com\/no\/wp-json\/wp\/v2\/posts\/83315\/revisions"}],"wp:featuredmedia":[{"embeddable":true,"href":"https:\/\/www.europesays.com\/no\/wp-json\/wp\/v2\/media\/83316"}],"wp:attachment":[{"href":"https:\/\/www.europesays.com\/no\/wp-json\/wp\/v2\/media?parent=83315"}],"wp:term":[{"taxonomy":"category","embeddable":true,"href":"https:\/\/www.europesays.com\/no\/wp-json\/wp\/v2\/categories?post=83315"},{"taxonomy":"post_tag","embeddable":true,"href":"https:\/\/www.europesays.com\/no\/wp-json\/wp\/v2\/tags?post=83315"}],"curies":[{"name":"wp","href":"https:\/\/api.w.org\/{rel}","templated":true}]}}