{"id":83317,"date":"2025-11-10T12:33:55","date_gmt":"2025-11-10T12:33:55","guid":{"rendered":"https:\/\/www.europesays.com\/no\/83317\/"},"modified":"2025-11-10T12:33:55","modified_gmt":"2025-11-10T12:33:55","slug":"lindex-hylles-for-naturlig-representasjon","status":"publish","type":"post","link":"https:\/\/www.europesays.com\/no\/83317\/","title":{"rendered":"Lindex hylles for naturlig representasjon"},"content":{"rendered":"<p>Det kan av og til virke som om det har v\u00e6rt ett skritt fram og to tilbake for mangfold i motebransjen.\u00a0<\/p>\n<p class=\"font-weight-bold m-font-weight-bold\" data-lab-font_weight=\"font-weight-bold\">Tross skj\u00e6r i sj\u00f8en finnes det likevel fortsatt de som g\u00e5r i bresjen for nettopp mangfold &#8211; og det som om det var den mest naturlige tingen i verden.<\/p>\n<p class=\"font-weight-bold m-font-weight-bold\" data-lab-font_weight=\"font-weight-bold\">\u00abTakk for at dere l\u00f8fter det magiske i en helt naturlig kvinne akkurat slik naturen har skapt henne\u00bb, skriver en.\u00a0<\/p>\n<p class=\"font-weight-bold m-font-weight-bold\" data-lab-font_weight=\"font-weight-bold\">\u00abElsker at mine d\u00f8tre vokser opp og m\u00f8tes av s\u00e5 fine bilder og kan speile seg i virkeligheten\u00bb, skriver en annen.\u00a0<\/p>\n<p>\u00abDette er det beste jeg noensinne har sett fra en klesbutikk\u00bb, skriver en tredje.<\/p>\n<p>    <a itemprop=\"url\" href=\"https:\/\/www.dagbladet.no\/mote-og-livsstil\/heier-ikke-pa-brystvortene\/83807364\" rel=\"nofollow noopener\" target=\"_blank\"><\/p>\n<p>      <img loading=\"lazy\" decoding=\"async\" src=\"https:\/\/www.europesays.com\/no\/wp-content\/uploads\/2025\/11\/1762778027_775_83808998.webp\" width=\"980\" height=\"441\" title=\"- Heier ikke p\u00e5 brystvortene\" alt=\"\" class=\"lazyload\" style=\"--aspect-ratio-image: 2.22; \"\/><\/p>\n<p>        &#8211; Heier ikke p\u00e5 brystvortene<\/p>\n<p>    <\/a><\/p>\n<p class=\"font-weight-bold m-font-weight-bold\" data-lab-font_weight=\"font-weight-bold\">Det er bare noen av kommentarene p\u00e5 Lindex sin Instagram-profil etter at den svenske kleskjeden postet et bilde av en undert\u00f8ysmodell med kroppsh\u00e5r.\u00a0<\/p>\n<p class=\"font-weight-bold m-font-weight-bold\" data-lab-font_weight=\"font-weight-bold\">N\u00e5 hylles den svenske kleskjeden for \u00e5 l\u00f8fte fram det naturlige, speile virkeligheten og for \u00e5 bryte normer.\u00a0<\/p>\n<p>&#8211; Vi har f\u00e5tt veldig mange positive reaksjoner, sier Kristina Hermansson, Head of Communication i Lindex.<\/p>\n<p>&#8211; At et innlegg som dette skaper s\u00e5 stort engasjement og oppmerksomhet, viser hvor viktig representasjon er, sier hun.\u00a0<\/p>\n<p class=\"font-weight-bold m-font-weight-bold\" data-lab-font_weight=\"font-weight-bold\">Ja, for det er liksom noe med det.\u00a0<\/p>\n<p class=\"font-weight-bold m-font-weight-bold\" data-lab-font_weight=\"font-weight-bold\">Selverkl\u00e6rt tykkaktivist, Carina Carlsen hyller kleskjedens innsats for mangfold.<\/p>\n<p class=\"font-weight-bold m-font-weight-bold\" data-lab-font_weight=\"font-weight-bold\">&#8211; Dette er s\u00e5 fint! Det er dette vi vil ha.<\/p>\n<p>    <a itemprop=\"url\" href=\"https:\/\/www.dagbladet.no\/mote-og-livsstil\/dette-skriker-av-desperasjon\/83501324\" rel=\"nofollow noopener\" target=\"_blank\"><\/p>\n<p>      <img loading=\"lazy\" decoding=\"async\" src=\"https:\/\/www.europesays.com\/no\/wp-content\/uploads\/2025\/11\/83507150.webp\" width=\"980\" height=\"441\" title=\"- Dette skriker av desperasjon\" alt=\"\" class=\"lazyload\" style=\"--aspect-ratio-image: 2.22; \"\/><\/p>\n<p>        &#8211; Dette skriker av desperasjon<\/p>\n<p>    <\/a><\/p>\n<p>&#8211; Kroppsmangfold handler jo om s\u00e5 mye mer enn bare tjukk og tynn, sier hun.\u00a0<\/p>\n<p>N\u00e5 h\u00e5per hun det kan inspirere andre.<\/p>\n<p class=\"font-weight-bold m-font-weight-bold\" data-lab-font_weight=\"font-weight-bold\">&#8211; Jeg klager ofte over at jeg synes mangfoldsarbeidet motebransjen gj\u00f8r er krampeaktige og helt \u00e5penbart et spill for galleriet. Men her skal jeg senke pekefingeren og si: \u00abgodt jobba\u00bb.\u00a0<\/p>\n<p>          <img loading=\"lazy\" decoding=\"async\" src=\"https:\/\/www.europesays.com\/no\/wp-content\/uploads\/2025\/11\/83824532.webp\" width=\"980\" height=\"559\" title=\"KOMMUNIKASJONSANSVARLIG: Kristina Hermansson, Head of Communication i Lindex. Foto: Lindex\" alt=\"\" class=\"\" style=\"--aspect-ratio-image: 1.75; \"\/><\/p>\n<p>\n          KOMMUNIKASJONSANSVARLIG: Kristina Hermansson, Head of Communication i Lindex. Foto: Lindex\n      <\/p>\n<p>&#8211; Jeg vokste selv opp med m\u00f8rke h\u00e5r og mye h\u00e5rvekst, og hatet meg selv for det langt ut i voksenlivet, forteller Carlsen.<\/p>\n<p>    Mangfold i motebransjen: Lindex hylles for naturlig representasjon<\/p>\n<p>Lindex f\u00e5r ros for \u00e5 fremme naturlig kroppsmangfold.<\/p>\n<p>En undert\u00f8ysmodell med kroppsh\u00e5r skaper stor begeistring.<\/p>\n<p>Kampanjen hylles for \u00e5 speile virkeligheten og bryte normer.<\/p>\n<p>Carina Carlsen roser initiativet for ekte mangfold.<\/p>\n<p>      Vis mer<br \/>\n      Vis mindre<\/p>\n<p>En av de f\u00f8rste gangene hun s\u00e5 en smilende dame med m\u00f8rke h\u00e5r p\u00e5 armene i en reklame som ikke handlet nettopp om h\u00e5rvekst, ble hun overveldet.<\/p>\n<p class=\"font-weight-bold m-font-weight-bold\" data-lab-font_weight=\"font-weight-bold\">&#8211; Jeg begynte \u00e5 gr\u00e5te, forteller hun.\u00a0<\/p>\n<p>&#8211; S\u00e5 dette var rett og slett skikkelig fint!<\/p>\n<p class=\"font-weight-bold m-font-weight-bold\" data-lab-font_weight=\"font-weight-bold\">&#8211; Det \u00e5 kunne se seg selv representert er viktig. S\u00e5 heia denne kampanjen og et rungende \u00abja\u00bb til mye mer av dette.\u00a0<\/p>\n<p>&#8211; S\u00e5 er det bare \u00e5 h\u00e5pe at dette ikke er et blaff, men noe som er kommet for \u00e5 bli.<\/p>\n<p class=\"font-weight-bold m-font-weight-bold\" data-lab-font_weight=\"font-weight-bold\">Ja, for man vet jo aldri. For inntil bare noen \u00e5r siden var det fint lite mangfold \u00e5 spore i motebransjen. Men s\u00e5 var det som om noe skjedde. Mangfold og inkludering ble satt p\u00e5 agendaen.\u00a0<\/p>\n<p>    <a itemprop=\"url\" href=\"https:\/\/www.dagbladet.no\/mote-og-livsstil\/forhatt-plagg-tilbake\/83690119\" rel=\"nofollow noopener\" target=\"_blank\"><\/p>\n<p>      <img loading=\"lazy\" decoding=\"async\" src=\"https:\/\/www.europesays.com\/no\/wp-content\/uploads\/2025\/11\/1762778031_822_83690167.webp\" width=\"980\" height=\"441\" title=\"Forhatt plagg: Tilbake\" alt=\"\" class=\"lazyload\" style=\"--aspect-ratio-image: 2.22; \"\/><\/p>\n<p>        Forhatt plagg: Tilbake<\/p>\n<p>    <\/a><\/p>\n<p class=\"font-weight-bold m-font-weight-bold\" data-lab-font_weight=\"font-weight-bold\">N\u00e5 kan det virke som om det er i ferd med \u00e5 g\u00e5 i feil retning igjen. Som om det har v\u00e6rt ett skritt fram og to tilbake.<\/p>\n<p data-lab-font_weight=\"\">Og grunnen? Et konservativt skifte som ogs\u00e5 p\u00e5virker motebransjen, naturlig nok.<\/p>\n<p data-lab-font_weight=\"\">En mye omtalt tynnb\u00f8lge tvunget fram av trender som eksplisitt spiller p\u00e5 kropp, som 90- og 2000-tallets skinny jeans og kort-korte magetopper.\u00a0<\/p>\n<p class=\"font-weight-bold m-font-weight-bold\" data-lab-font_weight=\"font-weight-bold\">Ja, og slankespr\u00f8yter som Ozempic, da.<\/p>\n<p>          <img loading=\"lazy\" decoding=\"async\" src=\"https:\/\/www.europesays.com\/no\/wp-content\/uploads\/2025\/11\/83824544.webp\" width=\"686\" height=\"536\" title=\"ROS: Carina Carlsen roser kleskjeden for mangfold. Foto: Privat\" alt=\"\" class=\"\" style=\"--aspect-ratio-image: 1.28; \"\/><\/p>\n<p>\n          ROS: Carina Carlsen roser kleskjeden for mangfold. Foto: Privat\n      <\/p>\n<p class=\"font-weight-bold m-font-weight-bold\" data-lab-font_weight=\"font-weight-bold\">Hvordan det vil p\u00e5virke motebransjens mangfoldsarbeid s\u00e5 langt, er usikkert.\u00a0<\/p>\n<p>Men noen synes allerede \u00e5 ha gjort mangfold til en integrert del av det hele.<\/p>\n<p>    <a itemprop=\"url\" href=\"https:\/\/www.dagbladet.no\/mote-og-livsstil\/har-aldri-pratet-om-det-for\/83787930\" rel=\"nofollow noopener\" target=\"_blank\"><\/p>\n<p>      <img loading=\"lazy\" decoding=\"async\" src=\"https:\/\/www.europesays.com\/no\/wp-content\/uploads\/2025\/11\/83788683.webp\" width=\"980\" height=\"441\" title=\"- Har aldri pratet om det f\u00f8r\" alt=\"\" class=\"lazyload\" style=\"--aspect-ratio-image: 2.22; \"\/><\/p>\n<p>        &#8211; Har aldri pratet om det f\u00f8r<\/p>\n<p>    <\/a><\/p>\n<p>Det er for \u00f8vrig ikke f\u00f8rste gang den svenske kleskjeden hylles for sitt mangfoldsarbeid. B\u00e5de alder, kropp, hudfarge og modeller med ulike fysiske funksjonsutfordringer er representert.<\/p>\n<p class=\"font-weight-bold m-font-weight-bold\" data-lab-font_weight=\"font-weight-bold\">Det er de ikke alene om. Men de er likevel unntaket som bekrefter den ber\u00f8mmelige regelen i en motebransje som igjen virker \u00e5 g\u00e5 i helt feil retning.<\/p>\n<p>&#8211; Inkludering og mangfold er en selvf\u00f8lge for oss, og vi \u00f8nsker at alle skal kunne kjenne seg igjen i v\u00e5r kommunikasjon. Vi h\u00e5per etter hvert \u00e5 kunne bidra til \u00e5 endre bildet av stereotype idealer og utvide representasjonen innen mote, sier Lindex&#8217; kommunikasjonsansvarlig.<\/p>\n<p>          <img loading=\"lazy\" decoding=\"async\" src=\"https:\/\/www.europesays.com\/no\/wp-content\/uploads\/2025\/11\/83824553.webp\" width=\"686\" height=\"858\" title=\"HYLLES: Den svenske kleskjeden er ikke fremmed for \u00e5 fronte nettopp mangfold i sine kampanjer. Foto: Lindex\" alt=\"\" class=\"\" style=\"--aspect-ratio-image: 0.80; \"\/><\/p>\n<p>\n          HYLLES: Den svenske kleskjeden er ikke fremmed for \u00e5 fronte nettopp mangfold i sine kampanjer. Foto: Lindex\n      <\/p>\n<p class=\"font-weight-bold m-font-weight-bold\" data-lab-font_weight=\"font-weight-bold\">Og de har ingen planer om \u00e5 gi seg n\u00e5.<\/p>\n<p>&#8211; Som en stor akt\u00f8r i motebransjen p\u00e5virker vi kvinners hverdag gjennom v\u00e5r kommunikasjon og hvordan vi opptrer som selskap. Vi vet at mange kvinner p\u00e5virkes negativt av usunne skj\u00f8nnhetsidealer, og derfor er det selvsagt for oss \u00e5 bruke plattformen v\u00e5r til \u00e5 v\u00e6re en positiv kraft, sier Hermansson.<\/p>\n<p>    <a itemprop=\"url\" href=\"https:\/\/www.dagbladet.no\/mote-og-livsstil\/har-kommet-til-norge\/83785223\" rel=\"nofollow noopener\" target=\"_blank\"><\/p>\n<p>      <img loading=\"lazy\" decoding=\"async\" src=\"https:\/\/www.europesays.com\/no\/wp-content\/uploads\/2025\/11\/1762778035_744_83794523.webp\" width=\"980\" height=\"441\" title=\"Har kommet  til Norge\" alt=\"\" class=\"lazyload\" style=\"--aspect-ratio-image: 2.22; \"\/><\/p>\n<p>        Har kommet  til Norge<\/p>\n<p>    <\/a><\/p>\n<p>&#8211; Vi jobber aktivt med ulike initiativer for \u00e5 utvide inkluderingen og \u00f8ke mangfoldet, og det kommer vi definitivt til \u00e5 fortsette med.<\/p>\n<p>Denne saken ble f\u00f8rst publisert i\u00a0<a href=\"https:\/\/www.kk.no\/mote\/klesgiganten-hylles-for-dette\/83758087\" target=\"_blank\" rel=\"nofollow noopener\">KK<\/a>, som i likhet med Dagbladet eies av Aller Media.<\/p>\n","protected":false},"excerpt":{"rendered":"Det kan av og til virke som om det har v\u00e6rt ett skritt fram og to tilbake for&hellip;\n","protected":false},"author":2,"featured_media":83318,"comment_status":"","ping_status":"","sticky":false,"template":"","format":"standard","meta":{"footnotes":""},"categories":[5],"tags":[20,21,24,25,15,19,22,23,11196,17,18,2142,10496,13,30,28,29,14,16,26,27],"class_list":{"0":"post-83317","1":"post","2":"type-post","3":"status-publish","4":"format-standard","5":"has-post-thumbnail","7":"category-overskrifter","8":"tag-breaking-news","9":"tag-breakingnews","10":"tag-featured-news","11":"tag-featurednews","12":"tag-headlines","13":"tag-hovedoppslag","14":"tag-latest-news","15":"tag-latestnews","16":"tag-lindex","17":"tag-main-news","18":"tag-mainnews","19":"tag-mangfold","20":"tag-mote-og-livsstil","21":"tag-news","22":"tag-no","23":"tag-norge","24":"tag-norway","25":"tag-nyheter","26":"tag-overskrifter","27":"tag-top-stories","28":"tag-topstories"},"share_on_mastodon":{"url":"https:\/\/pubeurope.com\/@no\/115525429930574967","error":""},"_links":{"self":[{"href":"https:\/\/www.europesays.com\/no\/wp-json\/wp\/v2\/posts\/83317","targetHints":{"allow":["GET"]}}],"collection":[{"href":"https:\/\/www.europesays.com\/no\/wp-json\/wp\/v2\/posts"}],"about":[{"href":"https:\/\/www.europesays.com\/no\/wp-json\/wp\/v2\/types\/post"}],"author":[{"embeddable":true,"href":"https:\/\/www.europesays.com\/no\/wp-json\/wp\/v2\/users\/2"}],"replies":[{"embeddable":true,"href":"https:\/\/www.europesays.com\/no\/wp-json\/wp\/v2\/comments?post=83317"}],"version-history":[{"count":0,"href":"https:\/\/www.europesays.com\/no\/wp-json\/wp\/v2\/posts\/83317\/revisions"}],"wp:featuredmedia":[{"embeddable":true,"href":"https:\/\/www.europesays.com\/no\/wp-json\/wp\/v2\/media\/83318"}],"wp:attachment":[{"href":"https:\/\/www.europesays.com\/no\/wp-json\/wp\/v2\/media?parent=83317"}],"wp:term":[{"taxonomy":"category","embeddable":true,"href":"https:\/\/www.europesays.com\/no\/wp-json\/wp\/v2\/categories?post=83317"},{"taxonomy":"post_tag","embeddable":true,"href":"https:\/\/www.europesays.com\/no\/wp-json\/wp\/v2\/tags?post=83317"}],"curies":[{"name":"wp","href":"https:\/\/api.w.org\/{rel}","templated":true}]}}