{"id":83329,"date":"2025-11-10T12:48:24","date_gmt":"2025-11-10T12:48:24","guid":{"rendered":"https:\/\/www.europesays.com\/no\/83329\/"},"modified":"2025-11-10T12:48:24","modified_gmt":"2025-11-10T12:48:24","slug":"mosjoen-vefsn-jenta-som-forsvant-i-mosjoen-i-natt-er-funnet","status":"publish","type":"post","link":"https:\/\/www.europesays.com\/no\/83329\/","title":{"rendered":"Mosj\u00f8en, Vefsn | Jenta som forsvant i Mosj\u00f8en i natt er funnet"},"content":{"rendered":"\n<p>Natt til mandag iverksatte politiet en leteaksjon etter ei 12 \u00e5r gammel jente i Mosj\u00f8en. Det ble lett med egne og frivillige mannskaper gjennom natta og i morgentimene.<\/p>\n<p>Klokken 08:56 melder operasjonsleder Thomas Jarn\u00e6s Coe at jenta er funnet. Hun er noe nedkj\u00f8lt, men i god behold og blir n\u00e5 ivaretatt av helsepersonell.<\/p>\n<p>Det var frivillige letemannskaper fra Norske Redningshunder som fant jenta.<\/p>\n<p>\u2013 Det har v\u00e6rt en stor leteaksjon med store omr\u00e5der som er avs\u00f8kt gjennom natta og morgentimene, melder operasjonslederen i politiloggen.<\/p>\n<p>Politiet er sv\u00e6rt forn\u00f8yd med hjelpen fra de frivillige og \u00f8nsker \u00e5 rette en stor takk for arbeidet som gjorde at dette endte godt.<\/p>\n<p>  <a href=\"https:\/\/www.helg.no\/5-24-1111237\" class=\"related-teaser has-image default-story-teaser article--c-eRUmMG article--c-eRUmMG-jKCPdD-design-default\" rel=\"nofollow noopener\" target=\"_blank\"><\/p>\n<p>    <img decoding=\"async\" loading=\"lazy\"  src=\"https:\/\/www.europesays.com\/no\/wp-content\/uploads\/2025\/11\/1762778904_487_IMG-7634.jpg\" alt=\"\" class=\"brick-c-cFOWSL\" style=\"\"\/><\/p>\n<p>\n            Les ogs\u00e5<\/p>\n<p>              S\u00f8ket etter savnet jente: Ber alle som har observert lettkledd jente om \u00e5 kontakte politiet\n        <\/p>\n<p>  <\/a><\/p>\n<p>  <a href=\"https:\/\/www.helg.no\/5-24-1111236\" class=\"related-teaser default-story-teaser article--c-eRUmMG article--c-eRUmMG-jKCPdD-design-default article--c-eRUmMG-kpKLOW-cv\" rel=\"nofollow noopener\" target=\"_blank\"><\/p>\n<p>\n            Les ogs\u00e5<\/p>\n<p>              Leteaksjon i Mosj\u00f8en etter 12 \u00e5r gammel jente\n        <\/p>\n<p>  <\/a><\/p>\n","protected":false},"excerpt":{"rendered":"Natt til mandag iverksatte politiet en leteaksjon etter ei 12 \u00e5r gammel jente i Mosj\u00f8en. Det ble lett&hellip;\n","protected":false},"author":2,"featured_media":4133,"comment_status":"","ping_status":"","sticky":false,"template":"","format":"standard","meta":{"footnotes":""},"categories":[5],"tags":[36,20,21,24,25,15,19,22,23,170,17,18,1068,13,30,28,29,14,16,1510,26,27,1203],"class_list":{"0":"post-83329","1":"post","2":"type-post","3":"status-publish","4":"format-standard","5":"has-post-thumbnail","7":"category-overskrifter","8":"tag-art","9":"tag-breaking-news","10":"tag-breakingnews","11":"tag-featured-news","12":"tag-featurednews","13":"tag-headlines","14":"tag-hovedoppslag","15":"tag-latest-news","16":"tag-latestnews","17":"tag-leteaksjon","18":"tag-main-news","19":"tag-mainnews","20":"tag-mosjoen","21":"tag-news","22":"tag-no","23":"tag-norge","24":"tag-norway","25":"tag-nyheter","26":"tag-overskrifter","27":"tag-story","28":"tag-top-stories","29":"tag-topstories","30":"tag-vefsn"},"share_on_mastodon":{"url":"https:\/\/pubeurope.com\/@no\/115525484989198451","error":""},"_links":{"self":[{"href":"https:\/\/www.europesays.com\/no\/wp-json\/wp\/v2\/posts\/83329","targetHints":{"allow":["GET"]}}],"collection":[{"href":"https:\/\/www.europesays.com\/no\/wp-json\/wp\/v2\/posts"}],"about":[{"href":"https:\/\/www.europesays.com\/no\/wp-json\/wp\/v2\/types\/post"}],"author":[{"embeddable":true,"href":"https:\/\/www.europesays.com\/no\/wp-json\/wp\/v2\/users\/2"}],"replies":[{"embeddable":true,"href":"https:\/\/www.europesays.com\/no\/wp-json\/wp\/v2\/comments?post=83329"}],"version-history":[{"count":0,"href":"https:\/\/www.europesays.com\/no\/wp-json\/wp\/v2\/posts\/83329\/revisions"}],"wp:featuredmedia":[{"embeddable":true,"href":"https:\/\/www.europesays.com\/no\/wp-json\/wp\/v2\/media\/4133"}],"wp:attachment":[{"href":"https:\/\/www.europesays.com\/no\/wp-json\/wp\/v2\/media?parent=83329"}],"wp:term":[{"taxonomy":"category","embeddable":true,"href":"https:\/\/www.europesays.com\/no\/wp-json\/wp\/v2\/categories?post=83329"},{"taxonomy":"post_tag","embeddable":true,"href":"https:\/\/www.europesays.com\/no\/wp-json\/wp\/v2\/tags?post=83329"}],"curies":[{"name":"wp","href":"https:\/\/api.w.org\/{rel}","templated":true}]}}