{"id":83348,"date":"2025-11-10T13:03:10","date_gmt":"2025-11-10T13:03:10","guid":{"rendered":"https:\/\/www.europesays.com\/no\/83348\/"},"modified":"2025-11-10T13:03:10","modified_gmt":"2025-11-10T13:03:10","slug":"wirtz-er-et-problem","status":"publish","type":"post","link":"https:\/\/www.europesays.com\/no\/83348\/","title":{"rendered":"\u2013 Wirtz er et problem"},"content":{"rendered":"\n<p class=\"_lead_o9xde_2 _lead_xtcu6_50 layout-component text-serif-m layout-normal text-serif-l layout-component layout-wide layout-padded _wide_17hqh_1 layout-padded\">Florian Wirtz (22) kostet Liverpool skjorta, men klarer enn s\u00e5 lenge ikke \u00e5 levere m\u00e5lpoeng.<\/p>\n<p><img alt=\"SLITER:: Liverpools Florian Wirtz (h\u00f8yre), her i duell med Manchester Citys Jeremy Doku i storkampen mellom de to lagene s\u00f8ndag. Foto: Nick Potts \/ Pa Photos \/ NTB\" class=\"_image_qp4xg_65 layout-component layout-wide\" data-fullscreen- data-track-element-type=\"Article image fullscreen\" data-track-name=\"ImageFullscreen\" fetchpriority=\"high\" decoding=\"sync\" loading=\"eager\" height=\"3934\" itemprop=\"image\"  src=\"https:\/\/www.europesays.com\/no\/wp-content\/uploads\/2025\/11\/06389481-e357-4aff-8f2c-1e9aab13c1fc\"  style=\"object-position:0% 0%\" width=\"5900\"\/>SLITER:: Liverpools Florian Wirtz (h\u00f8yre), her i duell med Manchester Citys Jeremy Doku i storkampen mellom de to lagene s\u00f8ndag. Foto: Nick Potts \/ Pa Photos \/ NTB<\/p>\n<ul aria-hidden=\"true\" class=\"_images_18f0k_111\">\n<li><a class=\"_link_18f0k_116\" href=\"https:\/\/www.vg.no\/forfatter\/mikal-aaserud\" style=\"z-index:1\" title=\"Mikal Emil Aaserud\" rel=\"nofollow noopener\" target=\"_blank\"><img alt=\"Bilde av Mikal Emil Aaserud\" class=\"_image_18f0k_93\" fetchpriority=\"low\" loading=\"lazy\" decoding=\"async\" itemprop=\"image\"  src=\"https:\/\/www.europesays.com\/no\/wp-content\/uploads\/2025\/11\/1762779789_133_1f4bb18c-b7b1-46ba-9b49-79ae6afd7bbd\"  width=\"480\"\/><\/a><\/li>\n<\/ul>\n<p> Oppdatert mandag 10. november kl. 13:40    <\/p>\n<ul class=\"_list_o9xde_3 _list_64s2r_85 _unordered_o9xde_106 text-sans-m\">\n<li class=\"_item_o9xde_30\">Liverpool brukte over en milliard kroner p\u00e5 Florian Wirtz, men han har enda ikke levert verken m\u00e5l eller m\u00e5lgivende pasninger i Premier League.<\/li>\n<li class=\"_item_o9xde_30\">Etter 3-0-tapet mot Manchester City f\u00e5r Wirtz krass kritikk av eksperten Gary Neville.<\/li>\n<li class=\"_item_o9xde_30\">Arsene Wenger mener Liverpool har beg\u00e5tt en feil ved \u00e5 spille Wirtz i en s\u00e5kalt nummer 10-rolle.<\/li>\n<\/ul>\n<p>Vis mer <\/p>\n<p class=\"_paragraph_o9xde_4 _paragraph_xtcu6_10 layout-component text-serif-m layout-normal text-serif-m layout-padded\">Etter det ydmykende 3-0-tapet mot Manchester City \u2013 som <a href=\"https:\/\/www.vg.no\/sport\/i\/KMEl57\/premier-league-ekspertene-er-naadeloese-mot-arne-slot-og-liverpool-etter-03-tapet-mot-manchester-city\" data-track-element-type=\"Link\" data-track-id=\"link:KMEl57\" class=\"_link_o9xde_39\" rel=\"nofollow noopener\" target=\"_blank\">Liverpool d\u00f8mmes nord og ned for<\/a> \u2013 tok Sky Sports-ekspert Gary Neville for seg tyskerens prestasjoner denne sesongen:<\/p>\n<p class=\"_paragraph_o9xde_4 _paragraph_xtcu6_10 layout-component text-serif-m layout-normal text-serif-m layout-padded\"><strong class=\"_strong_o9xde_25\">\u2013 Wirtz er et problem, sl\u00e5r Neville fast i sin egen podkast, omtalt av <a href=\"https:\/\/www.skysports.com\/football\/news\/29326\/13467670\/florian-wirtz-liverpools-lb116m-summer-signing-a-problem-for-arne-slot-according-to-gary-neville\" class=\"_link_o9xde_39\" rel=\"nofollow noopener\" target=\"_blank\">Sky Sports<\/a>.<\/strong><\/p>\n<p class=\"_paragraph_o9xde_4 _paragraph_xtcu6_10 layout-component text-serif-m layout-normal text-serif-m layout-padded\">Wirtz kostet nesten halvannen milliard norske kronerhalvannen milliard norske kroner116 millioner pund, men har slitt i <a href=\"https:\/\/www.vg.no\/tag\/liverpool?utm_source=vg-article&amp;utm_medium=auto-tagger&amp;utm_campaign=B07v5e\" class=\"_link_o9xde_39\" rel=\"nofollow noopener\" target=\"_blank\">Liverpool<\/a>-tr\u00f8ya <a href=\"https:\/\/www.vg.no\/sport\/i\/PplV9b\/gigantsignering-i-boks-for-liverpool-henter-florian-wirtz-fra-leverkusen\" data-track-element-type=\"Link\" data-track-id=\"link:PplV9b\" class=\"_link_o9xde_39\" rel=\"nofollow noopener\" target=\"_blank\">siden overgangen fra Bayer Leverkusen i sommer<\/a>.<\/p>\n<p class=\"_paragraph_o9xde_4 _paragraph_xtcu6_10 layout-component text-serif-m layout-normal text-serif-m layout-padded\">Men s\u00e5 langt har det resultert i null m\u00e5l og null m\u00e5lgivende p\u00e5 11 kamper i Premier League.<\/p>\n<p class=\"_paragraph_o9xde_4 _paragraph_xtcu6_10 layout-component text-serif-m layout-normal text-serif-m layout-padded\">En statistikk som ikke g\u00e5r ubemerket hen p\u00e5 ball\u00f8ya n\u00e5r man spiller i en kreativ nummer 10-posisjonnummer 10-posisjonTier-posisjonen er gjerne en litt fri rolle bak spissen. Med andre ord en litt fremskutt midtbanespiller eller en spiss nummer to i et lag. .<\/p>\n<p class=\"_paragraph_o9xde_4 _paragraph_xtcu6_10 layout-component text-serif-m layout-normal text-serif-m layout-padded\">\u2013 La oss bare si det som det er: Det er et problem. Han kostet over 100 millioner pund og for \u00e5 v\u00e6re \u00e6rlig, s\u00e5 sa jeg for et par uker siden at KerkezKerkezLiverpool-backen Milos Kerkez s\u00e5 ut som en liten gutt der ute. N\u00e5 synes jeg Wirtz s\u00e5 ut som en liten gutt. S\u00e5nn kan det ikke v\u00e6re, sier Neville.<\/p>\n<p class=\"_paragraph_o9xde_4 _paragraph_xtcu6_10 layout-component text-serif-m layout-normal text-serif-m layout-padded\">Det finnes \u00abformildende\u00bb grunner til at Wirtz ikke har klart \u00e5 levere godt for Liverpool, mener Neville.<\/p>\n<p class=\"_paragraph_o9xde_4 _paragraph_xtcu6_10 layout-component text-serif-m layout-normal text-serif-m layout-padded\">Som at han er ung og har kommet til et nytt land. Men eksperten p\u00e5peker igjen Wirtz\u2019 prislapp.<\/p>\n<p class=\"_paragraph_o9xde_4 _paragraph_xtcu6_10 layout-component text-serif-m layout-normal text-serif-m layout-padded\">\u2013 Du m\u00e5 snart vise deg frem.<\/p>\n<p><img decoding=\"async\" alt=\"Bilde av Gary Neville\" class=\"_image_ygndg_42\" height=\"27\" itemprop=\"image\" loading=\"lazy\"  src=\"https:\/\/www.europesays.com\/no\/wp-content\/uploads\/2025\/11\/1e5c12aa-d2d7-498f-91ad-c77fb1b8354b\"  width=\"40\"\/><strong class=\"_name_ygndg_51 title-serif-xs\">Gary Neville<\/strong><\/p>\n<p class=\"_paragraph_o9xde_4 text-sans-m _description_ygndg_56\">Fotballekspert<\/p>\n<p class=\"_paragraph_o9xde_4 _paragraph_xtcu6_10 layout-component text-serif-m layout-normal text-serif-m layout-padded\">Wirtz\u2019 prestasjoner ble debattert sist uke f\u00f8r kampen mot Manchester City ogs\u00e5.<\/p>\n<p class=\"_paragraph_o9xde_4 _paragraph_xtcu6_10 layout-component text-serif-m layout-normal text-serif-m layout-padded\">Managerlegenden Arsene Wenger, som ledet Arsenal i en \u00e5rrekke, mener Liverpool har gjort en stor tabbe ved \u00e5 la Wirtz spiller i tierrollen.<\/p>\n<p class=\"_paragraph_o9xde_4 _paragraph_xtcu6_10 layout-component text-serif-m layout-normal text-serif-m layout-padded\">Han mener det har \u00f8delagt den gode rytmen og dynamikken som de hadde p\u00e5 midtbanen i 2024\/2025-sesongen da de ble ligamestere.<\/p>\n<p class=\"_paragraph_o9xde_4 _paragraph_xtcu6_10 layout-component text-serif-m layout-normal text-serif-m layout-padded\">Se sammenligningen sofascore.com har gjort p\u00e5 Wirtz\u2019 kamper fra Bundesliga sist sesong og Premier League s\u00e5 langt. <\/p>\n<p><img alt=\"\" class=\"_image_qp4xg_65 layout-component layout-normal\" data-fullscreen- data-track-element-type=\"Article image fullscreen\" data-track-name=\"ImageFullscreen\" decoding=\"async\" loading=\"lazy\" height=\"2560\" itemprop=\"image\"  src=\"https:\/\/www.europesays.com\/no\/wp-content\/uploads\/2025\/11\/237452c8-3335-487c-b3dd-d7cb0afed5c1\"  style=\"object-position:0% 0%\" width=\"2048\"\/><\/p>\n<p class=\"_paragraph_o9xde_4 _paragraph_xtcu6_10 layout-component text-serif-m layout-normal text-serif-m layout-padded\">Sist sesong besto den av Alexis Mac Allister, Dominik Szoboszlai og Ryan Gravenberch og de f\u00e5 gangene nettopp denne trioen har spilt sammen denne sesongende f\u00e5 gangene nettopp denne trioen har spilt sammen denne sesongenSzoboszlai, Gravenberch og Mac Allister startet p\u00e5 midtbanen i seirene mot b\u00e5de Aston Villa og Real Madrid, de to kampene f\u00f8r det stygge tapet for Manchester City sist s\u00f8ndag., har det g\u00e5tt bra for Liverpool. <\/p>\n<p class=\"_paragraph_o9xde_4 _paragraph_xtcu6_10 layout-component text-serif-m layout-normal text-serif-m layout-padded\">\u2013 Liverpool er et interessant eksempel. Da Wirtz hadde valget mellom \u00e5 g\u00e5 til Bayern M\u00fcnchen og Liverpool, sa han til Liverpool: \u00abJeg kommer til dere om jeg f\u00e5r spille som nummer ti. Jeg vil ikke spille bredt i banenspille bredt i banenMed bredt i banen mener Wenger som kant\/ving.\u00bb. Liverpool sa \u00abgreit\u00bb, bare for \u00e5 f\u00e5 ham, hevdet Wenger.<\/p>\n<p><img decoding=\"async\" alt=\"Bilde av Arsene Wenger\" class=\"_image_ygndg_42\" height=\"30\" itemprop=\"image\" loading=\"lazy\"  src=\"https:\/\/www.europesays.com\/no\/wp-content\/uploads\/2025\/11\/047121f9-2a8a-47e4-8f4b-356d67e7f456\"  width=\"40\"\/><strong class=\"_name_ygndg_51 title-serif-xs\">Arsene Wenger<\/strong><\/p>\n<p class=\"_paragraph_o9xde_4 text-sans-m _description_ygndg_56\">Eks Arsenal-amanger og ekspert<\/p>\n<p class=\"_paragraph_o9xde_4 _paragraph_xtcu6_10 layout-component text-serif-m layout-normal text-serif-m layout-padded\">Derfor konkluderte Wenger slik:<\/p>\n<p class=\"_paragraph_o9xde_4 _paragraph_xtcu6_10 layout-component text-serif-m layout-normal text-serif-m layout-padded\">\u2013 De startet med ham og \u00f8dela midtbanen sin.<\/p>\n<p class=\"_paragraph_o9xde_4 _paragraph_xtcu6_10 layout-component text-serif-m layout-normal text-serif-m layout-padded\">Den vanskelige Wirtz-starten f\u00f8rte til at pappa Hanz gjorde et intervju med den tyske avisen Bild sist uke.<\/p>\n<p class=\"_paragraph_o9xde_4 _paragraph_xtcu6_10 layout-component text-serif-m layout-normal text-serif-m layout-padded\">Uttalelsene ble videreformidlet av <a href=\"https:\/\/www.dailymail.co.uk\/sport\/football\/article-15269837\/Florian-Wirtzs-dad-Liverpool-116million.html\" class=\"_link_o9xde_39\" rel=\"nofollow noopener\" target=\"_blank\">Daily Mail <\/a>og Hans Wirtz forteller at s\u00f8nnen har \u00f8nsket \u00e5 se an hvordan de f\u00f8rste ti ligakampene gikk, men innr\u00f8mmer at Premier League er en arena med \u00abutrolig tempo\u00bb.<\/p>\n<p class=\"_paragraph_o9xde_4 _paragraph_xtcu6_10 layout-component text-serif-m layout-normal text-serif-m layout-padded\">\u2013 Avstandene som spillerne dekker og tempoet er vesentlig bedre. M\u00e5ten \u00e5 spille p\u00e5 er til tider enormt annerledes fordi det ser ikke veldig organisert ut, men er mer fokusert p\u00e5 fart.<\/p>\n<p class=\"_paragraph_o9xde_4 _paragraph_xtcu6_10 layout-component text-serif-m layout-normal text-serif-m layout-padded\">Slot har ogs\u00e5 kommentert posisjonen til Wirtz.<\/p>\n<p class=\"_paragraph_o9xde_4 _paragraph_xtcu6_10 layout-component text-serif-m layout-normal text-serif-m layout-padded\">\u2013 Han kan spille til venstre, slik han gjorde nesten hele tiden i Leverkusen. F\u00f8r det spilte han som nummer 10 i en 4-3-3-formasjon. Det handler mer om \u00e5 f\u00e5 ham i posisjoner hvor han er god, enn \u00e5 v\u00e6re fokusert p\u00e5 om han er en \u00abnummer 10, er han en nummer 11, er han en \u00e5tteren \u00e5tterMed en \u00e5tter, det vil si posisjonen som nummer \u00e5tte p\u00e5 banen, henviser gjerne til en midtbanerolle som indrel\u00f8per. Man sier gjerne at en \u00e5tter b\u00f8r ha noen egenskaper som \u00e5 l\u00f8pe fra 16 meter til 16 meter, det vil si v\u00e6re b\u00e5de m\u00e5lfarlig, men ogs\u00e5 ta stort defensivt ansvar.?\u00bb, kommenterte Slot, if\u00f8lge Daily Mail.<\/p>\n","protected":false},"excerpt":{"rendered":"Florian Wirtz (22) kostet Liverpool skjorta, men klarer enn s\u00e5 lenge ikke \u00e5 levere m\u00e5lpoeng. SLITER:: Liverpools Florian&hellip;\n","protected":false},"author":2,"featured_media":83349,"comment_status":"","ping_status":"","sticky":false,"template":"","format":"standard","meta":{"footnotes":""},"categories":[59],"tags":[7929,1848,30,28,29,161,83,82],"class_list":{"0":"post-83348","1":"post","2":"type-post","3":"status-publish","4":"format-standard","5":"has-post-thumbnail","7":"category-sport","8":"tag-florian-wirtz","9":"tag-liverpool","10":"tag-no","11":"tag-norge","12":"tag-norway","13":"tag-premier-league","14":"tag-sport","15":"tag-sports"},"share_on_mastodon":{"url":"https:\/\/pubeurope.com\/@no\/115525544072164370","error":""},"_links":{"self":[{"href":"https:\/\/www.europesays.com\/no\/wp-json\/wp\/v2\/posts\/83348","targetHints":{"allow":["GET"]}}],"collection":[{"href":"https:\/\/www.europesays.com\/no\/wp-json\/wp\/v2\/posts"}],"about":[{"href":"https:\/\/www.europesays.com\/no\/wp-json\/wp\/v2\/types\/post"}],"author":[{"embeddable":true,"href":"https:\/\/www.europesays.com\/no\/wp-json\/wp\/v2\/users\/2"}],"replies":[{"embeddable":true,"href":"https:\/\/www.europesays.com\/no\/wp-json\/wp\/v2\/comments?post=83348"}],"version-history":[{"count":0,"href":"https:\/\/www.europesays.com\/no\/wp-json\/wp\/v2\/posts\/83348\/revisions"}],"wp:featuredmedia":[{"embeddable":true,"href":"https:\/\/www.europesays.com\/no\/wp-json\/wp\/v2\/media\/83349"}],"wp:attachment":[{"href":"https:\/\/www.europesays.com\/no\/wp-json\/wp\/v2\/media?parent=83348"}],"wp:term":[{"taxonomy":"category","embeddable":true,"href":"https:\/\/www.europesays.com\/no\/wp-json\/wp\/v2\/categories?post=83348"},{"taxonomy":"post_tag","embeddable":true,"href":"https:\/\/www.europesays.com\/no\/wp-json\/wp\/v2\/tags?post=83348"}],"curies":[{"name":"wp","href":"https:\/\/api.w.org\/{rel}","templated":true}]}}