{"id":83361,"date":"2025-11-10T13:22:09","date_gmt":"2025-11-10T13:22:09","guid":{"rendered":"https:\/\/www.europesays.com\/no\/83361\/"},"modified":"2025-11-10T13:22:09","modified_gmt":"2025-11-10T13:22:09","slug":"flertall-for-a-sla-sammen-skolene-pa-stranda-og-i-sykkylven-smp-no","status":"publish","type":"post","link":"https:\/\/www.europesays.com\/no\/83361\/","title":{"rendered":"Flertall for \u00e5 sl\u00e5 sammen skolene p\u00e5 Stranda og i Sykkylven &#8211; smp.no"},"content":{"rendered":"<ol>\n<li><a href=\"https:\/\/news.google.com\/rss\/articles\/CBMinwFBVV95cUxPNFBzemdQM0dORC1GM1ZoWU5tRHdqdVFqdGFQQU5UdktqTEU0Q0hXTHJhdWlfN1h1dVpoYUZ6dzNvRUpwSGlSY0Z6N2RJblE5SElicVE5STRvMWh4LWl2NjZ2LWNPZ0tJOFhZTEkzWWpVRkN2em1nNmVMNnN2N0xKZ1FVRk4zRk94X3U0WVp0bHdOVXI2RExkWmxnalhTNkE?oc=5\" target=\"_blank\" rel=\"nofollow noopener\">Flertall for \u00e5 sl\u00e5 sammen skolene p\u00e5 Stranda og i Sykkylven<\/a>&nbsp;&nbsp;smp.no<\/li>\n<li><a href=\"https:\/\/news.google.com\/rss\/articles\/CBMijAFBVV95cUxOUk96Qk1saTUxRi15Ri03aGVKTHdXaUJhVnJETzhGVm5WWk85SHJURkhycGtWTVl1aC0tN192T1kzUUg0alIzV2E3SnNMT2dWcjhZZVdoWnpBWUdDcDNvT210aDRkS3NHbExuSjFxRkVPQ2MwMlIwYWVhUlpRb0xSUU1LZWtBcTVIOFpkRA?oc=5\" target=\"_blank\" rel=\"nofollow noopener\">Sterke reaksjoner: \u2013 Vi er redde for elevene v\u00e5re<\/a>&nbsp;&nbsp;driva.no<\/li>\n<li><a href=\"https:\/\/news.google.com\/rss\/articles\/CBMid0FVX3lxTE03ZUdWNDdkbnNIRks1dFZYZUZ0bWZhdy15RE5lU1ZFbGprSWQtOXp3Ny0xaHpybk9yaWxsdlM4YjRvaFB4YW9RXzQzdFlBVXF0YjVxeDdhYVU5UkxzYWp0aDJIUloxcmUzTTQxMjdqSEhaQjJJYllz?oc=5\" target=\"_blank\" rel=\"nofollow noopener\">Budsjettoverraskelse: F\u00e5r nytt tilbud<\/a>&nbsp;&nbsp;rbnett.no<\/li>\n<li><a href=\"https:\/\/news.google.com\/rss\/articles\/CBMi2gFBVV95cUxQcWlIdGo1Z1NSV2lvQUtCOTJJcGRhMGtfRm5VazJHSnpRSzJvR1JuaGwyN1BocWRCQ1VZSHNzUloyYTMySDNQOTlwNGoxNXI5Wkx4NnlPQVpWZ2FHNk1Ha0RhTXNvUGdodE9sUUwwdGU3Q3ZoSG1iSy1RaU1oRVM2VzF0NlY1Rk1YX0I5MHU2ZmlsSEpYRUU0STctVloyNERQdDBNX1RyT3NKQlgtSXcxMVRPX0gxM2F4cU5EaS1IendFa2R6WTFtY29INVNiQk1VYV9qOENJWEo1QQ?oc=5\" target=\"_blank\" rel=\"nofollow noopener\">(+) Skeptiske til sammensl\u00e5ing: \u2013 Frykter slutten for videreg\u00e5ende i Tingvoll<\/a>&nbsp;&nbsp;Aura Avis<\/li>\n<li><a href=\"https:\/\/news.google.com\/rss\/articles\/CBMinwFBVV95cUxQZVNtZUxiWTlsYmNiR0c4RWVkTkg5b1JCeGN1VktmYXF0Y2JabWEzcGI4NnFhMFhjdzNMekJwRmJLOUlWRTVvZVRuVk9zbVBrMmx2X2hDS3U3czhLQ3h1M1paQjZWcEVkejJWNnZsYkV2eHNIVDkzSGtIWHJ4SFBEVHBQQ05Va2xKS1JHWWMwYklyUVVyTElQbTdKT3g3RWM?oc=5\" target=\"_blank\" rel=\"nofollow noopener\">Krever rask oppstart av Tingvoll VGS som pilotskole<\/a>&nbsp;&nbsp;KSU.NO<\/li>\n<\/ol>\n","protected":false},"excerpt":{"rendered":"Flertall for \u00e5 sl\u00e5 sammen skolene p\u00e5 Stranda og i Sykkylven&nbsp;&nbsp;smp.no Sterke reaksjoner: \u2013 Vi er redde for&hellip;\n","protected":false},"author":2,"featured_media":83362,"comment_status":"","ping_status":"","sticky":false,"template":"","format":"standard","meta":{"footnotes":""},"categories":[10],"tags":[20,21,24,25,15,22,23,13,30,28,29,14,16,2749,11198,7810,26,27,9252],"class_list":{"0":"post-83361","1":"post","2":"type-post","3":"status-publish","4":"format-standard","5":"has-post-thumbnail","7":"category-norge","8":"tag-breaking-news","9":"tag-breakingnews","10":"tag-featured-news","11":"tag-featurednews","12":"tag-headlines","13":"tag-latest-news","14":"tag-latestnews","15":"tag-news","16":"tag-no","17":"tag-norge","18":"tag-norway","19":"tag-nyheter","20":"tag-overskrifter","21":"tag-stranda","22":"tag-sykkylven-vidaregaande-skule","23":"tag-tingvoll","24":"tag-top-stories","25":"tag-topstories","26":"tag-undervisning"},"share_on_mastodon":{"url":"https:\/\/pubeurope.com\/@no\/115525618694752933","error":""},"_links":{"self":[{"href":"https:\/\/www.europesays.com\/no\/wp-json\/wp\/v2\/posts\/83361","targetHints":{"allow":["GET"]}}],"collection":[{"href":"https:\/\/www.europesays.com\/no\/wp-json\/wp\/v2\/posts"}],"about":[{"href":"https:\/\/www.europesays.com\/no\/wp-json\/wp\/v2\/types\/post"}],"author":[{"embeddable":true,"href":"https:\/\/www.europesays.com\/no\/wp-json\/wp\/v2\/users\/2"}],"replies":[{"embeddable":true,"href":"https:\/\/www.europesays.com\/no\/wp-json\/wp\/v2\/comments?post=83361"}],"version-history":[{"count":0,"href":"https:\/\/www.europesays.com\/no\/wp-json\/wp\/v2\/posts\/83361\/revisions"}],"wp:featuredmedia":[{"embeddable":true,"href":"https:\/\/www.europesays.com\/no\/wp-json\/wp\/v2\/media\/83362"}],"wp:attachment":[{"href":"https:\/\/www.europesays.com\/no\/wp-json\/wp\/v2\/media?parent=83361"}],"wp:term":[{"taxonomy":"category","embeddable":true,"href":"https:\/\/www.europesays.com\/no\/wp-json\/wp\/v2\/categories?post=83361"},{"taxonomy":"post_tag","embeddable":true,"href":"https:\/\/www.europesays.com\/no\/wp-json\/wp\/v2\/tags?post=83361"}],"curies":[{"name":"wp","href":"https:\/\/api.w.org\/{rel}","templated":true}]}}