{"id":83365,"date":"2025-11-10T13:24:13","date_gmt":"2025-11-10T13:24:13","guid":{"rendered":"https:\/\/www.europesays.com\/no\/83365\/"},"modified":"2025-11-10T13:24:13","modified_gmt":"2025-11-10T13:24:13","slug":"valerengas-sportssjef-krever-beklagelse-fra-eliteseriedommer-kommer-med-anklager","status":"publish","type":"post","link":"https:\/\/www.europesays.com\/no\/83365\/","title":{"rendered":"V\u00e5lerengas sportssjef krever beklagelse fra eliteseriedommer \u2013 kommer med anklager"},"content":{"rendered":"\n<p class=\"_lead_o9xde_2 _lead_xtcu6_50 layout-component text-serif-m layout-normal text-serif-l layout-component layout-wide layout-padded _wide_17hqh_1 layout-padded\">V\u00e5lerengas sportssjef Joacim Jonsson forlanger en beklagelse fra dommer Kristoffer Hagenes etter helgens eliteseriekamp mot Rosenborg.<\/p>\n<ul class=\"_gallery_1qa3s_23\" tabindex=\"0\">\n<li class=\"_item_1qa3s_37\" data-index=\"0\"><img fetchpriority=\"high\" decoding=\"async\" class=\"_image_foru8_23 _introGallery_foru8_43\" data-fullscreen- width=\"4819\" height=\"3213\" itemprop=\"image\" loading=\"eager\"  src=\"https:\/\/www.europesays.com\/no\/wp-content\/uploads\/2025\/11\/86a336de-a93b-437c-8dfb-2bb121f8534f\"  style=\"object-position:50% 50%;aspect-ratio:var(--gallery-aspect-ratio, 16 \/ 9)\"\/>Kristoffer Hagenes viser ut Brice Ambina i s\u00f8ndagens eliteseriekamp p\u00e5 Lerkendal.  Foto: Ole Martin Wold \/ NTB<\/li>\n<li class=\"_item_1qa3s_37\" data-index=\"1\"><img decoding=\"async\" class=\"_image_foru8_23 _introGallery_foru8_43\" data-fullscreen- width=\"3402\" height=\"2268\" itemprop=\"image\" loading=\"lazy\"  src=\"https:\/\/www.europesays.com\/no\/wp-content\/uploads\/2025\/11\/13d0afbe-0ddd-4b85-92aa-5c4be6b22acd\"  style=\"object-position:50% 50%;aspect-ratio:var(--gallery-aspect-ratio, 16 \/ 9)\"\/>V\u00e5lerengas Brice Ambina tr\u00e5kker p\u00e5 Rosenborgs Simen Bolkan Nordli i eliteseriekampen p\u00e5 Lerkendal s\u00f8ndag.  Foto: Ole Martin Wold \/ NTB<\/li>\n<\/ul>\n<p>Kristoffer Hagenes viser ut Brice Ambina i s\u00f8ndagens eliteseriekamp p\u00e5 Lerkendal.  Foto: Ole Martin Wold \/ NTB<\/p>\n<ul aria-hidden=\"true\" class=\"_images_18f0k_111\">\n<li><a class=\"_link_18f0k_116\" href=\"https:\/\/www.vg.no\/forfatter\/ntb\" style=\"z-index:1\" title=\"NTB\" rel=\"nofollow noopener\" target=\"_blank\"><img alt=\"Bilde av NTB\" class=\"_image_18f0k_93\" fetchpriority=\"low\" loading=\"lazy\" decoding=\"async\" itemprop=\"image\"  src=\"https:\/\/www.europesays.com\/no\/wp-content\/uploads\/2025\/11\/1762781052_391_c33980b0-5d07-4027-84a1-813f90a7c8d6\"  width=\"480\"\/><\/a><\/li>\n<\/ul>\n<p> Oppdatert mandag 10. november kl. 14:21     <\/p>\n<p class=\"_paragraph_o9xde_4 _paragraph_xtcu6_10 layout-component text-serif-m layout-normal text-serif-m layout-padded\">Det fremg\u00e5r av en uttalelse fra klubben mandag.<\/p>\n<p class=\"_paragraph_o9xde_4 _paragraph_xtcu6_10 layout-component text-serif-m layout-normal text-serif-m layout-padded\">Der henvises det til at Brice Ambina fikk r\u00f8dt kort mot Rosenborg s\u00f8ndag. I etterkant har V\u00e5lerengas sportssjef og klubbens spillere reagert sterkt p\u00e5 uttalelser dommer Kristoffer Hagenes skal ha kommet med.<\/p>\n<p class=\"_paragraph_o9xde_4 _paragraph_xtcu6_10 layout-component text-serif-m layout-normal text-serif-m layout-padded\">\u2013 F\u00f8rst av alt er det en situasjon som handler om \u00e5 beskytte spillerne. S\u00e5 er det alltid et sp\u00f8rsm\u00e5l om bevisst eller ikke bevisst. V\u00e5r vurdering er at spilleren f\u00f8rst gir Rosenborg-spilleren en dytt. Og s\u00e5 kommer det en fot, der vi opplever at han ikke gj\u00f8r noe som helst for \u00e5 trekke seg. Om man ser hvordan det reageres etterp\u00e5: Alle fotballspillere jeg kjenner som tr\u00e5kker noen i ansiktet, g\u00e5r bort og sier \u00absorry\u00bb til den spilleren. Det skjer ikke her i det hele tatt, og underbygger det jeg mener er et klart r\u00f8dt kort for \u00e5 utsette motstanderen for fare ved \u00e5 tr\u00e5kke ham i ansiktet, sa Hagenes til TV 2. <\/p>\n<p class=\"_paragraph_o9xde_4 _paragraph_xtcu6_10 layout-component text-serif-m layout-normal text-serif-m layout-padded\"><strong class=\"_strong_o9xde_25\">Se situasjonen her: <\/strong><\/p>\n<p class=\"_paragraph_o9xde_4 _paragraph_xtcu6_10 layout-component text-serif-m layout-normal text-serif-m layout-padded\">N\u00e5 ber sportssjef <a href=\"https:\/\/www.vg.no\/tag\/joacim-jonsson?utm_source=vg-article&amp;utm_medium=auto-tagger&amp;utm_campaign=Pp6mv7\" class=\"_link_o9xde_39\" rel=\"nofollow noopener\" target=\"_blank\">Joacim Jonsson<\/a> om en unnskyldning.<\/p>\n<p class=\"_paragraph_o9xde_4 _paragraph_xtcu6_10 layout-component text-serif-m layout-normal text-serif-m layout-padded\">\u2013 Det er alvorlig n\u00e5r en dommer begrunner en utvisning ved at spilleren ikke sier unnskyld. Hagenes avsl\u00f8rer at han er forutinntatt, og det kan vi ikke godta. Alle som ser situasjonen, ser hva som skjer, sier han til egen klubbs nettsider.<\/p>\n<p class=\"_paragraph_o9xde_4 _paragraph_xtcu6_10 layout-component text-serif-m layout-normal text-serif-m layout-padded\">\u2013 Ambina treffer Bolkan Nordli i hodet, men de har en rivekamp i forkant. Begge er i ubalanse, og Ambina m\u00e5 tr\u00e5kke et sted og ser ikke at han treffer spilleren i hodet. Dommerens forklaring er oppsiktsvekkende og ulogisk, legger svensken til.<\/p>\n<p class=\"_paragraph_o9xde_4 _paragraph_xtcu6_10 layout-component text-serif-m layout-normal text-serif-m layout-padded\">Det r\u00f8de kortet til V\u00e5lerenga-spiller Brice Ambina ble gitt etter en VAR-sjekk. Situasjonen endte f\u00f8rst i gult kort.<\/p>\n<p class=\"_paragraph_o9xde_4 _paragraph_xtcu6_10 layout-component text-serif-m layout-normal text-serif-m layout-padded\">\u2013 Dommers oppgave er \u00e5 beskytte spillerne, noe vi selvsagt respekterer. V\u00e5r oppgave som klubb er \u00e5 beskytte v\u00e5re spillere. Her blir Brice stemplet som at han gj\u00f8r det med hensikt og ikke har noen form for empati. Brice er knust over utvisningen, og vi som klubb sjokkert over uttalelsene til Hagenes, sier Jonsson.<\/p>\n<p><img decoding=\"async\" alt=\"Bilde av Joacim Jonsson\" class=\"_image_ygndg_42\" height=\"27\" itemprop=\"image\" loading=\"lazy\"  src=\"https:\/\/www.europesays.com\/no\/wp-content\/uploads\/2025\/11\/8d853749-90fa-4fc0-832d-423b66cc17b0\"  width=\"40\"\/><strong class=\"_name_ygndg_51 title-serif-xs\">Joacim Jonsson<\/strong><\/p>\n<p class=\"_paragraph_o9xde_4 text-sans-m _description_ygndg_56\">Sportssjef i V\u00e5lerenga <\/p>\n<p class=\"_paragraph_o9xde_4 _paragraph_xtcu6_10 layout-component text-serif-m layout-normal text-serif-m layout-padded\">\u2013 Han setter et stempel p\u00e5 Brice som spiller og person som kan f\u00e5 uheldige konsekvenser for hans karriere videre. Vi forventer at Hagenes beklager seg ovenfor Brice, legger han til.<\/p>\n<p class=\"_paragraph_o9xde_4 _paragraph_xtcu6_10 layout-component text-serif-m layout-normal text-serif-m layout-padded\">Dommer Kristoffer Hagenes har blitt forelagt uttalelsene fra Jonsson, og sier til VG at han mener han ikke begrunnet det r\u00f8de kortet med at Ambina ikke sa unnskyld. <\/p>\n<p class=\"_paragraph_o9xde_4 _paragraph_xtcu6_10 layout-component text-serif-m layout-normal text-serif-m layout-padded\">\u2013 H\u00f8rer man hele intervjuet s\u00e5 begrunner jeg det r\u00f8de kortet med at jeg skal beskytte spillerne. S\u00e5 la jeg til i ettertid at det er lov \u00e5 sp\u00f8rre seg hvorfor han ikke sa unnskyld. Jeg har aldri begrunnet det r\u00f8de kortet med det, men det ble brukt som et moment i ettertid, sier Hagenes. <\/p>\n<p class=\"_paragraph_o9xde_4 _paragraph_xtcu6_10 layout-component text-serif-m layout-normal text-serif-m layout-padded\">\u2013 Jeg tror han skal h\u00f8re hele intervjuet f\u00f8r han tillegger meg meninger jeg ikke har, sier dommeren videre.<\/p>\n<p class=\"_paragraph_o9xde_4 _paragraph_xtcu6_10 layout-component text-serif-m layout-normal text-serif-m layout-padded\">NTB har fors\u00f8kt \u00e5 komme i kontakt med NFFs dommersjef Terje Hauge, uten \u00e5 f\u00e5 svar. <\/p>\n","protected":false},"excerpt":{"rendered":"V\u00e5lerengas sportssjef Joacim Jonsson forlanger en beklagelse fra dommer Kristoffer Hagenes etter helgens eliteseriekamp mot Rosenborg. Kristoffer Hagenes&hellip;\n","protected":false},"author":2,"featured_media":83366,"comment_status":"","ping_status":"","sticky":false,"template":"","format":"standard","meta":{"footnotes":""},"categories":[59],"tags":[134,92,5822,30,28,29,83,82,2215],"class_list":{"0":"post-83365","1":"post","2":"type-post","3":"status-publish","4":"format-standard","5":"has-post-thumbnail","7":"category-sport","8":"tag-eliteserien","9":"tag-fotball","10":"tag-joacim-jonsson","11":"tag-no","12":"tag-norge","13":"tag-norway","14":"tag-sport","15":"tag-sports","16":"tag-valerenga-fotball"},"share_on_mastodon":{"url":"https:\/\/pubeurope.com\/@no\/115525626628384300","error":""},"_links":{"self":[{"href":"https:\/\/www.europesays.com\/no\/wp-json\/wp\/v2\/posts\/83365","targetHints":{"allow":["GET"]}}],"collection":[{"href":"https:\/\/www.europesays.com\/no\/wp-json\/wp\/v2\/posts"}],"about":[{"href":"https:\/\/www.europesays.com\/no\/wp-json\/wp\/v2\/types\/post"}],"author":[{"embeddable":true,"href":"https:\/\/www.europesays.com\/no\/wp-json\/wp\/v2\/users\/2"}],"replies":[{"embeddable":true,"href":"https:\/\/www.europesays.com\/no\/wp-json\/wp\/v2\/comments?post=83365"}],"version-history":[{"count":0,"href":"https:\/\/www.europesays.com\/no\/wp-json\/wp\/v2\/posts\/83365\/revisions"}],"wp:featuredmedia":[{"embeddable":true,"href":"https:\/\/www.europesays.com\/no\/wp-json\/wp\/v2\/media\/83366"}],"wp:attachment":[{"href":"https:\/\/www.europesays.com\/no\/wp-json\/wp\/v2\/media?parent=83365"}],"wp:term":[{"taxonomy":"category","embeddable":true,"href":"https:\/\/www.europesays.com\/no\/wp-json\/wp\/v2\/categories?post=83365"},{"taxonomy":"post_tag","embeddable":true,"href":"https:\/\/www.europesays.com\/no\/wp-json\/wp\/v2\/tags?post=83365"}],"curies":[{"name":"wp","href":"https:\/\/api.w.org\/{rel}","templated":true}]}}