{"id":83369,"date":"2025-11-10T13:26:08","date_gmt":"2025-11-10T13:26:08","guid":{"rendered":"https:\/\/www.europesays.com\/no\/83369\/"},"modified":"2025-11-10T13:26:08","modified_gmt":"2025-11-10T13:26:08","slug":"alan-ritchson-vil-ikke-bli-med-i-dc-universet-som-en-snill-gutt","status":"publish","type":"post","link":"https:\/\/www.europesays.com\/no\/83369\/","title":{"rendered":"Alan Ritchson vil ikke bli med i DC-universet som en snill gutt &#8211;"},"content":{"rendered":"<p>Det har v\u00e6rt mange fans som har kastet Alan Ritchsons navn inn i ringen for \u00e5 bli DC-universets Batman, noe <a href=\"https:\/\/www.gamereactor.no\/alan-ritchson-du-trenger-ikke-engang-a-betale-meg-for-a-vaere-batman-1716203\/\" target=\"_blank\" title=\"Alan Ritchson: &quot;Du trenger ikke engang \u00e5 betale meg for \u00e5 v\u00e6re Batman&quot;\" rel=\"nofollow noopener\">Reacher-stjernen virker ganske interessert i<\/a> \u00e5 ta p\u00e5 seg. Men ettersom DC Studios tydeligvis \u00f8nsker \u00e5 g\u00e5 sine egne veier med dette voksende universet, er det lite sannsynlig at Ritchson vil bli Gothams fremste beskytter, selv om han er i samtaler om \u00e5 bli med i DCU.<\/p>\n<p>I en samtale med <a href=\"https:\/\/screenrant.com\/alan-ritchson-dcu-role-talks-confirmed\/\" target=\"_blank\" rel=\"nofollow noopener\">Screen Rant<\/a> nylig avsl\u00f8rte Ritchson at han har snakket med DC Studios om \u00e5 bli med i DCU, men at han \u00f8nsker \u00e5 v\u00e6re en del av universet som en karakter som er litt mindre perfekt og hederlig.<\/p>\n<p>&laquo;Det er samtalen jeg har hatt med dem: &#8216;Jeg vil spille noen som er litt mer rotete&#8217;. Og jeg sa til dem, jeg sa, hvis jeg skal gj\u00f8re dette, s\u00e5 beskrev jeg for dem hva slags personlighet jeg \u00f8nsker \u00e5 spille og hva det ville bety for deres verden, og jeg tror det er noe alle \u00f8nsker \u00e5 se akkurat n\u00e5 der borte. S\u00e5 ja, jeg vil spille noen som er litt skitnere enn den typiske rensk\u00e5rne hovedpersonen.&raquo;<\/p>\n<p>DCU er allerede rikt p\u00e5 karakterer som passer inn i dette bildet, takket v\u00e6re James Gunns mer unike tiln\u00e6rming til DCs bredere karaktergalleri. Peacemaker er en viktig del av verdenen, og takket v\u00e6re Creature Commandos, Superman, og til og med Suicide Squad, er det mange raringer i dette universet, s\u00e5 det ville ikke akkurat v\u00e6re uvanlig \u00e5 se Ritchson utvide denne rekken.<\/p>\n<p>Hvem skulle du gjerne sett Ritchson spille i DCU?<\/p>\n<p><img loading=\"lazy\" decoding=\"async\" id=\"img-1910003-4172033\" data-fullsize=\"\/media\/20\/_4172033b.png\" data-lazy=\"\" src=\"https:\/\/www.gamereactor.nohttps:\/\/www.gamereactor.no\/media\/20\/_4172033_650x.png\" width=\"650\" onclick=\"if (!window.__cfRLUnblockHandlers) return false; gallery_openmodal('1910003','4172033',false,'c25196c4e24098ed2cf40ef023aa6d66');\" height=\"505\" alt=\"Alan Ritchson vil ikke bli med i DC-universet som en snill gutt\" class=\"rwd_col_content lazy\" data-cf-modified-73e4084b83d7dc6733803da1-=\"\"\/><\/p>\n","protected":false},"excerpt":{"rendered":"Det har v\u00e6rt mange fans som har kastet Alan Ritchsons navn inn i ringen for \u00e5 bli DC-universets&hellip;\n","protected":false},"author":2,"featured_media":83370,"comment_status":"","ping_status":"","sticky":false,"template":"","format":"standard","meta":{"footnotes":""},"categories":[57],"tags":[30,28,29,65,63,64,66,70,69,67,68],"class_list":{"0":"post-83369","1":"post","2":"type-post","3":"status-publish","4":"format-standard","5":"has-post-thumbnail","7":"category-vitenskap-og-teknologi","8":"tag-no","9":"tag-norge","10":"tag-norway","11":"tag-science","12":"tag-science-and-technology","13":"tag-scienceandtechnology","14":"tag-technology","15":"tag-teknologi","16":"tag-vitenskap","17":"tag-vitenskap-og-teknologi","18":"tag-vitenskapteknologi"},"share_on_mastodon":{"url":"https:\/\/pubeurope.com\/@no\/115525634378698504","error":""},"_links":{"self":[{"href":"https:\/\/www.europesays.com\/no\/wp-json\/wp\/v2\/posts\/83369","targetHints":{"allow":["GET"]}}],"collection":[{"href":"https:\/\/www.europesays.com\/no\/wp-json\/wp\/v2\/posts"}],"about":[{"href":"https:\/\/www.europesays.com\/no\/wp-json\/wp\/v2\/types\/post"}],"author":[{"embeddable":true,"href":"https:\/\/www.europesays.com\/no\/wp-json\/wp\/v2\/users\/2"}],"replies":[{"embeddable":true,"href":"https:\/\/www.europesays.com\/no\/wp-json\/wp\/v2\/comments?post=83369"}],"version-history":[{"count":0,"href":"https:\/\/www.europesays.com\/no\/wp-json\/wp\/v2\/posts\/83369\/revisions"}],"wp:featuredmedia":[{"embeddable":true,"href":"https:\/\/www.europesays.com\/no\/wp-json\/wp\/v2\/media\/83370"}],"wp:attachment":[{"href":"https:\/\/www.europesays.com\/no\/wp-json\/wp\/v2\/media?parent=83369"}],"wp:term":[{"taxonomy":"category","embeddable":true,"href":"https:\/\/www.europesays.com\/no\/wp-json\/wp\/v2\/categories?post=83369"},{"taxonomy":"post_tag","embeddable":true,"href":"https:\/\/www.europesays.com\/no\/wp-json\/wp\/v2\/tags?post=83369"}],"curies":[{"name":"wp","href":"https:\/\/api.w.org\/{rel}","templated":true}]}}