{"id":83377,"date":"2025-11-10T13:30:35","date_gmt":"2025-11-10T13:30:35","guid":{"rendered":"https:\/\/www.europesays.com\/no\/83377\/"},"modified":"2025-11-10T13:30:35","modified_gmt":"2025-11-10T13:30:35","slug":"tv-2-avslorer-rampenissen-kjendiser-i-hemmelig-kontrollrom","status":"publish","type":"post","link":"https:\/\/www.europesays.com\/no\/83377\/","title":{"rendered":"TV 2 avsl\u00f8rer Rampenissen: Kjendiser i hemmelig kontrollrom"},"content":{"rendered":"<p class=\"kicker \" style=\"\">\u00abRampenissen\u00bb:<\/p>\n<p>  Tre profiler trekker i rampenissens tr\u00e5der i TV 2s nye julekalender.<\/p>\n<p>\n    EN DR\u00d8M: Harald Eia er med i TV 2s nye julekalender. Foto: Espen Solli\/ Se og H\u00f8r\n  <\/p>\n<p>Tidligere i h\u00f8st ble det annonsert at <a href=\"https:\/\/www.seher.no\/kjendis\/deltakerne-avslort\/83593375\" rel=\"nofollow noopener\" target=\"_blank\">TV 2 kommer med ny julekalender<\/a>, \u00abRampenissen\u00bb, og 25 kjendiser er klare for \u00e5 hive seg ut i en konkurransefylt desember.\u00a0<\/p>\n<p>Kjendisene skal konkurrere i et rampete julespill, hvor m\u00e5let er \u00e5 st\u00e5 igjen som vinneren p\u00e5 julaften.\u00a0<\/p>\n<p>    <a itemprop=\"url\" href=\"https:\/\/www.seher.no\/kjendis\/deltakerne-avslort\/83593375\" rel=\"nofollow noopener\" target=\"_blank\"><\/p>\n<p>      <img loading=\"lazy\" decoding=\"async\" src=\"https:\/\/www.europesays.com\/no\/wp-content\/uploads\/2025\/11\/83593406.webp\" width=\"980\" height=\"441\" title=\"Deltakerne avsl\u00f8rt\" alt=\"\" class=\"lazyload\" style=\"--aspect-ratio-image: 2.22; \"\/><\/p>\n<p>        Deltakerne avsl\u00f8rt <\/p>\n<p>    <\/a><\/p>\n<p>I en pressemelding fra TV 2 avsl\u00f8rer de n\u00e5 hvilke tre store profiler som trekker i tr\u00e5dene til selve rampenissen.<\/p>\n<p>Trioen best\u00e5r av komiker Else K\u00e5ss Furuseth (45), komiker og sosiolog Harald Eia (59) og influenser Oskar Westerlin (27).\u00a0<\/p>\n<p>          <img loading=\"lazy\" decoding=\"async\" src=\"https:\/\/www.europesays.com\/no\/wp-content\/uploads\/2025\/11\/83825195.webp\" width=\"686\" height=\"460\" title=\"RAMPENISSENS SKJULTE ANSIKTER: Harald Eia, Else K\u00e5ss Furuseth og Oskar Westerlin er ansiktene bak Rampenissen. Foto: Espen Solli \/ TV 2\" alt=\"\" class=\"\" style=\"--aspect-ratio-image: 1.49; \"\/><\/p>\n<p>\n          RAMPENISSENS SKJULTE ANSIKTER: Harald Eia, Else K\u00e5ss Furuseth og Oskar Westerlin er ansiktene bak Rampenissen. Foto: Espen Solli \/ TV 2\n      <\/p>\n<p>Mens de selv sitter gjemt i et hemmelig kontrollrom, styrer de rampenissen og alt den gj\u00f8r i studio. Trioen kommer til \u00e5 gj\u00f8re sitt ytterste for \u00e5 sette ut og sabotere deltakerne underveis i programmet.\u00a0<\/p>\n<p>        VEKKER OPPSIKT: 21 \u00e5r gamle Gabby McCarthy g\u00e5r viralt etter sin innsjekk i \u00abLove Island Australia\u00bb-villaen. Video: TV 2 Play \/ R\u00f8d L\u00f8per<\/p>\n<p>Furuseth og Eia har mye erfaring fra skjermen og Westerlin har blitt en av landets st\u00f8rste profiler i sosiale medier, men er heller ingen nykommer p\u00e5 skjermen. Han har blant annet v\u00e6rt med i TV-produksjoner som \u00abSpillet\u00bb og \u00abHotellet\u00bb.<\/p>\n<p>    <a itemprop=\"url\" href=\"https:\/\/www.seher.no\/kjendis\/min-storste-sorg\/83824928\" rel=\"nofollow noopener\" target=\"_blank\"><\/p>\n<p>      <img loading=\"lazy\" decoding=\"async\" src=\"https:\/\/www.europesays.com\/no\/wp-content\/uploads\/2025\/11\/83824972.webp\" width=\"980\" height=\"441\" title=\"- Min st\u00f8rste sorg\" alt=\"\" class=\"lazyload\" style=\"--aspect-ratio-image: 2.22; \"\/><\/p>\n<p>        &#8211; Min st\u00f8rste sorg<\/p>\n<p>    <\/a><\/p>\n<p>&#8211; Det er g\u00f8y \u00e5 v\u00e6re med p\u00e5 et helt nytt program, da kan jeg v\u00e6re med \u00e5 forme det fra bunn, sier Westerlin i pressemeldingen til TV 2.\u00a0<\/p>\n<p>Westerlin deltok i programmet \u00abHotellet\u00bb denne h\u00f8sten sammen med sin far, Petter Westerlin, men m\u00e5tte dessverre sjekke ut tidlig i konkurransen.\u00a0<\/p>\n<p>          <img loading=\"lazy\" decoding=\"async\" src=\"https:\/\/www.europesays.com\/no\/wp-content\/uploads\/2025\/11\/83825206.webp\" width=\"686\" height=\"392\" title=\"FAR OG S\u00d8NN: Petter Westerlin og Oskar Westerlin p\u00e5 \u00abHotellet\u00bb. Foto: Vegard Breie\/TV 2\" alt=\"\" class=\"\" style=\"--aspect-ratio-image: 1.75; \"\/><\/p>\n<p>\n          FAR OG S\u00d8NN: Petter Westerlin og Oskar Westerlin p\u00e5 \u00abHotellet\u00bb. Foto: Vegard Breie\/TV 2\n      <\/p>\n<p>&#8211; Jeg ryker som regel rett ut av reality, s\u00e5 jeg m\u00e5tte gj\u00f8re noen endringer for \u00e5 sikre at jeg ble med lengre enn episode \u00e9n. Det skal litt til \u00e5 stemme ut et hemmelig kontrollrom, smiler Westerlin.\u00a0<\/p>\n<p>Eia har tidligere v\u00e6rt i panelet p\u00e5 \u00abSpillet\u00bb og er godt vant til \u00e5 kommentere p\u00e5 hva som foreg\u00e5r. Han syntes ogs\u00e5 denne gangen at det var interessant \u00e5 se hvor fort deltakerne kommer inn i \u00abrealitybobla\u00bb.\u00a0<\/p>\n<p>    <a itemprop=\"url\" href=\"https:\/\/www.seher.no\/kjendis\/rast-ned-i-vekt\/83824512\" rel=\"nofollow noopener\" target=\"_blank\"><\/p>\n<p>      <img loading=\"lazy\" decoding=\"async\" src=\"https:\/\/www.europesays.com\/no\/wp-content\/uploads\/2025\/11\/1762781434_407_83823893.webp\" width=\"980\" height=\"441\" title=\"Rast ned i vekt\" alt=\"\" class=\"lazyload\" style=\"--aspect-ratio-image: 2.22; \"\/><\/p>\n<p>        Rast ned i vekt<\/p>\n<p>    <\/a><\/p>\n<p>&#8211; Alt er jo litt tullete, men den psykologiske effekten var bemerkelsesverdig, for de tok det s\u00e5 p\u00e5 alvor. De ble ivrige og paranoide p\u00e5 grunn av den merkelige rampenissen. Det er kort vei fra avslappet, kule kjendiser, til \u00e5 bli nerv\u00f8se, sm\u00e5 kaniner i et ondsinnet juleeksperiment, smiler Eia, og fortsetter:<\/p>\n<p>        NEKTER: Prinsesse M\u00e4rtha Louise svarer p\u00e5 noen bisarre rykter som har spredt seg den siste tiden. Reporter: Nora Skavhaug \/ R\u00f8d L\u00f8per. Video: Danny Son Ngoc To \/ Dagbladet TV. <\/p>\n<p>&#8211; Det er en dr\u00f8m for en gammel psykopat og sitte der med Else og Oskar. De er ogs\u00e5 glade i \u00e5 eksperimentere med menneskedyret, s\u00e5 det var g\u00f8y \u00e5 se hvem som kunne g\u00e5 lengst, sier han med glimt i \u00f8yet til TV 2.\u00a0 \u00a0<\/p>\n<p>    <a itemprop=\"url\" href=\"https:\/\/www.seher.no\/kjendis\/det-var-helt-forferdelig\/83823745\" rel=\"nofollow noopener\" target=\"_blank\"><\/p>\n<p>      <img loading=\"lazy\" decoding=\"async\" src=\"https:\/\/www.europesays.com\/no\/wp-content\/uploads\/2025\/11\/1762781435_17_83824671.webp\" width=\"980\" height=\"441\" title=\"- Det var helt forferdelig\" alt=\"\" class=\"lazyload\" style=\"--aspect-ratio-image: 2.22; \"\/><\/p>\n<p>        &#8211; Det var helt forferdelig<\/p>\n<p>    <\/a><\/p>\n<p class=\"\">Programredakt\u00f8r i TV 2, Trygve R\u00f8nningen, sier han er sv\u00e6rt forn\u00f8yd med trioen, og at kanalen selv har store forventinger til julekalenderen.\u00a0<\/p>\n<p>\u00abRampenissen\u00bb ser du p\u00e5 TV 2 Play hver dag fra 1. desember og frem til julaften.\u00a0<\/p>\n","protected":false},"excerpt":{"rendered":"\u00abRampenissen\u00bb: Tre profiler trekker i rampenissens tr\u00e5der i TV 2s nye julekalender. EN DR\u00d8M: Harald Eia er med&hellip;\n","protected":false},"author":2,"featured_media":83378,"comment_status":"","ping_status":"","sticky":false,"template":"","format":"standard","meta":{"footnotes":""},"categories":[5],"tags":[20,21,1912,24,25,2429,15,19,479,2543,22,23,17,18,13,30,28,29,14,2550,16,5720,26,27],"class_list":{"0":"post-83377","1":"post","2":"type-post","3":"status-publish","4":"format-standard","5":"has-post-thumbnail","7":"category-overskrifter","8":"tag-breaking-news","9":"tag-breakingnews","10":"tag-else-kass-furuseth","11":"tag-featured-news","12":"tag-featurednews","13":"tag-harald-eia","14":"tag-headlines","15":"tag-hovedoppslag","16":"tag-kjendis","17":"tag-kjendisdesken","18":"tag-latest-news","19":"tag-latestnews","20":"tag-main-news","21":"tag-mainnews","22":"tag-news","23":"tag-no","24":"tag-norge","25":"tag-norway","26":"tag-nyheter","27":"tag-oskar-westerlin","28":"tag-overskrifter","29":"tag-rampenissen","30":"tag-top-stories","31":"tag-topstories"},"share_on_mastodon":{"url":"https:\/\/pubeurope.com\/@no\/115525650253629643","error":""},"_links":{"self":[{"href":"https:\/\/www.europesays.com\/no\/wp-json\/wp\/v2\/posts\/83377","targetHints":{"allow":["GET"]}}],"collection":[{"href":"https:\/\/www.europesays.com\/no\/wp-json\/wp\/v2\/posts"}],"about":[{"href":"https:\/\/www.europesays.com\/no\/wp-json\/wp\/v2\/types\/post"}],"author":[{"embeddable":true,"href":"https:\/\/www.europesays.com\/no\/wp-json\/wp\/v2\/users\/2"}],"replies":[{"embeddable":true,"href":"https:\/\/www.europesays.com\/no\/wp-json\/wp\/v2\/comments?post=83377"}],"version-history":[{"count":0,"href":"https:\/\/www.europesays.com\/no\/wp-json\/wp\/v2\/posts\/83377\/revisions"}],"wp:featuredmedia":[{"embeddable":true,"href":"https:\/\/www.europesays.com\/no\/wp-json\/wp\/v2\/media\/83378"}],"wp:attachment":[{"href":"https:\/\/www.europesays.com\/no\/wp-json\/wp\/v2\/media?parent=83377"}],"wp:term":[{"taxonomy":"category","embeddable":true,"href":"https:\/\/www.europesays.com\/no\/wp-json\/wp\/v2\/categories?post=83377"},{"taxonomy":"post_tag","embeddable":true,"href":"https:\/\/www.europesays.com\/no\/wp-json\/wp\/v2\/tags?post=83377"}],"curies":[{"name":"wp","href":"https:\/\/api.w.org\/{rel}","templated":true}]}}