{"id":83414,"date":"2025-11-10T14:16:09","date_gmt":"2025-11-10T14:16:09","guid":{"rendered":"https:\/\/www.europesays.com\/no\/83414\/"},"modified":"2025-11-10T14:16:09","modified_gmt":"2025-11-10T14:16:09","slug":"vaer-gjovik-na-snur-vaeret-advarer-om-glatte-veier","status":"publish","type":"post","link":"https:\/\/www.europesays.com\/no\/83414\/","title":{"rendered":"V\u00e6r, Gj\u00f8vik | N\u00e5 snur v\u00e6ret \u2013 advarer om glatte veier"},"content":{"rendered":"\n<p>November har s\u00e5 langt bydd p\u00e5 uvanlig milde dager og temperaturer godt over frysepunktet. Men n\u00e5 er vinteren p\u00e5 vei, skal vi tro v\u00e6rmeldingene.<\/p>\n<p>\u2013 Vi f\u00e5r et tydelig v\u00e6rskifte p\u00e5 torsdag. Da er vi ferdige med s\u00f8nnavind og gr\u00e5v\u00e6r, og g\u00e5r over til kaldere og t\u00f8rrere luft fra nord og nordvest, forteller vakthavende meteorolog ved Meteorologisk institutt, Bente Wahl.<\/p>\n<p>Over fjelltraktene kan det komme sn\u00f8, og Wahl advarer om at det vil bygge seg opp flere centimeter de neste dagene.<\/p>\n<p>\u2013 Det vil komme noe nedb\u00f8r i form av sn\u00f8 i fjellet, og noe kan ogs\u00e5 trekke litt ned mot h\u00f8yere omr\u00e5der i Innlandet. Spesielt fjellovergangene b\u00f8r man v\u00e6re obs p\u00e5, sier hun.<\/p>\n<p>All nedb\u00f8r som kommer etter onsdag vil falle som sn\u00f8, men i lavlandet er det forel\u00f8pig ikke meldt. I omr\u00e5dene som vender mot M\u00f8re og Romsdal og Valdres er det ventet mer nedb\u00f8r og dermed st\u00f8rre mengder sn\u00f8.<\/p>\n<p>Skal du til fjells, er det derfor lurt \u00e5 v\u00e6re godt forberedt. Her vil temperaturene v\u00e6re p\u00e5 minussiden hele d\u00f8gnet, og ned mot 15 kuldegrader p\u00e5 natta.<\/p>\n<p>   <img decoding=\"async\" width=\"4032\" height=\"3024\" fetchpriority=\"low\"  loading=\"lazy\"  src=\"https:\/\/www.europesays.com\/no\/wp-content\/uploads\/2025\/11\/photo+%2813%29.jpg\" alt=\"\" class=\"brick-c-cFOWSL\" style=\"--brick-image-ratio: 4032 \/ 3024;\"\/><\/p>\n<p>      GLATTE VEIER: Fra torsdag b\u00f8r bilister v\u00e6re oppmerksomme p\u00e5 glatte veier.<br \/>\n      Foto: Kjetil Lysengen\/ARKIV\n    <\/p>\n<p>  Ikke unormalt<\/p>\n<p>For resten av Innlandet er det klarv\u00e6r og t\u00f8rt v\u00e6r som gjelder mot slutten av uka. Temperaturene vil likevel krype nedover.<\/p>\n<p>\u2013 Vi f\u00e5r minusgrader om natta, ned mot fem minus i lavlandet og enda kaldere i fjellomr\u00e5dene. Der kan det bli ti til femten minusgrader p\u00e5 de kaldeste nettene, sier Wahl.<\/p>\n<p>Hun legger til at det likevel ikke blir ekstremkulde, men mer normale temperaturer for \u00e5rstiden.<\/p>\n<p>\u2013 Dette er mer slik vi forventer at november skal v\u00e6re, sier hun.<\/p>\n<p>Glatte veier<\/p>\n<p>Klarv\u00e6ret vil ogs\u00e5 kunne skape utfordringer for trafikanter.<\/p>\n<p>\u2013 N\u00e5r temperaturen synker og lufta er fuktig, kan det fort danne seg str\u00e5lingst\u00e5ke, s\u00e6rlig n\u00e6r vann. Da kan det bli glatt p\u00e5 morgenkvisten, sier meteorologen.<\/p>\n<p>\u2013 Det er ikke snakk om store mengder nedb\u00f8r, men litt t\u00e5keskyer og rim kan gj\u00f8re veiene glatte. S\u00e5 det er lurt \u00e5 v\u00e6re litt ekstra obs n\u00e5, legger hun til.<\/p>\n<p>Starten p\u00e5 m\u00e5neden har v\u00e6rt uvanlig mild i store deler av landet, og Innlandet er intet unntak.<\/p>\n<p>\u2013 Vi har hatt en veldig varm start p\u00e5 november. N\u00e5 f\u00e5r vi en normalisering, og men det kan jo kjennes som en br\u00e5 overgang for flere, sier Wahl.<\/p>\n","protected":false},"excerpt":{"rendered":"November har s\u00e5 langt bydd p\u00e5 uvanlig milde dager og temperaturer godt over frysepunktet. Men n\u00e5 er vinteren&hellip;\n","protected":false},"author":2,"featured_media":83415,"comment_status":"","ping_status":"","sticky":false,"template":"","format":"standard","meta":{"footnotes":""},"categories":[10],"tags":[36,20,21,24,25,1088,15,22,23,13,30,28,29,14,16,6527,1510,26,27,553,6263],"class_list":{"0":"post-83414","1":"post","2":"type-post","3":"status-publish","4":"format-standard","5":"has-post-thumbnail","7":"category-norge","8":"tag-art","9":"tag-breaking-news","10":"tag-breakingnews","11":"tag-featured-news","12":"tag-featurednews","13":"tag-gjovik","14":"tag-headlines","15":"tag-latest-news","16":"tag-latestnews","17":"tag-news","18":"tag-no","19":"tag-norge","20":"tag-norway","21":"tag-nyheter","22":"tag-overskrifter","23":"tag-sno","24":"tag-story","25":"tag-top-stories","26":"tag-topstories","27":"tag-vaer","28":"tag-vinter"},"share_on_mastodon":{"url":"https:\/\/pubeurope.com\/@no\/115525831000285024","error":""},"_links":{"self":[{"href":"https:\/\/www.europesays.com\/no\/wp-json\/wp\/v2\/posts\/83414","targetHints":{"allow":["GET"]}}],"collection":[{"href":"https:\/\/www.europesays.com\/no\/wp-json\/wp\/v2\/posts"}],"about":[{"href":"https:\/\/www.europesays.com\/no\/wp-json\/wp\/v2\/types\/post"}],"author":[{"embeddable":true,"href":"https:\/\/www.europesays.com\/no\/wp-json\/wp\/v2\/users\/2"}],"replies":[{"embeddable":true,"href":"https:\/\/www.europesays.com\/no\/wp-json\/wp\/v2\/comments?post=83414"}],"version-history":[{"count":0,"href":"https:\/\/www.europesays.com\/no\/wp-json\/wp\/v2\/posts\/83414\/revisions"}],"wp:featuredmedia":[{"embeddable":true,"href":"https:\/\/www.europesays.com\/no\/wp-json\/wp\/v2\/media\/83415"}],"wp:attachment":[{"href":"https:\/\/www.europesays.com\/no\/wp-json\/wp\/v2\/media?parent=83414"}],"wp:term":[{"taxonomy":"category","embeddable":true,"href":"https:\/\/www.europesays.com\/no\/wp-json\/wp\/v2\/categories?post=83414"},{"taxonomy":"post_tag","embeddable":true,"href":"https:\/\/www.europesays.com\/no\/wp-json\/wp\/v2\/tags?post=83414"}],"curies":[{"name":"wp","href":"https:\/\/api.w.org\/{rel}","templated":true}]}}