{"id":83475,"date":"2025-11-10T15:28:21","date_gmt":"2025-11-10T15:28:21","guid":{"rendered":"https:\/\/www.europesays.com\/no\/83475\/"},"modified":"2025-11-10T15:28:21","modified_gmt":"2025-11-10T15:28:21","slug":"stortingsvalg-politikk-na-kommer-dommen-over-hoyre-nederlaget","status":"publish","type":"post","link":"https:\/\/www.europesays.com\/no\/83475\/","title":{"rendered":"Stortingsvalg, Politikk | N\u00e5 kommer dommen over H\u00f8yre-nederlaget"},"content":{"rendered":"\n<p><b>STORTINGSVALGET: <\/b>\u2013 Vi kom i en skvis mellom Arbeiderpartiet og Frp gjennom valgkampen. Vi kom for d\u00e5rlig fram med v\u00e5re egne l\u00f8sninger. Hvorfor vi kom i den skvisen er jo en av de tingene som b\u00f8r se litt n\u00f8yere p\u00e5, sier avtroppende H\u00f8yre-leder Erna Solberg til NTB.<\/p>\n<p>Hun vil ikke g\u00e5 dypere inn i analysen over hva som gikk galt \u2013 og overlater dommen til evalueringsutvalget, som mandag legger fram sin rapport. <\/p>\n<p>H\u00f8yre havnet p\u00e5 14,6 prosent i stortingsvalget, det d\u00e5rligste resultatet p\u00e5 20 \u00e5r. Lederen selv innr\u00f8mmer at det er \u00abmasse\u00bb hun kunne gjort annerledes. <\/p>\n<p><b>\u2013 Du kan alltid tenke at du kunne gjort det annerledes. Men jeg vil si at jeg ogs\u00e5 er veldig stolt over den innsatsen som partiet v\u00e5rt gjorde gjennom valgkampen. Vi hadde massevis av tillitsvalgte som var veldig aktive, hadde veldig h\u00f8yt tempo og veldig mye tilstedev\u00e6relse, sier Solberg. <\/b><\/p>\n<p>Ble sittende som leder: \u2013 Gjort er gjort<\/p>\n<p>Hun sier at hun fortsatt har mange gode minner fra valgkampen. <\/p>\n<p><b>\u2013 S\u00e5 tror jeg at noe av dette kanskje er noen strategiske valg vi gjorde litt tidlig, som vi kunne gjort annerledes.<\/b><\/p>\n<p>\u2013 Noen har jo ment at du burde ha trukket deg tidligere. Hva er ditt svar til det?<\/p>\n<p><b>\u2013 Mitt svar til det, er at denne diskusjonen hadde vi da vi hadde landsm\u00f8te og jeg ble gjenvalgt. Da var jeg betydelig mer popul\u00e6r enn andre statsministerkandidater. S\u00e5 det som er gjort er gjort, sier Solberg. <\/b><\/p>\n<p>\u2013 M\u00e5lgivende pasninger<\/p>\n<p>Det er Bod\u00f8-ordf\u00f8rer Odd Emil Ingebrigtsen som har ledet arbeidet med evalueringsrapporten. <\/p>\n<p>Den ble levert for cirka to uker siden, og skal behandles p\u00e5 H\u00f8yres sentralstyre mandag. <\/p>\n<p>Det er enn\u00e5 usikkert om rapporten blir offentlig tilgjengelig. Evalueringsutvalget har anbefalt at den holdes intern i H\u00f8yre, men at et sammendrag av den offentliggj\u00f8res. <\/p>\n<p><b>\u2013 Det kommer noen pasninger, som forh\u00e5pentligvis blir m\u00e5lgivende pasninger til ny partiledelse, sa Ingebrigtsen i et intervju med NTB i forrige uke om rapporten. <\/b><\/p>\n<p>Jensus Kristus-effekten<\/p>\n<p>Han viste til at mye av det som gikk galt i valgkampen allerede er blitt diskutert i mediene.<\/p>\n<p><b>\u2013 Sindre Finnes-saken var det flere velgere som trakk fram. At vi havnet i skvisen mellom Ap og Frp, der mange fryktet en statsminister Sylvi Listhaug. Og selvf\u00f8lgelig Jensus Kristus, eller Stoltenberg-effekten, sa Ingebrigtsen.<\/b><\/p>\n<p>Utvalget mener H\u00f8yre m\u00e5 ha en partistruktur som tilpasser seg raskt og klarer \u00e5 finne gode l\u00f8sninger, if\u00f8lge Bod\u00f8-ordf\u00f8reren. <\/p>\n<p><b>\u2013 For ett \u00e5r siden trodde alle at Erna Solberg skulle bli statsminister, men n\u00e5 g\u00e5r hun av. Ingen vet hva som skal skje om ett \u00e5r, og her ligger jo mulighetene.<\/b><\/p>\n<p>Grundig og saklig<\/p>\n<p>12. september \u2013 fire dager etter stortingsvalget \u2013 kunngjorde Solberg at hun gir seg som H\u00f8yre-leder etter 21 \u00e5r. <\/p>\n<p>Lederbyttet skjer p\u00e5 et landsm\u00f8te i februar, og Ine Eriksen S\u00f8reide st\u00e5r klar til \u00e5 ta over. <\/p>\n<p><b> \u2013 Jeg mener Ine er en kjempeflink kandidat, sier Solberg.<\/b><\/p>\n<p>\u2013 Hva er styrkene hennes?<\/p>\n<p><b>\u2013 Det er at hun er veldig grundig saklig, og s\u00e5 er hun et veldig varmt menneske. Hun er et mye varmere menneske enn det hun kanskje gir uttrykk for n\u00e5r hun st\u00e5r i politiske debatter.<\/b><\/p>\n","protected":false},"excerpt":{"rendered":"STORTINGSVALGET: \u2013 Vi kom i en skvis mellom Arbeiderpartiet og Frp gjennom valgkampen. Vi kom for d\u00e5rlig fram&hellip;\n","protected":false},"author":2,"featured_media":83476,"comment_status":"","ping_status":"","sticky":false,"template":"","format":"standard","meta":{"footnotes":""},"categories":[10],"tags":[36,20,21,24,25,15,762,22,23,13,30,28,29,14,16,41,199,1510,26,27],"class_list":{"0":"post-83475","1":"post","2":"type-post","3":"status-publish","4":"format-standard","5":"has-post-thumbnail","7":"category-norge","8":"tag-art","9":"tag-breaking-news","10":"tag-breakingnews","11":"tag-featured-news","12":"tag-featurednews","13":"tag-headlines","14":"tag-hoyre","15":"tag-latest-news","16":"tag-latestnews","17":"tag-news","18":"tag-no","19":"tag-norge","20":"tag-norway","21":"tag-nyheter","22":"tag-overskrifter","23":"tag-politikk","24":"tag-stortingsvalg","25":"tag-story","26":"tag-top-stories","27":"tag-topstories"},"share_on_mastodon":{"url":"https:\/\/pubeurope.com\/@no\/115526113977527938","error":""},"_links":{"self":[{"href":"https:\/\/www.europesays.com\/no\/wp-json\/wp\/v2\/posts\/83475","targetHints":{"allow":["GET"]}}],"collection":[{"href":"https:\/\/www.europesays.com\/no\/wp-json\/wp\/v2\/posts"}],"about":[{"href":"https:\/\/www.europesays.com\/no\/wp-json\/wp\/v2\/types\/post"}],"author":[{"embeddable":true,"href":"https:\/\/www.europesays.com\/no\/wp-json\/wp\/v2\/users\/2"}],"replies":[{"embeddable":true,"href":"https:\/\/www.europesays.com\/no\/wp-json\/wp\/v2\/comments?post=83475"}],"version-history":[{"count":0,"href":"https:\/\/www.europesays.com\/no\/wp-json\/wp\/v2\/posts\/83475\/revisions"}],"wp:featuredmedia":[{"embeddable":true,"href":"https:\/\/www.europesays.com\/no\/wp-json\/wp\/v2\/media\/83476"}],"wp:attachment":[{"href":"https:\/\/www.europesays.com\/no\/wp-json\/wp\/v2\/media?parent=83475"}],"wp:term":[{"taxonomy":"category","embeddable":true,"href":"https:\/\/www.europesays.com\/no\/wp-json\/wp\/v2\/categories?post=83475"},{"taxonomy":"post_tag","embeddable":true,"href":"https:\/\/www.europesays.com\/no\/wp-json\/wp\/v2\/tags?post=83475"}],"curies":[{"name":"wp","href":"https:\/\/api.w.org\/{rel}","templated":true}]}}