{"id":83523,"date":"2025-11-10T16:24:08","date_gmt":"2025-11-10T16:24:08","guid":{"rendered":"https:\/\/www.europesays.com\/no\/83523\/"},"modified":"2025-11-10T16:24:08","modified_gmt":"2025-11-10T16:24:08","slug":"kommer-til-a-vaere-en-del-av-samlingen","status":"publish","type":"post","link":"https:\/\/www.europesays.com\/no\/83523\/","title":{"rendered":"\u2013 Kommer til \u00e5 v\u00e6re en del av samlingen"},"content":{"rendered":"\n<p class=\"_lead_o9xde_2 _lead_xtcu6_50 layout-component text-serif-m layout-normal text-serif-l layout-component layout-wide layout-padded _wide_17hqh_1 layout-padded\">Svarer rundt sine vurderinger om Andreas Schjelderup (21) etter at han i helgen innr\u00f8mmet lovbrudd.<\/p>\n<p><img alt=\" Foto: MARIUS SIMENSEN \/ Bildbyr\u00e5n\" class=\"_image_qp4xg_65 layout-component layout-wide\" data-fullscreen- data-track-element-type=\"Article image fullscreen\" data-track-name=\"ImageFullscreen\" fetchpriority=\"high\" decoding=\"sync\" loading=\"eager\" height=\"3248\" itemprop=\"image\"  src=\"https:\/\/www.europesays.com\/no\/wp-content\/uploads\/2025\/11\/b2caf7c8-9ccd-48aa-900a-ecd67fcf9c97\"  style=\"object-position:0% 0%\" width=\"4872\"\/> Foto: MARIUS SIMENSEN \/ Bildbyr\u00e5n Oppdatert mandag 10. november kl. 17:12    <\/p>\n<ul class=\"_list_o9xde_3 _list_64s2r_85 _unordered_o9xde_106 text-sans-m\">\n<li class=\"_item_o9xde_30\">Solbakken lar Andreas Schjelderup bli i landslagstroppen, selv etter han innr\u00f8mmet lovbrudd knyttet til videodeling.<\/li>\n<li class=\"_item_o9xde_30\">Schjelderup venter tilst\u00e5elsesdom 19. november i Danmark.<\/li>\n<li class=\"_item_o9xde_30\">Solbakken er \u00abstoisk\u00bb rolig over avgj\u00f8relsen om \u00e5 la 21-\u00e5ringen bli i troppen.<\/li>\n<\/ul>\n<p>Vis mer <\/p>\n<p class=\"_paragraph_o9xde_4 _paragraph_xtcu6_10 layout-component text-serif-m layout-normal text-serif-m layout-padded\">\u2013 Han kommer til \u00e5 v\u00e6re en del av samlingen her, og v\u00e6re en del av troppen. Det er jeg ikke i tvil om at er riktig, sier Solbakken.<\/p>\n<p class=\"_paragraph_o9xde_4 _paragraph_xtcu6_10 layout-component text-serif-m layout-normal text-serif-m layout-padded\">Landslagsspiller Andreas Schjelderup innr\u00f8mmet denne helgen at han for to \u00e5r siden har beg\u00e5tt et lovbrudd i forbindelse med videodeling.<\/p>\n<p class=\"_paragraph_o9xde_4 _paragraph_xtcu6_10 layout-component text-serif-m layout-normal text-serif-m layout-padded\">Schjelderup forventer \u2013 og aksepterer \u2013 \u00e5 bli d\u00f8mt i en tilst\u00e5elsessak 19. november, i Danmark. <\/p>\n<p class=\"_paragraph_o9xde_4 _paragraph_xtcu6_10 layout-component text-serif-m layout-normal text-serif-m layout-padded\">\u2013 Han har gjort noe veldig dumt. Det vet Andreas veldig godt selv. Han har hatt en dialog med politiet fra dag \u00e9n, har lagt seg paddeflat og gitt opplysningene han skal gi. <\/p>\n<p class=\"_paragraph_o9xde_4 _paragraph_xtcu6_10 layout-component text-serif-m layout-normal text-serif-m layout-padded\"><strong class=\"_strong_o9xde_25\">\u2013 Det er ingen unnskyldninger for det han har gjort, sier Solbakken.<\/strong><\/p>\n<p class=\"_paragraph_o9xde_4 _paragraph_xtcu6_10 layout-component text-serif-m layout-normal text-serif-m layout-padded\">Det meste av pressekonferansen mandag handlet om Schjelderup. Her kan du se hele seansen i opptak:<\/p>\n<p class=\"_paragraph_o9xde_4 _paragraph_xtcu6_10 layout-component text-serif-m layout-normal text-serif-m layout-padded\">Han sier at 21-\u00e5ringen er p\u00e5 vei for \u00e5 slutte seg til troppen n\u00e5. P\u00e5 sp\u00f8rsm\u00e5l om han tror dette kommer til \u00e5 innvirke negativt p\u00e5 troppen f\u00f8r kampene, svarer han avvisende.<\/p>\n<p class=\"_paragraph_o9xde_4 _paragraph_xtcu6_10 layout-component text-serif-m layout-normal text-serif-m layout-padded\">\u2013 Denne troppen er s\u00e5 samment\u00f8mret, forklarer Solbakken.<\/p>\n<p class=\"_paragraph_o9xde_4 _paragraph_xtcu6_10 layout-component text-serif-m layout-normal text-serif-m layout-padded\">NRK sp\u00f8r om det er forenlig \u00e5 v\u00e6re en del av Norges landslagsstropp samtidig som man venter p\u00e5 en tilst\u00e5elsesdom.<\/p>\n<p class=\"_paragraph_o9xde_4 _paragraph_xtcu6_10 layout-component text-serif-m layout-normal text-serif-m layout-padded\"><a href=\"https:\/\/www.tv2.no\/mening_og_analyse\/han-bor-trekke-seg-fra-troppen\/18271410\/\" class=\"_link_o9xde_39\" rel=\"nofollow noopener\" target=\"_blank\">TV 2s kommentator Mina Finstad Berg<\/a> skriver det lureste hadde v\u00e6rt om han trakk seg fra denne samlingen.<\/p>\n<p class=\"_paragraph_o9xde_4 _paragraph_xtcu6_10 layout-component text-serif-m layout-normal text-serif-m layout-padded\">\u2013 Det vil alltid v\u00e6re delte meninger om det. Og det vil jeg ikke kommentere her i pressen. Jeg er veldig trygg p\u00e5 at vi har gjort det riktige, veldig trygg p\u00e5 at Andreas vil v\u00e6re seg selv og prestere og veldig trygg p\u00e5 at gruppen st\u00e5r bak ham.<\/p>\n<p class=\"_paragraph_o9xde_4 _paragraph_xtcu6_10 layout-component text-serif-m layout-normal text-serif-m layout-padded\"><strong class=\"_strong_o9xde_25\">\u2013 Jeg har stoisk ro i magen over det valget vi har tatt.<\/strong><\/p>\n<p class=\"_paragraph_o9xde_4 _paragraph_xtcu6_10 layout-component text-serif-m layout-normal text-serif-m layout-padded\">Det var som spiller i danske Nordsj\u00e6lland at hendelsen skal ha skjedd.<\/p>\n<p class=\"_paragraph_o9xde_4 _paragraph_xtcu6_10 layout-component text-serif-m layout-normal text-serif-m layout-padded\"> Da var han 19 \u00e5r.<\/p>\n<p class=\"_paragraph_o9xde_4 _paragraph_xtcu6_10 layout-component text-serif-m layout-normal text-serif-m layout-padded\">\u2013 Schjelderup har gjort en feil, en meget alvorlig feil, som medf\u00f8rer straffeansvar og som medf\u00f8rer ganske stor omtale, b\u00e5de i Norge og i utlandet, sa fotballpresident Lise Klaveness til NTB og andr mandag.<\/p>\n<p class=\"_paragraph_o9xde_4 _paragraph_xtcu6_10 layout-component text-serif-m layout-normal text-serif-m layout-padded\">Hun forventer en betinget dom p\u00e5 rundt syv dager eller en bot.<\/p>\n<p>Her er hele innlegget til Schjelderup<\/p>\n<p class=\"_paragraph_o9xde_4 _paragraph_xtcu6_10 _paragraph_16v91_10 layout-component text-serif-m layout-normal text-sans-m layout-padded\">Hei alle sammen,<\/p>\n<p class=\"_paragraph_o9xde_4 _paragraph_xtcu6_10 _paragraph_16v91_10 layout-component text-serif-m layout-normal text-sans-m layout-padded\">Jeg \u00f8nsker \u00e5 v\u00e6re \u00e5pen med dere om en dum feil jeg gjorde for rundt to \u00e5r siden. Den gangen var jeg 19 \u00e5r gammel, og n\u00e5 m\u00e5 jeg ta konsekvensene av denne feilen.<\/p>\n<p class=\"_paragraph_o9xde_4 _paragraph_xtcu6_10 _paragraph_16v91_10 layout-component text-serif-m layout-normal text-sans-m layout-padded\">Jeg tar fullt ansvar for det som skjedde og for det jeg har gjort, men det er viktig for meg at dere kjenner til bakgrunnen for hendelsen.<\/p>\n<p class=\"_paragraph_o9xde_4 _paragraph_xtcu6_10 _paragraph_16v91_10 layout-component text-serif-m layout-normal text-sans-m layout-padded\">Jeg bodde i Danmark p\u00e5 den tiden. Jeg mottok en kort video og videresendte den til en venn noen sekunder senere uten \u00e5 tenke meg om. Vi pleide alltid \u00e5 sende morsomme videoer til hverandre, slik mange ten\u00e5ringer gj\u00f8r. Da jeg fikk denne videoen og sendte den videre, tenkte jeg ikke over at denne var annerledes. Jeg s\u00e5 bare de f\u00f8rste sekundene og ikke hva videoen faktisk utviklet seg til.<\/p>\n<p class=\"_paragraph_o9xde_4 _paragraph_xtcu6_10 _paragraph_16v91_10 layout-component text-serif-m layout-normal text-sans-m layout-padded\">Vennen min, som s\u00e5 videoen noen sekunder senere, sa umiddelbart ifra om at det selvf\u00f8lgelig var ulovlig \u00e5 sende den, s\u00e5 jeg slettet den med en gang.<\/p>\n<p class=\"_paragraph_o9xde_4 _paragraph_xtcu6_10 _paragraph_16v91_10 layout-component text-serif-m layout-normal text-sans-m layout-padded\">I \u00f8yeblikket tenkte jeg dessverre ikke over konsekvensene eller at det kunne v\u00e6re ulovlig \u00e5 dele den. Jeg burde ha innsett alvoret, men det gjorde jeg ikke da.<\/p>\n<p class=\"_paragraph_o9xde_4 _paragraph_xtcu6_10 _paragraph_16v91_10 layout-component text-serif-m layout-normal text-sans-m layout-padded\">Den eneste forklaringen jeg har, er at jeg ble veldig sjokkert over \u00e5 se det som s\u00e5 ut til \u00e5 v\u00e6re to unge menn i en gammel og d\u00e5rlig video, og at jeg sendte den videre uten \u00e5 tenke.<\/p>\n<p class=\"_paragraph_o9xde_4 _paragraph_xtcu6_10 _paragraph_16v91_10 layout-component text-serif-m layout-normal text-sans-m layout-padded\">Min intensjon var aldri \u00e5 spre noe eller skade noen som var involvert. Det var en dum engangsfeil som jeg angrer dypt p\u00e5.<\/p>\n<p class=\"_paragraph_o9xde_4 _paragraph_xtcu6_10 _paragraph_16v91_10 layout-component text-serif-m layout-normal text-sans-m layout-padded\">Da dansk politi kontaktet meg tidligere i \u00e5r om det som hadde skjedd, fortalte jeg sannheten og har samarbeidet gjennom hele prosessen. Jeg ble siktet for lovbruddet, og jeg vil sannsynligvis bli d\u00f8mt i n\u00e6r fremtid og mest sannsynlig f\u00e5 en betinget dom.<\/p>\n<p class=\"_paragraph_o9xde_4 _paragraph_xtcu6_10 _paragraph_16v91_10 layout-component text-serif-m layout-normal text-sans-m layout-padded\">Jeg har ingen unnskyldninger. Det jeg gjorde i Danmark den gangen var ulovlig og ikke greit. Jeg vil ta fullt ansvar for det, og jeg h\u00e5per at min feil kan gj\u00f8re at andre unng\u00e5r \u00e5 gj\u00f8re den samme feilen etter \u00e5 ha h\u00f8rt eller lest min historie.<\/p>\n<p class=\"_paragraph_o9xde_4 _paragraph_xtcu6_10 _paragraph_16v91_10 layout-component text-serif-m layout-normal text-sans-m layout-padded\">Jeg h\u00e5per de vil tenke seg om neste gang de mottar noe som ikke b\u00f8r deles videre.<\/p>\n<p class=\"_paragraph_o9xde_4 _paragraph_xtcu6_10 _paragraph_16v91_10 layout-component text-serif-m layout-normal text-sans-m layout-padded\">Jeg vil f\u00f8rst og fremst be om unnskyldning til dem som er ber\u00f8rt av videoen. Deretter til vennene mine, familien min, arbeidsgiverne mine, landet mitt og alle fansen jeg har skuffet.<\/p>\n<p class=\"_paragraph_o9xde_4 _paragraph_xtcu6_10 _paragraph_16v91_10 layout-component text-serif-m layout-normal text-sans-m layout-padded\">Akkurat n\u00e5 skulle jeg \u00f8nske jeg kunne skru tiden tilbake og endre feilen min. Jeg har aldri gjort noe ulovlig f\u00f8r eller v\u00e6rt i kontakt med politiet, s\u00e5 jeg har v\u00e6rt i sjokk lenge mens dette har p\u00e5g\u00e5tt.<\/p>\n<p class=\"_paragraph_o9xde_4 _paragraph_xtcu6_10 _paragraph_16v91_10 layout-component text-serif-m layout-normal text-sans-m layout-padded\">Men her er vi. Jeg gjorde en feil, og jeg er klar til \u00e5 ta konsekvensene.<\/p>\n<p class=\"_paragraph_o9xde_4 _paragraph_xtcu6_10 _paragraph_16v91_10 layout-component text-serif-m layout-normal text-sans-m layout-padded\">Lovbruddet jeg kommer til \u00e5 bli d\u00f8mt for, gjenspeiler ikke hvem jeg er som person eller hva jeg st\u00e5r for.<\/p>\n<p class=\"_paragraph_o9xde_4 _paragraph_xtcu6_10 _paragraph_16v91_10 layout-component text-serif-m layout-normal text-sans-m layout-padded\">Jeg er oppriktig lei meg for feilen min og skammer meg over \u00e5 v\u00e6re i denne situasjonen. Alle som kjenner meg, vet hva jeg st\u00e5r for, s\u00e5 jeg forst\u00e5r at dette vil v\u00e6re et sjokk for mange.<\/p>\n<p class=\"_paragraph_o9xde_4 _paragraph_xtcu6_10 _paragraph_16v91_10 layout-component text-serif-m layout-normal text-sans-m layout-padded\">Jeg vet ogs\u00e5 at dette blir en un\u00f8dvendig forstyrrelse for det norske landslaget f\u00f8r noen av de viktigste kampene i v\u00e5r historie.<\/p>\n<p class=\"_paragraph_o9xde_4 _paragraph_xtcu6_10 _paragraph_16v91_10 layout-component text-serif-m layout-normal text-sans-m layout-padded\">Jeg hadde egentlig tenkt \u00e5 dele dette etter kampene for \u00e5 unng\u00e5 det, men det er dessverre ikke mulig lenger.<\/p>\n<p class=\"_paragraph_o9xde_4 _paragraph_xtcu6_10 _paragraph_16v91_10 layout-component text-serif-m layout-normal text-sans-m layout-padded\">Til alle: Vennligst ikke se p\u00e5 eller spre videoer med skadelig eller st\u00f8tende innhold. Det er ulovlig.<\/p>\n<p class=\"_paragraph_o9xde_4 _paragraph_xtcu6_10 _paragraph_16v91_10 layout-component text-serif-m layout-normal text-sans-m layout-padded\">Jeg vil igjen be om unnskyldning og h\u00e5per dere kan tilgi meg. Jeg vil gj\u00f8re alt jeg kan for \u00e5 rette opp dette.<\/p>\n<p>Vis mer<\/p>\n<p class=\"_paragraph_o9xde_4 _paragraph_xtcu6_10 layout-component text-serif-m layout-normal text-serif-m layout-padded\">\u2013 Andreas snakket med meg om dette p\u00e5 fredag. Det er ingen tvil om at dette var utrolig dumt gjort av en av v\u00e5re unge spillere, skrev St\u00e5le Solbakken til VG via kommunikasjonsavdelingen til Norges Fotballforbund l\u00f8rdag.<\/p>\n<p class=\"_paragraph_o9xde_4 _paragraph_xtcu6_10 layout-component text-serif-m layout-normal text-serif-m layout-padded\">Schjelderup er med i troppen som skal m\u00f8te Estland torsdag og Italia s\u00f8ndag.<\/p>\n<p class=\"_paragraph_o9xde_4 _paragraph_xtcu6_10 layout-component text-serif-m layout-normal text-serif-m layout-padded\">Dette er beskrevet som den viktigste uken for landslaget p\u00e5 25 \u00e5r. Om Norge tar fire poeng, g\u00e5r man til det f\u00f8rste mesterskapet siden \u00e5r 2000. <\/p>\n<p class=\"_paragraph_o9xde_4 _paragraph_xtcu6_10 layout-component text-serif-m layout-normal text-serif-m layout-padded\">Om Norge sl\u00e5r Estland torsdag, kan man etter alle solemerker tape stort i Italia og likevel g\u00e5 videre.<\/p>\n<p class=\"_paragraph_o9xde_4 _paragraph_xtcu6_10 layout-component text-serif-m layout-normal text-serif-m layout-padded\">Det meste handlet om Schjelderup p\u00e5 mandagens pressekonferanse.<\/p>\n<p class=\"_paragraph_o9xde_4 _paragraph_xtcu6_10 layout-component text-serif-m layout-normal text-serif-m layout-padded\">Samtidig avsl\u00f8rte Solbakken at Kristoffer Ajer med en liten skade. Brann-spiller Eivind Helland blir i s\u00e5 fall hans erstatter i troppen.<\/p>\n<p class=\"_paragraph_o9xde_4 _paragraph_xtcu6_10 layout-component text-serif-m layout-normal text-serif-m layout-padded\">Den skadede landslagskapteinen Martin \u00d8degaard kommer til \u00e5 slutte seg til samlingen torsdag.<\/p>\n","protected":false},"excerpt":{"rendered":"Svarer rundt sine vurderinger om Andreas Schjelderup (21) etter at han i helgen innr\u00f8mmet lovbrudd. Foto: MARIUS SIMENSEN&hellip;\n","protected":false},"author":2,"featured_media":83524,"comment_status":"","ping_status":"","sticky":false,"template":"","format":"standard","meta":{"footnotes":""},"categories":[59],"tags":[4761,3163,30,28,29,83,82,1387],"class_list":{"0":"post-83523","1":"post","2":"type-post","3":"status-publish","4":"format-standard","5":"has-post-thumbnail","7":"category-sport","8":"tag-andreas-schjelderup","9":"tag-herrelandslaget-fotball","10":"tag-no","11":"tag-norge","12":"tag-norway","13":"tag-sport","14":"tag-sports","15":"tag-stale-solbakken"},"share_on_mastodon":{"url":"https:\/\/pubeurope.com\/@no\/115526334170031448","error":""},"_links":{"self":[{"href":"https:\/\/www.europesays.com\/no\/wp-json\/wp\/v2\/posts\/83523","targetHints":{"allow":["GET"]}}],"collection":[{"href":"https:\/\/www.europesays.com\/no\/wp-json\/wp\/v2\/posts"}],"about":[{"href":"https:\/\/www.europesays.com\/no\/wp-json\/wp\/v2\/types\/post"}],"author":[{"embeddable":true,"href":"https:\/\/www.europesays.com\/no\/wp-json\/wp\/v2\/users\/2"}],"replies":[{"embeddable":true,"href":"https:\/\/www.europesays.com\/no\/wp-json\/wp\/v2\/comments?post=83523"}],"version-history":[{"count":0,"href":"https:\/\/www.europesays.com\/no\/wp-json\/wp\/v2\/posts\/83523\/revisions"}],"wp:featuredmedia":[{"embeddable":true,"href":"https:\/\/www.europesays.com\/no\/wp-json\/wp\/v2\/media\/83524"}],"wp:attachment":[{"href":"https:\/\/www.europesays.com\/no\/wp-json\/wp\/v2\/media?parent=83523"}],"wp:term":[{"taxonomy":"category","embeddable":true,"href":"https:\/\/www.europesays.com\/no\/wp-json\/wp\/v2\/categories?post=83523"},{"taxonomy":"post_tag","embeddable":true,"href":"https:\/\/www.europesays.com\/no\/wp-json\/wp\/v2\/tags?post=83523"}],"curies":[{"name":"wp","href":"https:\/\/api.w.org\/{rel}","templated":true}]}}