{"id":83529,"date":"2025-11-10T16:30:29","date_gmt":"2025-11-10T16:30:29","guid":{"rendered":"https:\/\/www.europesays.com\/no\/83529\/"},"modified":"2025-11-10T16:30:29","modified_gmt":"2025-11-10T16:30:29","slug":"reagerer-pa-konkurs-markedet-er-elendig-mn24-no","status":"publish","type":"post","link":"https:\/\/www.europesays.com\/no\/83529\/","title":{"rendered":"Reagerer p\u00e5 konkurs: \u2013 Markedet er elendig &#8211; mn24.no"},"content":{"rendered":"<ol>\n<li><a href=\"https:\/\/news.google.com\/rss\/articles\/CBMiiAFBVV95cUxNZEVfLVU3Q18tYUhIckpiVWxmczJFUFpFaFl3M0VhYXBTaEptQTJGbnNqNVBtY0VsUTVlem1CN01FcUdDY0xBTy05Wnh1WEsyQXZrdC1nSm1sRXhOeHJKUVB4UXJBX3ZtRXRGVXdrYW5FVGpzQkFqenhPRlRCOEdoWnZzbmE2alhO?oc=5\" target=\"_blank\" rel=\"nofollow noopener\">Reagerer p\u00e5 konkurs: \u2013 Markedet er elendig<\/a>&nbsp;&nbsp;mn24.no<\/li>\n<li><a href=\"https:\/\/news.google.com\/rss\/articles\/CBMirwFBVV95cUxNNkVRaE55dmNJeks1SnBma0VmYTNoV0FzenpPaV9FUk9OVk9jNnNIU1g1TDFMRkFwUVNNOGtfN1RmVWpwWk5feU80QThmVXFKRGlGSTZIWlZhbE0zLUdKbTExUjFkMmo2RFNQcnlkR3JWRm5WSllsaTZDZUJpeTItQTRocEFTME5GdVQwZmJoN1NVLXNCWHNSWGJ3dmxKRmdMVWxxVXhIYnR1X3d5eVY0?oc=5\" target=\"_blank\" rel=\"nofollow noopener\">Eiere trakk seg ut noen m\u00e5neder f\u00f8r styret kastet kortene<\/a>&nbsp;&nbsp;innherred.no<\/li>\n<li><a href=\"https:\/\/news.google.com\/rss\/articles\/CBMimgFBVV95cUxQZ19uQXVmdWlwYnUwZGRWMWxZVWJGdTRRTTRpdnhVdUhldV9MU2xFSzZkTHlxV2xiWjdyVVBNYlo5UWFycERPcFI0WHRDbDExX29MOU85U2h3TnNjbjVJay1rMFY0ZE9YSUkzNzNKbGh2MFhYNGhCSVhfS1BGMHF1bFRJWWpZVV9EQXRJTXNlZzRlY3ZOTUc4cWZn?oc=5\" target=\"_blank\" rel=\"nofollow noopener\">Entrepren\u00f8r, Levanger | M\u00e5tte gi opp til slutt: \u2013 Jeg skal vel finne noe annet \u00e5 gj\u00f8re<\/a>&nbsp;&nbsp;Tr\u00f8nder-Avisa<\/li>\n<li><a href=\"https:\/\/news.google.com\/rss\/articles\/CBMiggFBVV95cUxNNkt6M3lOSWNwLU02c0plcjRFUzVMalFRMDFndzhodGNMQjNpdjdrLTBRbktaUlBMWnhGQVlNRWFsTThHN2V1eW5mZmhQN2EyU081bmR4YWpTRERJVlJjQTlvUzJvTGtvdVNBdXVQU3JXWXpjV2lrVFozQ3plMHUtdWFn?oc=5\" target=\"_blank\" rel=\"nofollow noopener\">Konkurs, Frosta | Frent-konkursen: Skylder 13 millioner<\/a>&nbsp;&nbsp;Frostingen<\/li>\n<li><a href=\"https:\/\/news.google.com\/rss\/articles\/CBMif0FVX3lxTE1MMmo1bjRXdVRSV1Z0cWpxRno1QzZNZ2NrT195UG1MNTlkZFl5b2dHVFhkNDRhUDY3bzF2dWhLSFBDT2oxZHNLZGJ5NFZ1akI1UDVfY0lwaXM4QUVtMjVsSHI4Rm9iR1pKRUhUaHNuRW1BUVd4aXd1R1F1OGx3ZFk?oc=5\" target=\"_blank\" rel=\"nofollow noopener\">N\u00e6ringsliv, \u00d8konomi | Frosta-\u00c5sen-firma har meldt oppbud &#8211; 12 mister jobben<\/a>&nbsp;&nbsp;Frostingen<\/li>\n<\/ol>\n","protected":false},"excerpt":{"rendered":"Reagerer p\u00e5 konkurs: \u2013 Markedet er elendig&nbsp;&nbsp;mn24.no Eiere trakk seg ut noen m\u00e5neder f\u00f8r styret kastet kortene&nbsp;&nbsp;innherred.no Entrepren\u00f8r,&hellip;\n","protected":false},"author":2,"featured_media":83530,"comment_status":"","ping_status":"","sticky":false,"template":"","format":"standard","meta":{"footnotes":""},"categories":[5],"tags":[20,21,5059,24,25,15,19,22,23,17,18,13,30,28,29,14,16,26,27],"class_list":{"0":"post-83529","1":"post","2":"type-post","3":"status-publish","4":"format-standard","5":"has-post-thumbnail","7":"category-overskrifter","8":"tag-breaking-news","9":"tag-breakingnews","10":"tag-entreprenor","11":"tag-featured-news","12":"tag-featurednews","13":"tag-headlines","14":"tag-hovedoppslag","15":"tag-latest-news","16":"tag-latestnews","17":"tag-main-news","18":"tag-mainnews","19":"tag-news","20":"tag-no","21":"tag-norge","22":"tag-norway","23":"tag-nyheter","24":"tag-overskrifter","25":"tag-top-stories","26":"tag-topstories"},"share_on_mastodon":{"url":"https:\/\/pubeurope.com\/@no\/115526358021634849","error":""},"_links":{"self":[{"href":"https:\/\/www.europesays.com\/no\/wp-json\/wp\/v2\/posts\/83529","targetHints":{"allow":["GET"]}}],"collection":[{"href":"https:\/\/www.europesays.com\/no\/wp-json\/wp\/v2\/posts"}],"about":[{"href":"https:\/\/www.europesays.com\/no\/wp-json\/wp\/v2\/types\/post"}],"author":[{"embeddable":true,"href":"https:\/\/www.europesays.com\/no\/wp-json\/wp\/v2\/users\/2"}],"replies":[{"embeddable":true,"href":"https:\/\/www.europesays.com\/no\/wp-json\/wp\/v2\/comments?post=83529"}],"version-history":[{"count":0,"href":"https:\/\/www.europesays.com\/no\/wp-json\/wp\/v2\/posts\/83529\/revisions"}],"wp:featuredmedia":[{"embeddable":true,"href":"https:\/\/www.europesays.com\/no\/wp-json\/wp\/v2\/media\/83530"}],"wp:attachment":[{"href":"https:\/\/www.europesays.com\/no\/wp-json\/wp\/v2\/media?parent=83529"}],"wp:term":[{"taxonomy":"category","embeddable":true,"href":"https:\/\/www.europesays.com\/no\/wp-json\/wp\/v2\/categories?post=83529"},{"taxonomy":"post_tag","embeddable":true,"href":"https:\/\/www.europesays.com\/no\/wp-json\/wp\/v2\/tags?post=83529"}],"curies":[{"name":"wp","href":"https:\/\/api.w.org\/{rel}","templated":true}]}}