{"id":83560,"date":"2025-11-10T17:04:15","date_gmt":"2025-11-10T17:04:15","guid":{"rendered":"https:\/\/www.europesays.com\/no\/83560\/"},"modified":"2025-11-10T17:04:15","modified_gmt":"2025-11-10T17:04:15","slug":"starter-2026-turneen-i-norge","status":"publish","type":"post","link":"https:\/\/www.europesays.com\/no\/83560\/","title":{"rendered":"Starter 2026-turneen i Norge"},"content":{"rendered":"<p>  Foo Fighters skal ut p\u00e5 ny turn\u00e9 \u2013 og starter den i Norge neste \u00e5r.<\/p>\n<p>\n    Foo Fighters p\u00e5 Roskilde i 2024, da de sist var p\u00e5 turn\u00e9. Foto: Helle Arensbak \/ Ritzau Scanpix \/ AP \/ NTB\n  <\/p>\n<p>De amerikanske rockerne blir \u00e5 se p\u00e5 Unity arena utenfor Oslo 10. juni 2026, med Royel Otis og Otoboke Beaver som oppvarmingsband.<\/p>\n<p>De legger ut p\u00e5 en Europa-turn\u00e9 kalt \u00abTake Cover\u00bb, som tar dem til et knippe europeiske byer den neste m\u00e5neden. Billettsalget starter fredag, med ulike forsalg onsdag og torsdag.<\/p>\n<p>Foo Fighters, som best\u00e5r av Dave Grohl, Nate Mendel, Pat Smear, Chris Shiflett, Rami Jaffee og Ilan Rubin, lover \u00e5 spille fra sin katalog av hits. <\/p>\n<p>Bandet har akkurat sluppet singelen \u00abAsking for a Friend\u00bb.<\/p>\n","protected":false},"excerpt":{"rendered":"Foo Fighters skal ut p\u00e5 ny turn\u00e9 \u2013 og starter den i Norge neste \u00e5r. Foo Fighters p\u00e5&hellip;\n","protected":false},"author":2,"featured_media":83561,"comment_status":"","ping_status":"","sticky":false,"template":"","format":"standard","meta":{"footnotes":""},"categories":[58],"tags":[71,9533,155,410,221,30,28,29,14,72],"class_list":{"0":"post-83560","1":"post","2":"type-post","3":"status-publish","4":"format-standard","5":"has-post-thumbnail","7":"category-underholdning","8":"tag-entertainment","9":"tag-foo-fighters","10":"tag-konsert","11":"tag-kultur","12":"tag-musikk","13":"tag-no","14":"tag-norge","15":"tag-norway","16":"tag-nyheter","17":"tag-underholdning"},"share_on_mastodon":{"url":"https:\/\/pubeurope.com\/@no\/115526491363323339","error":""},"_links":{"self":[{"href":"https:\/\/www.europesays.com\/no\/wp-json\/wp\/v2\/posts\/83560","targetHints":{"allow":["GET"]}}],"collection":[{"href":"https:\/\/www.europesays.com\/no\/wp-json\/wp\/v2\/posts"}],"about":[{"href":"https:\/\/www.europesays.com\/no\/wp-json\/wp\/v2\/types\/post"}],"author":[{"embeddable":true,"href":"https:\/\/www.europesays.com\/no\/wp-json\/wp\/v2\/users\/2"}],"replies":[{"embeddable":true,"href":"https:\/\/www.europesays.com\/no\/wp-json\/wp\/v2\/comments?post=83560"}],"version-history":[{"count":0,"href":"https:\/\/www.europesays.com\/no\/wp-json\/wp\/v2\/posts\/83560\/revisions"}],"wp:featuredmedia":[{"embeddable":true,"href":"https:\/\/www.europesays.com\/no\/wp-json\/wp\/v2\/media\/83561"}],"wp:attachment":[{"href":"https:\/\/www.europesays.com\/no\/wp-json\/wp\/v2\/media?parent=83560"}],"wp:term":[{"taxonomy":"category","embeddable":true,"href":"https:\/\/www.europesays.com\/no\/wp-json\/wp\/v2\/categories?post=83560"},{"taxonomy":"post_tag","embeddable":true,"href":"https:\/\/www.europesays.com\/no\/wp-json\/wp\/v2\/tags?post=83560"}],"curies":[{"name":"wp","href":"https:\/\/api.w.org\/{rel}","templated":true}]}}