{"id":8357,"date":"2025-08-14T21:06:55","date_gmt":"2025-08-14T21:06:55","guid":{"rendered":"https:\/\/www.europesays.com\/no\/8357\/"},"modified":"2025-08-14T21:06:55","modified_gmt":"2025-08-14T21:06:55","slug":"okonomi-og-naeringsliv-rente-styringsrenten-holdes-uendret-behov-for-innstrammende-pengepolitikk","status":"publish","type":"post","link":"https:\/\/www.europesays.com\/no\/8357\/","title":{"rendered":"\u00d8konomi og n\u00e6ringsliv, Rente | Styringsrenten holdes uendret: \u2013 Behov for innstrammende pengepolitikk"},"content":{"rendered":"\n<p>Etter overraskelseskuttet rett f\u00f8r sommeren var det ikke ventet at Norges Bank skulle g\u00e5 for nok et kutt i styringsrenten. Beslutningen fra g\u00e5rsdagens rentem\u00f8te ble lagt fram under Arendalsuka torsdag.<\/p>\n<p>\u2013 Jobben med \u00e5 f\u00e5 bukt med inflasjonen er ikke fullf\u00f8rt. Det er fortsatt behov for en innstrammende pengepolitikk. Samtidig \u00f8nsker vi ikke \u00e5 bremse \u00f8konomien mer enn n\u00f8dvendig. I juni begynte vi \u00e5 lette litt p\u00e5 bremsen, og det vil trolig v\u00e6re riktig \u00e5 fortsette en forsiktig normalisering av styringsrenten fremover, sier sentralbanksjef Ida Wolden Bache.<\/p>\n<p>G\u00e5r mot nytt rentekutt<\/p>\n<p>I prognosen fra rentem\u00f8tet i juni la Norges Bank til rette for ett eller to rentekutt til i \u00e5r, men Wolden Bache \u00f8nsket da ikke \u00e5 gi noen konkrete tidspunkter for eventuelle renteendringer. Det gj\u00f8r hun heller ikke n\u00e5, og selv om det ikke kommer noen oppdatert renteprognose i dag, sier sentralbanksjefen at utsiktene ikke har forandret seg.<\/p>\n<p>\u2013 Renteprognosen vi la fram i juni indikerte ytterligere ett til to rentekutt i l\u00f8pet av \u00e5ret. Vi har ingen nye prognoser n\u00e5. Men den informasjonen vi s\u00e5 langt har f\u00e5tt, tyder p\u00e5 at utsiktene for norsk \u00f8konomi ikke er vesentlig annerledes enn vi da s\u00e5 for oss.<\/p>\n<p>      \u2013 Skuffende og bekymringsfull<\/p>\n<p>F\u00f8r rentebeslutningen var det bred enighet blant \u00f8konomer om at det ikke var ventet et rentekutt denne m\u00e5neden, etter at styringsrenten ble satt ned for f\u00f8rste gang p\u00e5 fem \u00e5r f\u00f8r sommeren. Likevel er det flere som er skuffet over avgj\u00f8relsen.<\/p>\n<p>\u2013 Norges Banks beslutning om \u00e5 holde styringsrenten uendret er ikke overraskende, men like fullt skuffende og bekymringsfull. Boligbyggingen g\u00e5r for halv maskin, og leiemarkedet er i fritt fall. Pengepolitikken har kvelt boliginvesteringene, sier administrerende direkt\u00f8r i Norges Eiendomsmeglerforbund Carl Geving.<\/p>\n<p>Han mener situasjonen er urovekkende og sier det er \u00absystemkritisk dersom boligforsyningen svikter\u00bb.<\/p>\n<p>\u2013 Nordmenn har rekordh\u00f8y gjeld og husholdningene mottar stadig flere inkassokrav. Rentekuttet f\u00f8r sommeren er for mange ikke nok til \u00e5 f\u00e5 hodet over vann og det er fortsatt t\u00f8ft for dem som sliter \u00f8konomisk, uttaler norgessjef i Bluestep Bank og Bank2, Sebastian Mikolajczyk.<\/p>\n<p>\u2013 Riktig \u00e5 holde den uendret<\/p>\n<p>Neste pengepolitiske rapport kommer i september, n\u00e5r ogs\u00e5 flere \u00f8konomer ser for seg et nytt rentekutt. Da f\u00e5r man en oppdatert prognose for hvordan Norges Bank ser for seg rentebanen i tiden som kommer.<\/p>\n<p>NHO sier dagens rentebeslutning var som ventet.<\/p>\n<p>\u2013 Den \u00f8konomiske utviklingen siden junim\u00f8tet har v\u00e6rt omtrent slik Norges Bank s\u00e5 for seg, og i frav\u00e6r av nye beregninger og \u00f8konomiske anslag var det riktig \u00e5 holde renten uendret i dag. Men allerede i september tror vi det kommer et rentekutt til, sier NHOs sjef\u00f8konom \u00d8ystein D\u00f8rum<\/p>\n","protected":false},"excerpt":{"rendered":"Etter overraskelseskuttet rett f\u00f8r sommeren var det ikke ventet at Norges Bank skulle g\u00e5 for nok et kutt&hellip;\n","protected":false},"author":2,"featured_media":8310,"comment_status":"","ping_status":"","sticky":false,"template":"","format":"standard","meta":{"footnotes":""},"categories":[56],"tags":[36,60,61,62,30,28,241,29,216,1795,1510],"class_list":{"0":"post-8357","1":"post","2":"type-post","3":"status-publish","4":"format-standard","5":"has-post-thumbnail","7":"category-naeringsliv","8":"tag-art","9":"tag-business","10":"tag-economy","11":"tag-naeringsliv","12":"tag-no","13":"tag-norge","14":"tag-norges-bank","15":"tag-norway","16":"tag-okonomi-og-naeringsliv","17":"tag-rente","18":"tag-story"},"share_on_mastodon":{"url":"","error":""},"_links":{"self":[{"href":"https:\/\/www.europesays.com\/no\/wp-json\/wp\/v2\/posts\/8357","targetHints":{"allow":["GET"]}}],"collection":[{"href":"https:\/\/www.europesays.com\/no\/wp-json\/wp\/v2\/posts"}],"about":[{"href":"https:\/\/www.europesays.com\/no\/wp-json\/wp\/v2\/types\/post"}],"author":[{"embeddable":true,"href":"https:\/\/www.europesays.com\/no\/wp-json\/wp\/v2\/users\/2"}],"replies":[{"embeddable":true,"href":"https:\/\/www.europesays.com\/no\/wp-json\/wp\/v2\/comments?post=8357"}],"version-history":[{"count":0,"href":"https:\/\/www.europesays.com\/no\/wp-json\/wp\/v2\/posts\/8357\/revisions"}],"wp:featuredmedia":[{"embeddable":true,"href":"https:\/\/www.europesays.com\/no\/wp-json\/wp\/v2\/media\/8310"}],"wp:attachment":[{"href":"https:\/\/www.europesays.com\/no\/wp-json\/wp\/v2\/media?parent=8357"}],"wp:term":[{"taxonomy":"category","embeddable":true,"href":"https:\/\/www.europesays.com\/no\/wp-json\/wp\/v2\/categories?post=8357"},{"taxonomy":"post_tag","embeddable":true,"href":"https:\/\/www.europesays.com\/no\/wp-json\/wp\/v2\/tags?post=8357"}],"curies":[{"name":"wp","href":"https:\/\/api.w.org\/{rel}","templated":true}]}}