{"id":83611,"date":"2025-11-10T18:04:06","date_gmt":"2025-11-10T18:04:06","guid":{"rendered":"https:\/\/www.europesays.com\/no\/83611\/"},"modified":"2025-11-10T18:04:06","modified_gmt":"2025-11-10T18:04:06","slug":"matt-fraction-snakker-om-sin-suksessrike-batman-tegneserie-da-jeg-innsa-at-jeg-burde-vaere-redd-var-det-for-sent","status":"publish","type":"post","link":"https:\/\/www.europesays.com\/no\/83611\/","title":{"rendered":"Matt Fraction snakker om sin suksessrike Batman-tegneserie: &laquo;Da jeg inns\u00e5 at jeg burde v\u00e6re redd, var det for sent&raquo; &#8211;"},"content":{"rendered":"<p>DC er utvilsomt sv\u00e6rt forn\u00f8yd med arbeidet som forfatter Matt Fraction og tegner Jorge Jimenez har levert med sin nye Batman-tegneserie, for til tross for at den f\u00f8rste utgaven i den nye sagaen f\u00f8rst ble lansert i begynnelsen av september, er den <a href=\"https:\/\/www.dc.com\/blog\/2025-11-04\/batman-1-returns-for-a-third-printing\" target=\"_blank\" rel=\"nofollow noopener\">allerede inne i sitt tredje<\/a> opplag etter \u00e5 ha blitt sendt ut i hundretusener av eksemplarer. Det sier seg selv at det kanskje ikke finnes noen st\u00f8rre superhelt i dag enn Gothams Caped Crusader, og da vi snakket med Fraction p\u00e5 San Diego Comic Con Malaga, m\u00e5tte vi naturligvis sp\u00f8rre om denne mottakelsen har overrasket ham.<\/p>\n<p>&laquo;Den solgte 500 000 eksemplarer, det er \u00e5rets mest solgte tegneserie. Da jeg skj\u00f8nte at jeg burde v\u00e6re redd, var det for sent. Jeg var seks nummer ut i serien f\u00f8r det gikk opp for meg. Dette er en stor greie, jeg burde bli skremt av dette. Det f\u00f8les utrolig, mottakelsen har v\u00e6rt fantastisk. Det er Batman, han er den kuleste figuren i tegneserier, folk elsker ham. Jeg er henrykt over \u00e5 v\u00e6re her, jeg kan ikke tro at jeg lurte noen til \u00e5 betale meg for \u00e5 skrive den. Det er fantastisk.&raquo;<\/p>\n<p>Vi spurte ogs\u00e5 Fraction om hva han \u00f8nsket og fortsatt \u00f8nsker \u00e5 oppn\u00e5 med denne serien, og han fortalte oss alt om planene om \u00e5 bringe tilbake en versjon av Batman og Gotham som kanskje har falmet bort i det siste.<\/p>\n<p>&laquo;Jeg \u00f8nsket \u00e5 gj\u00f8re&#8230; Jeg var interessert i \u00e5 fortelle en historie som var veldig superheltaktig. Og Batman har v\u00e6rt veldig svart og gr\u00e5 og brun og gr\u00f8nn, og Gotham City ser ut som en d\u00f8d avokado, og du trenger en stivkrampevaksine hver gang du g\u00e5r ut. Det var ikke det som fikk meg til \u00e5 forelske meg i figuren, og jeg tror grunnen til at den har holdt ut i 85 \u00e5r, er at man kan fortelle alle disse forskjellige historiene med den figuren. Og jeg ville lage en superheltversjon av boken. F\u00f8rste gang Jorge og jeg snakket sammen, sa jeg: &laquo;Jeg vil ha ham tilbake i bl\u00e5tt og gr\u00e5tt. Jeg savnet det, og han sa umiddelbart ja!&raquo;<\/p>\n<p>Fraction fortsatte: &laquo;Jeg tullet ikke, tegneserier er et visuelt medium. Jeg ville ha en bok som s\u00e5 vakker ut, jeg ville se et Gotham der jeg forsto hvorfor folk ville bo der. Jeg ville feire alle tegneseriestoffene som folk elsker. Bare fordi jeg savnet det, men det var ogs\u00e5 det som fikk meg til \u00e5&#8230; Batman var den f\u00f8rste tegneserien jeg leste. Jeg var tre \u00e5r gammel, det var i 1978. Det f\u00f8les som om jeg danser med jenta som brakte meg hit. S\u00e5 jeg vil feire alt det som fikk meg til \u00e5 elske tegneserier, og det betyr farger og pop og skala og energi og alt det der.<\/p>\n<p>&laquo;Til tross for alt det bemerkelsesverdige arbeidet som har skjedd med Batman, tror jeg virkelig at han har holdt ut fordi ingen av disse historiene gj\u00f8r noen av de andre ugyldige. Du kan ha Lego Batman og Ben Affleck p\u00e5 kino samtidig, og ingen blir forvirret. Alt er Batman. S\u00e5 jeg ville skrive en tegneserie med den samme energien, som om alt er lov.&raquo;<\/p>\n<p>Du kan se hele intervjuet med lokaliserte undertekster nedenfor for \u00e5 h\u00f8re hva Fraction hadde \u00e5 si om den nylige Superman filmen, hvordan det var \u00e5 skrive Hawkeye, og mer. Vi har ogs\u00e5 nylig snakket med Fractions partner, Kelly Sue Deconnick, om hennes <a href=\"https:\/\/www.gamereactor.no\/tegneserieforfatter-kelly-sue-deconnick-captain-marvel-kommer-til-a-sta-i-nekrologen-min-1894603\/\" target=\"_blank\" title=\"Tegneserieforfatter Kelly Sue DeConnick: &quot;Captain Marvel kommer til \u00e5 st\u00e5 i nekrologen min&quot;\" rel=\"nofollow noopener\">innsats med \u00e5 omforme Captain Marvel<\/a> og om <a href=\"https:\/\/www.gamereactor.no\/kelly-sue-deconnick-jobber-med-en-ny-grafisk-roman-som-vil-ha-et-storre-omfang-enn-wonder-woman-historia-1895683\/\" target=\"_blank\" title=\"Kelly Sue DeConnick jobber med en ny grafisk roman som vil ha et st\u00f8rre omfang enn Wonder Woman Historia\" rel=\"nofollow noopener\">hva hun har planlagt for fremtiden<\/a>.<\/p>\n","protected":false},"excerpt":{"rendered":"DC er utvilsomt sv\u00e6rt forn\u00f8yd med arbeidet som forfatter Matt Fraction og tegner Jorge Jimenez har levert med&hellip;\n","protected":false},"author":2,"featured_media":83612,"comment_status":"","ping_status":"","sticky":false,"template":"","format":"standard","meta":{"footnotes":""},"categories":[57],"tags":[30,28,29,65,63,64,66,70,69,67,68],"class_list":{"0":"post-83611","1":"post","2":"type-post","3":"status-publish","4":"format-standard","5":"has-post-thumbnail","7":"category-vitenskap-og-teknologi","8":"tag-no","9":"tag-norge","10":"tag-norway","11":"tag-science","12":"tag-science-and-technology","13":"tag-scienceandtechnology","14":"tag-technology","15":"tag-teknologi","16":"tag-vitenskap","17":"tag-vitenskap-og-teknologi","18":"tag-vitenskapteknologi"},"share_on_mastodon":{"url":"https:\/\/pubeurope.com\/@no\/115526727350223375","error":""},"_links":{"self":[{"href":"https:\/\/www.europesays.com\/no\/wp-json\/wp\/v2\/posts\/83611","targetHints":{"allow":["GET"]}}],"collection":[{"href":"https:\/\/www.europesays.com\/no\/wp-json\/wp\/v2\/posts"}],"about":[{"href":"https:\/\/www.europesays.com\/no\/wp-json\/wp\/v2\/types\/post"}],"author":[{"embeddable":true,"href":"https:\/\/www.europesays.com\/no\/wp-json\/wp\/v2\/users\/2"}],"replies":[{"embeddable":true,"href":"https:\/\/www.europesays.com\/no\/wp-json\/wp\/v2\/comments?post=83611"}],"version-history":[{"count":0,"href":"https:\/\/www.europesays.com\/no\/wp-json\/wp\/v2\/posts\/83611\/revisions"}],"wp:featuredmedia":[{"embeddable":true,"href":"https:\/\/www.europesays.com\/no\/wp-json\/wp\/v2\/media\/83612"}],"wp:attachment":[{"href":"https:\/\/www.europesays.com\/no\/wp-json\/wp\/v2\/media?parent=83611"}],"wp:term":[{"taxonomy":"category","embeddable":true,"href":"https:\/\/www.europesays.com\/no\/wp-json\/wp\/v2\/categories?post=83611"},{"taxonomy":"post_tag","embeddable":true,"href":"https:\/\/www.europesays.com\/no\/wp-json\/wp\/v2\/tags?post=83611"}],"curies":[{"name":"wp","href":"https:\/\/api.w.org\/{rel}","templated":true}]}}