{"id":83635,"date":"2025-11-10T18:25:29","date_gmt":"2025-11-10T18:25:29","guid":{"rendered":"https:\/\/www.europesays.com\/no\/83635\/"},"modified":"2025-11-10T18:25:29","modified_gmt":"2025-11-10T18:25:29","slug":"underholdning-tv-2-ny-jobb-drom-for-en-gammel-psykopat","status":"publish","type":"post","link":"https:\/\/www.europesays.com\/no\/83635\/","title":{"rendered":"Underholdning, TV 2 | Ny jobb: \u2013 Dr\u00f8m for en gammel psykopat"},"content":{"rendered":"\n<p><a href=\"https:\/\/www.nettavisen.no\/kjendis\/harald-eia-far-ny-jobb-drom-for-en-gammel-psykopat\/s\/5-95-2718698\" rel=\"Follow nofollow noopener\" target=\"_blank\">NETTAVISEN<\/a>: Trioen best\u00e5r av Else K\u00e5ss Furuseth, Harald Eia og Oskar Westerlin, melder TV 2 i en pressemelding.<\/p>\n<p>Rampenissen, som vi m\u00f8ter som en fysisk dukke i studio, vil hver dag presentere en ny konkurranse som deltakerne m\u00e5 gj\u00f8re sitt beste for \u00e5 l\u00f8se.<\/p>\n<p>Men det deltakerne ikke vet, er at det finnes et hemmelig kontrollrom, der tre andre store profiler koser seg. Det er denne trekl\u00f8veren som er den egentlige Rampenissen, og som styrer alt Rampenissen gj\u00f8r.<\/p>\n<p>   <img decoding=\"async\" width=\"3840\" height=\"2160\" fetchpriority=\"low\"  loading=\"lazy\"  src=\"https:\/\/www.europesays.com\/no\/wp-content\/uploads\/2025\/11\/rampenissen+tv+2.bin\" alt=\"\" class=\"brick-c-cFOWSL\" style=\"--brick-image-ratio: 3840 \/ 2160;\"\/><\/p>\n<p>      NY JULEKALENDER: Else K\u00e5ss Furuseth, Oskar Westerlin og Harald Eia.<br \/>\n      Foto: Trygve R\u00f8nningen (TV 2)\n    <\/p>\n<p>\u2013 Det er g\u00f8y \u00e5 v\u00e6re med p\u00e5 et helt nytt program, da kan jeg v\u00e6re med \u00e5 forme det fra bunn, sier Westerlin.<\/p>\n<p>Sammen med sin far deltok han ogs\u00e5 p\u00e5 TV 2-programmet \u00abHotellet\u00bb i h\u00f8st. Der gikk de tidlig ut.<\/p>\n<p>\u2013 Jeg ryker som regel rett ut av reality, s\u00e5 jeg m\u00e5tte gj\u00f8re noen endringer for \u00e5 sikre at jeg ble med lengre enn episode \u00e9n. Det skal litt til \u00e5 stemme ut et hemmelig kontrollrom, sier Westerlin videre.<\/p>\n<p>Else K\u00e5ss Furuseth koste seg ogs\u00e5 med makt over 25 andre kjendiser.<\/p>\n<p>\u2013 Det er ikke s\u00e5 ofte jeg havner i en s\u00e5nn maktposisjon, s\u00e5 jeg pr\u00f8vde \u00e5 misbruke s\u00e5 mye makt som mulig for \u00e5 sette det norske folk i rampete julestemning, sier hun.<\/p>\n<p>Ogs\u00e5 Harald Eia gleder seg stort.<\/p>\n<p>\u2013 Det er en dr\u00f8m for en gammel psykopat \u00e5 sitte der med Else og Oskar. De er ogs\u00e5 glade i \u00e5 eksperimentere med menneskedyret, s\u00e5 det var g\u00f8y \u00e5 se hvem som kunne g\u00e5 lengst, sier han i pressemeldingen.<\/p>\n<p>\u00abRampenissen\u00bb har premiere p\u00e5 TV 2 Play 1. desember.<\/p>\n<p>  <a href=\"https:\/\/www.rb.no\/5-43-2603521\" class=\"related-teaser has-image default-story-teaser article--c-eRUmMG article--c-eRUmMG-jKCPdD-design-default\" rel=\"nofollow noopener\" target=\"_blank\"><\/p>\n<p>    <img decoding=\"async\" loading=\"lazy\"  src=\"https:\/\/www.europesays.com\/no\/wp-content\/uploads\/2025\/11\/IMG_9477.JPG\" alt=\"\" class=\"brick-c-cFOWSL\" style=\"\"\/><\/p>\n<p>\n            Les ogs\u00e5<\/p>\n<p>              Oppdaget rotter i grillen: \u2013 Vi t\u00f8r knapt \u00e5 bruke uteplassen\n        <\/p>\n<p>  <\/a><\/p>\n<p>  <a href=\"https:\/\/www.rb.no\/5-43-2605875\" class=\"related-teaser has-image default-story-teaser article--c-eRUmMG article--c-eRUmMG-jKCPdD-design-default\" rel=\"nofollow noopener\" target=\"_blank\"><\/p>\n<p>    <img decoding=\"async\" loading=\"lazy\"  src=\"https:\/\/www.europesays.com\/no\/wp-content\/uploads\/2025\/11\/1762799128_543_BNtlwShY7NQ.jpg\" alt=\"\" class=\"brick-c-cFOWSL\" style=\"\"\/><\/p>\n<p>\n            Les ogs\u00e5<\/p>\n<p>              Avfreder omr\u00e5de for ny Glommakryssing: \u2013 Et sjeldent og drastisk steg\n        <\/p>\n<p>  <\/a><\/p>\n<p>  <a href=\"https:\/\/www.rb.no\/5-43-2598310\" class=\"related-teaser has-image default-story-teaser article--c-eRUmMG article--c-eRUmMG-jKCPdD-design-default\" rel=\"nofollow noopener\" target=\"_blank\"><\/p>\n<p>    <img decoding=\"async\" loading=\"lazy\"  src=\"https:\/\/www.europesays.com\/no\/wp-content\/uploads\/2025\/10\/Togkutt-5.jpg\" alt=\"\" class=\"brick-c-cFOWSL\" style=\"\"\/><\/p>\n<p>\n            Les ogs\u00e5<\/p>\n<p>              Har samlet inn over 1.100 underskrifter: \u2013 Mange er bekymret\n        <\/p>\n<p>  <\/a><\/p>\n","protected":false},"excerpt":{"rendered":"NETTAVISEN: Trioen best\u00e5r av Else K\u00e5ss Furuseth, Harald Eia og Oskar Westerlin, melder TV 2 i en pressemelding.&hellip;\n","protected":false},"author":2,"featured_media":83148,"comment_status":"","ping_status":"","sticky":false,"template":"","format":"standard","meta":{"footnotes":""},"categories":[58],"tags":[36,71,30,28,29,11226,1510,208,72],"class_list":{"0":"post-83635","1":"post","2":"type-post","3":"status-publish","4":"format-standard","5":"has-post-thumbnail","7":"category-underholdning","8":"tag-art","9":"tag-entertainment","10":"tag-no","11":"tag-norge","12":"tag-norway","13":"tag-rampenisse","14":"tag-story","15":"tag-tv-2","16":"tag-underholdning"},"share_on_mastodon":{"url":"https:\/\/pubeurope.com\/@no\/115526810197876891","error":""},"_links":{"self":[{"href":"https:\/\/www.europesays.com\/no\/wp-json\/wp\/v2\/posts\/83635","targetHints":{"allow":["GET"]}}],"collection":[{"href":"https:\/\/www.europesays.com\/no\/wp-json\/wp\/v2\/posts"}],"about":[{"href":"https:\/\/www.europesays.com\/no\/wp-json\/wp\/v2\/types\/post"}],"author":[{"embeddable":true,"href":"https:\/\/www.europesays.com\/no\/wp-json\/wp\/v2\/users\/2"}],"replies":[{"embeddable":true,"href":"https:\/\/www.europesays.com\/no\/wp-json\/wp\/v2\/comments?post=83635"}],"version-history":[{"count":0,"href":"https:\/\/www.europesays.com\/no\/wp-json\/wp\/v2\/posts\/83635\/revisions"}],"wp:featuredmedia":[{"embeddable":true,"href":"https:\/\/www.europesays.com\/no\/wp-json\/wp\/v2\/media\/83148"}],"wp:attachment":[{"href":"https:\/\/www.europesays.com\/no\/wp-json\/wp\/v2\/media?parent=83635"}],"wp:term":[{"taxonomy":"category","embeddable":true,"href":"https:\/\/www.europesays.com\/no\/wp-json\/wp\/v2\/categories?post=83635"},{"taxonomy":"post_tag","embeddable":true,"href":"https:\/\/www.europesays.com\/no\/wp-json\/wp\/v2\/tags?post=83635"}],"curies":[{"name":"wp","href":"https:\/\/api.w.org\/{rel}","templated":true}]}}