{"id":83651,"date":"2025-11-10T18:40:18","date_gmt":"2025-11-10T18:40:18","guid":{"rendered":"https:\/\/www.europesays.com\/no\/83651\/"},"modified":"2025-11-10T18:40:18","modified_gmt":"2025-11-10T18:40:18","slug":"kristin-gjelsvik-kritiserer-nytt-hudpleiemerke-for-barn","status":"publish","type":"post","link":"https:\/\/www.europesays.com\/no\/83651\/","title":{"rendered":"Kristin Gjelsvik kritiserer nytt hudpleiemerke for barn:"},"content":{"rendered":"<p class=\"kicker \" style=\"\">Kristin Gjelsvik:\u00a0<\/p>\n<p>  Kristin Gjelsvik raser etter lanseringen av et nytt hudpleiemerke rettet mot barn.\u00a0<\/p>\n<p>\n    REAGERER: Influenser Kristin Gjelsvik reagerer kraftig p\u00e5 Shay Mitchells nye hudpleiesatsning, som er rettet mot barn. Foto: J\u00f8rn H.Moen \/ Dagbladet\n  <\/p>\n<p> Influens\u00ader og mor Kristin Gjelsvik (38) reagerer kraftig p\u00e5 et nytt hudpleiemerke rettet mot barn.\u00a0<\/p>\n<p>    <a itemprop=\"url\" href=\"https:\/\/www.dagbladet.no\/kjendis\/ut-mot-store-null-ryggrad\/83133034\" rel=\"nofollow noopener\" target=\"_blank\"><\/p>\n<p>      <img loading=\"lazy\" decoding=\"async\" src=\"https:\/\/www.europesays.com\/no\/wp-content\/uploads\/2025\/11\/83133122.webp\" width=\"980\" height=\"441\" title=\"Ut mot St\u00f8re: - Null ryggrad\" alt=\"\" class=\"lazyload\" style=\"--aspect-ratio-image: 2.22; \"\/><\/p>\n<p>        Ut mot St\u00f8re: &#8211; Null ryggrad<\/p>\n<p>    <\/a><\/p>\n<p>P\u00e5 <a href=\"https:\/\/www.instagram.com\/p\/DQ3vYzbDTWX\/\" rel=\"nofollow noopener\" target=\"_blank\">Instagram<\/a> deler hun en rekke bilder av barn med ansiktsmasker, sammen med en lang bildetekst der hun lufter tankene sine.\u00a0<\/p>\n<p> \u00abEn kjent profil har n\u00e5 lansert hudpleie &#8211; for barn. Ja, du leste riktig. Hudpleie. For barn\u00bb, skriver influenseren.\u00a0<\/p>\n<p>          <img loading=\"lazy\" decoding=\"async\" src=\"https:\/\/www.europesays.com\/no\/wp-content\/uploads\/2025\/11\/81220264.webp\" width=\"980\" height=\"559\" title=\"ABSURD: Influenseren Kristin Gjelsvik forteller at hun knapt trodde sine egne \u00f8yne da hun s\u00e5 m\u00e5lgruppa til hudpleiemerket \u00abRini\u00bb. Foto: J\u00f8rn H.Moen \/ Dagbladet\" alt=\"\" class=\"\" style=\"--aspect-ratio-image: 1.75; \"\/><\/p>\n<p>\n          ABSURD: Influenseren Kristin Gjelsvik forteller at hun knapt trodde sine egne \u00f8yne da hun s\u00e5 m\u00e5lgruppa til hudpleiemerket \u00abRini\u00bb. Foto: J\u00f8rn H.Moen \/ Dagbladet\n      <\/p>\n<p>Til Dagbladet forteller influenseren at lanseringen av merket gj\u00f8r henne b\u00e5de trist og forbanna.\u00a0<\/p>\n<p>&#8211;\u00a0Jeg ble rett og slett sjokkert. Hudpleie for barn, helt ned i tre\u00e5rsalderen, er s\u00e5 absurd at jeg nesten ikke trodde at det var ekte. <\/p>\n<p>Startet av verdensstjerne\t<\/p>\n<p>Det er \u00abPretty Little Liars\u00bb-skuespilleren Shay Mitchell (38) som st\u00e5r bak merket, som har f\u00e5tt navnet \u00abRini\u00bb.\u00a0\u00a0<\/p>\n<p>Sammen med medgr\u00fcnderne Esther Song og Matte Babel, Mitchells samboer, har hun skapt produkter som skal v\u00e6re \u00absk\u00e5nsomme, p\u00e5litelige og inspirere kreativitet\u00bb. <\/p>\n<p>          <img loading=\"lazy\" decoding=\"async\" src=\"https:\/\/www.europesays.com\/no\/wp-content\/uploads\/2025\/11\/83831618.webp\" width=\"686\" height=\"460\" title=\"GR\u00dcNDER: Skuespilleren Shay Mitchell, kjent fra blant annet \u00abPretty Little Liars\u00bb og \u00abYou\u00bb, har startet et hudpleiemerke rettet mot barn. Foto: Jordan Strauss\/Invision\/AP\/NTB\" alt=\"\" class=\"\" style=\"--aspect-ratio-image: 1.49; \"\/><\/p>\n<p>\n          GR\u00dcNDER: Skuespilleren Shay Mitchell, kjent fra blant annet \u00abPretty Little Liars\u00bb og \u00abYou\u00bb, har startet et hudpleiemerke rettet mot barn. Foto: Jordan Strauss\/Invision\/AP\/NTB\n      <\/p>\n<p>If\u00f8lge Mitchell selv har prosjektet v\u00e6rt under arbeid i tre \u00e5r.\u00a0<\/p>\n<p> P\u00e5\u00a0<a href=\"https:\/\/www.instagram.com\/p\/DQuweS9EgdC\/\" rel=\"nofollow noopener\" target=\"_blank\">Instagram<\/a>\u00a0forklarer hun at ideen er inspirert av d\u00f8trene hennes og deres nysgjerrighet p\u00e5 hva moren gj\u00f8r. Hun har d\u00f8trene Atlas Noa (6) og Rome (3) sammen med kj\u00e6resten Matte Babel. <\/p>\n<p>Hun presiserer samtidig at merket handler om selvpleie, og ikke \u00e5 skape\u00a0 et skj\u00f8nnhetsfokus.\u00a0<\/p>\n<p> \u00abRini handler ikke om skj\u00f8nnhet, men om selvpleie. Om \u00e5 l\u00e6re barna at det \u00e5 ta vare p\u00e5 seg selv kan v\u00e6re morsomt, sk\u00e5nsomt og trygt\u00bb, skrev hun under innlegget.\u00a0<\/p>\n<p>-Gj\u00f8r meg trist og forbanna\t<\/p>\n<p> Mitchells forklaring om \u00abtrygge produkter\u00bb og \u00abselvpleie\u00bb f\u00e5r ikke Gjelsvik til \u00e5 endre mening.\u00a0<\/p>\n<p class=\"font-weight-bold m-font-weight-bold\" data-lab-font_weight=\"font-weight-bold\">&#8211;\u00a0Jeg synes det er h\u00e5rreisende \u00e5 pakke inn kommersialisering av barndommen i et begrep som \u00abselfcare\u00bb. Det er et smart grep, men det er ikke \u00e6rlig, sier hun til Dagbladet.\u00a0<\/p>\n<p>        SJOKKERT: Tale Torjussen og Trygve Bennetsen ble tatt p\u00e5 senga av sjokkbeskjeden. Reporter: Nora Skavhaug. Video: Thea Hope. <\/p>\n<p>38-\u00e5ringen er heller ikke enig med Mitchell n\u00e5r det kommer til \u00e5 \u00abm\u00f8te barnas nysgjerrighet p\u00e5 en trygg m\u00e5te\u00bb.<\/p>\n<p class=\"font-weight-bold m-font-weight-bold\" data-lab-font_weight=\"font-weight-bold\">&#8211;\u00a0Barns nysgjerrighet skal m\u00f8tes med samtaler, ikke produkter. En seks\u00e5ring som ber om hudpleie har ikke kommet p\u00e5 det selv, hun har sett det, sier Gjelsvik.\u00a0<\/p>\n<p>    <a itemprop=\"url\" href=\"https:\/\/www.dagbladet.no\/kjendis\/innrommer-et-helvete\/83831443\" rel=\"nofollow noopener\" target=\"_blank\"><\/p>\n<p>      <img loading=\"lazy\" decoding=\"async\" src=\"https:\/\/www.europesays.com\/no\/wp-content\/uploads\/2025\/11\/83831471.webp\" width=\"980\" height=\"441\" title=\"Innr\u00f8mmer: - Et helvete\" alt=\"\" class=\"lazyload\" style=\"--aspect-ratio-image: 2.22; \"\/><\/p>\n<p>        Innr\u00f8mmer: &#8211; Et helvete<\/p>\n<p>    <\/a><\/p>\n<p>Hun fortsetter:<\/p>\n<p>&#8211; Dette handler ikke om barns behov. Det handler om voksnes behov for \u00e5 kapitalisere p\u00e5 barns usikkerhet.<\/p>\n<p>          <img loading=\"lazy\" decoding=\"async\" src=\"https:\/\/www.europesays.com\/no\/wp-content\/uploads\/2025\/11\/83831896.webp\" width=\"686\" height=\"735\" title=\"FUNNET LYKKEN: Kristin Gjelsvik har funnet lykken med en mann utenfor rampelyset. Tidligere i \u00e5r ble de forlovet. Foto: Instagram \/ @kristingjelsvik\" alt=\"\" class=\"\" style=\"--aspect-ratio-image: 0.93; \"\/><\/p>\n<p>\n          FUNNET LYKKEN: Kristin Gjelsvik har funnet lykken med en mann utenfor rampelyset. Tidligere i \u00e5r ble de forlovet. Foto: Instagram \/ @kristingjelsvik\n      <\/p>\n<p> Hun stiller ogs\u00e5 sp\u00f8rsm\u00e5l ved at slike produkter kommer fra profiler som selv er m\u00f8dre. <\/p>\n<p>&#8211;\u00a0Det gj\u00f8r meg oppriktig trist og forbanna, for man vet hvor lettp\u00e5virkelige barn er. Man vet hvor s\u00e5rbare de er for sammenligning og press, og likevel velger man \u00e5 bruke den innsikten til \u00e5 skape business. <\/p>\n<p>    <a itemprop=\"url\" href=\"https:\/\/www.dagbladet.no\/kjendis\/startet-dagen-i-ambulanse\/83829672\" rel=\"nofollow noopener\" target=\"_blank\"><\/p>\n<p>      <img loading=\"lazy\" decoding=\"async\" src=\"https:\/\/www.europesays.com\/no\/wp-content\/uploads\/2025\/11\/83829700.webp\" width=\"980\" height=\"441\" title=\"- Startet dagen i ambulanse\" alt=\"\" class=\"lazyload\" style=\"--aspect-ratio-image: 2.22; \"\/><\/p>\n<p>        &#8211; Startet dagen i ambulanse<\/p>\n<p>    <\/a><\/p>\n<p> Gjelsvik h\u00e5per innlegget hennes kan bli en vekker. <\/p>\n<p>&#8211; Vi foreldre m\u00e5 ta ansvar, vi m\u00e5 begynne \u00e5 si nei, og vi m\u00e5 innse at n\u00e5r ti\u00e5ringer maser etter retinol, s\u00e5 er det ikke fordi de har behov for det, det er fordi de har sett det.\u00a0<\/p>\n<p>          <img loading=\"lazy\" decoding=\"async\" src=\"https:\/\/www.europesays.com\/no\/wp-content\/uploads\/2025\/11\/82756500.webp\" width=\"980\" height=\"559\" title=\"SIER FRA: Influenseren mener det er viktig for foreldre \u00e5 ta ansvar dersom barna sp\u00f8r etter hudpleie og sminke. Foto: J\u00f8rn H. Moen \/ Dagbladet\" alt=\"\" class=\"\" style=\"--aspect-ratio-image: 1.75; \"\/><\/p>\n<p>\n          SIER FRA: Influenseren mener det er viktig for foreldre \u00e5 ta ansvar dersom barna sp\u00f8r etter hudpleie og sminke. Foto: J\u00f8rn H. Moen \/ Dagbladet\n      <\/p>\n<p> Hun mener sosiale medier spiller en sentral rolle i at barn i dag blir eksponert for et skj\u00f8nnhetsfokus de ikke er modne for. <\/p>\n<p>&#8211;\u00a0 Barn trenger ikke hudpleie. De trenger grenser, trygghet og voksne som sier: Du er perfekt akkurat som du er. <\/p>\n<p>        RASER: Denne hendelsen fra en konsert med artisten Halsey i Washington D.C. tirsdag 4. november har f\u00e5tt fansen til \u00e5 se r\u00f8dt. <\/p>\n<p><b>F\u00e5r st\u00f8tte i kommentarfeltet<\/b>\t<\/p>\n<p> Innlegget har p\u00e5 kort tid f\u00e5tt massiv respons, med hundrevis av kommentarer fra foreldre og f\u00f8lgere som st\u00f8tter budskapet.\u00a0<\/p>\n<p>Blant dem som har vist st\u00f8tte i kommentarfeltet er journalist Ingeborg Senneset (40).\u00a0<\/p>\n<p>          <img loading=\"lazy\" decoding=\"async\" src=\"https:\/\/www.europesays.com\/no\/wp-content\/uploads\/2025\/11\/82067368.webp\" width=\"686\" height=\"632\" title=\"IKKE IMPONERT: Journalist Ingeborg Senneset er enig i Gjelsviks kritikk av det nye hudpleiemerket. Foto: Fredrik Varfjell \/ NTB\" alt=\"\" class=\"\" style=\"--aspect-ratio-image: 1.09; \"\/><\/p>\n<p>\n          IKKE IMPONERT: Journalist Ingeborg Senneset er enig i Gjelsviks kritikk av det nye hudpleiemerket. Foto: Fredrik Varfjell \/ NTB\n      <\/p>\n<p>Hun skriver:\u00a0 \u00abAh, endelig! Altfor d\u00e5rlig utvalg av rynkekremer for fem\u00e5ringer som vil motvirke tidlige aldringstegn og plump lips for sexy med stil-sensuelle sju\u00e5ringer. Ser alltid etter det n\u00e5r det skal shoppes bikinier til babyer s\u00e5 de f\u00e5r \u00f8vd p\u00e5 \u00e5 vise navlen i tide for magetopp og hotpants p\u00e5 SFO. Der skal de tross alt ta p\u00e5 maskara og foundation og blunke til de voksne\u2026. Vent\u2026.\u00bb <\/p>\n<p>    <a itemprop=\"url\" href=\"https:\/\/www.dagbladet.no\/kjendis\/da-mamma-dode-klarte-jeg-a-leve\/83778966\" rel=\"nofollow noopener\" target=\"_blank\"><\/p>\n<p>      <img loading=\"lazy\" decoding=\"async\" src=\"https:\/\/www.europesays.com\/no\/wp-content\/uploads\/2025\/11\/1762800018_877_83790605.webp\" width=\"980\" height=\"441\" title=\"- Da mamma d\u00f8de, klarte jeg \u00e5 leve\" alt=\"\" class=\"lazyload\" style=\"--aspect-ratio-image: 2.22; \"\/><\/p>\n<p>         &#8211; Da mamma d\u00f8de, klarte jeg \u00e5 leve<\/p>\n<p>    <\/a><\/p>\n<p>Komiker Trine Line Olsen (49) har ogs\u00e5 tatt til kommentarfeltet for \u00e5 belyse sine tanker:\u00a0 \u00abIkke greit!!!! Skam p\u00e5 folk som &#8216;gir etter&#8217; for det presset fra barna sine ogs\u00e5!\u00bb.\u00a0<\/p>\n<p class=\"no_italic m-no_italic\" data-lab-italic=\"\">Micthell har mottatt kritikk for merket \u00abverden over\u00bb, men har forel\u00f8pig ikke kommentert dette.<\/p>\n<p><script async src=\"\/\/www.instagram.com\/embed.js\"><\/script><\/p>\n","protected":false},"excerpt":{"rendered":"Kristin Gjelsvik:\u00a0 Kristin Gjelsvik raser etter lanseringen av et nytt hudpleiemerke rettet mot barn.\u00a0 REAGERER: Influenser Kristin Gjelsvik&hellip;\n","protected":false},"author":2,"featured_media":83652,"comment_status":"","ping_status":"","sticky":false,"template":"","format":"standard","meta":{"footnotes":""},"categories":[5],"tags":[20,21,24,25,15,19,6842,479,6230,22,23,17,18,13,30,28,29,14,16,11227,26,27],"class_list":{"0":"post-83651","1":"post","2":"type-post","3":"status-publish","4":"format-standard","5":"has-post-thumbnail","7":"category-overskrifter","8":"tag-breaking-news","9":"tag-breakingnews","10":"tag-featured-news","11":"tag-featurednews","12":"tag-headlines","13":"tag-hovedoppslag","14":"tag-hudpleie","15":"tag-kjendis","16":"tag-kristin-gjelsvik","17":"tag-latest-news","18":"tag-latestnews","19":"tag-main-news","20":"tag-mainnews","21":"tag-news","22":"tag-no","23":"tag-norge","24":"tag-norway","25":"tag-nyheter","26":"tag-overskrifter","27":"tag-shay-mitchell","28":"tag-top-stories","29":"tag-topstories"},"share_on_mastodon":{"url":"https:\/\/pubeurope.com\/@no\/115526869295033175","error":""},"_links":{"self":[{"href":"https:\/\/www.europesays.com\/no\/wp-json\/wp\/v2\/posts\/83651","targetHints":{"allow":["GET"]}}],"collection":[{"href":"https:\/\/www.europesays.com\/no\/wp-json\/wp\/v2\/posts"}],"about":[{"href":"https:\/\/www.europesays.com\/no\/wp-json\/wp\/v2\/types\/post"}],"author":[{"embeddable":true,"href":"https:\/\/www.europesays.com\/no\/wp-json\/wp\/v2\/users\/2"}],"replies":[{"embeddable":true,"href":"https:\/\/www.europesays.com\/no\/wp-json\/wp\/v2\/comments?post=83651"}],"version-history":[{"count":0,"href":"https:\/\/www.europesays.com\/no\/wp-json\/wp\/v2\/posts\/83651\/revisions"}],"wp:featuredmedia":[{"embeddable":true,"href":"https:\/\/www.europesays.com\/no\/wp-json\/wp\/v2\/media\/83652"}],"wp:attachment":[{"href":"https:\/\/www.europesays.com\/no\/wp-json\/wp\/v2\/media?parent=83651"}],"wp:term":[{"taxonomy":"category","embeddable":true,"href":"https:\/\/www.europesays.com\/no\/wp-json\/wp\/v2\/categories?post=83651"},{"taxonomy":"post_tag","embeddable":true,"href":"https:\/\/www.europesays.com\/no\/wp-json\/wp\/v2\/tags?post=83651"}],"curies":[{"name":"wp","href":"https:\/\/api.w.org\/{rel}","templated":true}]}}