{"id":83691,"date":"2025-11-10T19:35:55","date_gmt":"2025-11-10T19:35:55","guid":{"rendered":"https:\/\/www.europesays.com\/no\/83691\/"},"modified":"2025-11-10T19:35:55","modified_gmt":"2025-11-10T19:35:55","slug":"storhandel-i-sverige-egil-dahl-har-kjopt-aksjer-for-100-mill-dagens-naeringsliv","status":"publish","type":"post","link":"https:\/\/www.europesays.com\/no\/83691\/","title":{"rendered":"Storhandel i Sverige: Egil Dahl har kj\u00f8pt aksjer for 100 mill. (+) &#8211; Dagens N\u00e6ringsliv"},"content":{"rendered":"<ol>\n<li><a href=\"https:\/\/news.google.com\/rss\/articles\/CBMiqwFBVV95cUxQa1VjbHBmQzV2akQ3aVBKdTVmR09md3liRkk4QWJSYS1zQV94M1pTV3BPMUY3a09NTVZpVjZxMTFVSllqRkhBZmJ1dzZQWVZucXBjdHFEOEFOcFdnaXptb1hiUmhCemFlX19sMDc1RXQ3clY2cHVnNHFJUjZjTlQyZDNIOHJyb2pkbURPSE5DMGhyaGEyWmZKRnNvcnlCc1NlbkNDRk1mWWlNVnM?oc=5\" target=\"_blank\" rel=\"nofollow noopener\">Storhandel i Sverige: Egil Dahl har kj\u00f8pt aksjer for 100 mill. (+)<\/a>&nbsp;&nbsp;Dagens N\u00e6ringsliv<\/li>\n<li><a href=\"https:\/\/news.google.com\/rss\/articles\/CBMifEFVX3lxTE9SeTJyUzBWNGkwcUxablpYVTRQN0RZVWJDdzViRURBNDhfU0lqazZFUGFkXzBuQ0dpQ1U4X1hRQTdGSWlxWjNkMUtlMmJiWWJUYnZKTHZWU1RJaTd5UUxZXzVIVTVVQTZqdEJUVmRwUUZwUXhJZzFkUjF3OGs?oc=5\" target=\"_blank\" rel=\"nofollow noopener\">DN mener: St\u00f8res villedende renteprat (+)<\/a>&nbsp;&nbsp;Dagens N\u00e6ringsliv<\/li>\n<li><a href=\"https:\/\/news.google.com\/rss\/articles\/CBMingFBVV95cUxNOXkteUh3RlAtbkN1WjVTTmE0ZEVQRWFaVGlLSFpuM3FHc2hfQVoxVHdBTUhScWhhUDVBZlN5LUdENFVHYlZtbllnS0w4Y3hWU1NMeWxOSm16NDNSYUJyTG1ES2hfQW1FcnBrenRkVVotNkxSSkhoOTVUNDRUTGlhM3lWNmpfOVRhWXhCTGNwc0xvY2NXV1dDU2phS0ZnQQ?oc=5\" target=\"_blank\" rel=\"nofollow noopener\">EU-landene med nytt klimam\u00e5l: Skal kutte 90 prosent innen 2040<\/a>&nbsp;&nbsp;VG<\/li>\n<li><a href=\"https:\/\/news.google.com\/rss\/articles\/CBMixAFBVV95cUxORnEtbkdURmp4a095SFZzeWY4ZVgxeTRlalZHMHFRWGY0Vmp2bjNGZlBTQkw2VE4xcG02Q2ZGTE1mZEUyTWwwUENvVGNNWlNvbXNSdTJkTTdJX3FXZlQ1SjFDcDJSazgyckN6TzFZbzJRR2xGMXNXSjJQWV9SS2l4alpadnF3VE9SMnBzRGI0ZTFzZm8tblBBYlU1elJHYzNmYUdMM2E4RDB4YXI3SUxqTS1jUVN0Snp5WmwxTEMwN2NCdE85?oc=5\" target=\"_blank\" rel=\"nofollow noopener\">EU vil utsette kvotesystem i ett \u00e5r \u2013 vil ogs\u00e5 gjelde Norge<\/a>&nbsp;&nbsp;Nettavisen<\/li>\n<li><a href=\"https:\/\/news.google.com\/rss\/articles\/CBMimAFBVV95cUxONWZOQ3E1R1c4TU04bUF2MHk0dmZSWF9wMEF5SGtDV0l6WFMyaG5IRGloLWRfUUtyMVQ0bFA5OS1Wc21ueFRKVnQ0RjIwZFk4ZGVXYlhRNHRtQTJSZ29TVWVIVkR6SkdNdl9TU0ExcjZMM2ZLdXNsZ0xPekhyTk80R0VXc0pPbDZVTDlkNnBJdXdEWWtROWppRw?oc=5\" target=\"_blank\" rel=\"nofollow noopener\">Den stille batterirevolusjonen: Europas neste store r\u00e5stoffkrig<\/a>&nbsp;&nbsp;Teksiden<\/li>\n<\/ol>\n","protected":false},"excerpt":{"rendered":"Storhandel i Sverige: Egil Dahl har kj\u00f8pt aksjer for 100 mill. (+)&nbsp;&nbsp;Dagens N\u00e6ringsliv DN mener: St\u00f8res villedende renteprat&hellip;\n","protected":false},"author":2,"featured_media":83692,"comment_status":"","ping_status":"","sticky":false,"template":"","format":"standard","meta":{"footnotes":""},"categories":[5],"tags":[20,21,24,25,15,19,22,23,17,18,13,30,28,29,14,16,26,27],"class_list":{"0":"post-83691","1":"post","2":"type-post","3":"status-publish","4":"format-standard","5":"has-post-thumbnail","7":"category-overskrifter","8":"tag-breaking-news","9":"tag-breakingnews","10":"tag-featured-news","11":"tag-featurednews","12":"tag-headlines","13":"tag-hovedoppslag","14":"tag-latest-news","15":"tag-latestnews","16":"tag-main-news","17":"tag-mainnews","18":"tag-news","19":"tag-no","20":"tag-norge","21":"tag-norway","22":"tag-nyheter","23":"tag-overskrifter","24":"tag-top-stories","25":"tag-topstories"},"share_on_mastodon":{"url":"https:\/\/pubeurope.com\/@no\/115527089109357698","error":""},"_links":{"self":[{"href":"https:\/\/www.europesays.com\/no\/wp-json\/wp\/v2\/posts\/83691","targetHints":{"allow":["GET"]}}],"collection":[{"href":"https:\/\/www.europesays.com\/no\/wp-json\/wp\/v2\/posts"}],"about":[{"href":"https:\/\/www.europesays.com\/no\/wp-json\/wp\/v2\/types\/post"}],"author":[{"embeddable":true,"href":"https:\/\/www.europesays.com\/no\/wp-json\/wp\/v2\/users\/2"}],"replies":[{"embeddable":true,"href":"https:\/\/www.europesays.com\/no\/wp-json\/wp\/v2\/comments?post=83691"}],"version-history":[{"count":0,"href":"https:\/\/www.europesays.com\/no\/wp-json\/wp\/v2\/posts\/83691\/revisions"}],"wp:featuredmedia":[{"embeddable":true,"href":"https:\/\/www.europesays.com\/no\/wp-json\/wp\/v2\/media\/83692"}],"wp:attachment":[{"href":"https:\/\/www.europesays.com\/no\/wp-json\/wp\/v2\/media?parent=83691"}],"wp:term":[{"taxonomy":"category","embeddable":true,"href":"https:\/\/www.europesays.com\/no\/wp-json\/wp\/v2\/categories?post=83691"},{"taxonomy":"post_tag","embeddable":true,"href":"https:\/\/www.europesays.com\/no\/wp-json\/wp\/v2\/tags?post=83691"}],"curies":[{"name":"wp","href":"https:\/\/api.w.org\/{rel}","templated":true}]}}