{"id":83729,"date":"2025-11-10T20:18:10","date_gmt":"2025-11-10T20:18:10","guid":{"rendered":"https:\/\/www.europesays.com\/no\/83729\/"},"modified":"2025-11-10T20:18:10","modified_gmt":"2025-11-10T20:18:10","slug":"sport-tennis-far-millionsum-selv-om-han-ikke-spiller","status":"publish","type":"post","link":"https:\/\/www.europesays.com\/no\/83729\/","title":{"rendered":"Sport, Tennis | F\u00e5r millionsum selv om han ikke spiller"},"content":{"rendered":"\n<p>Det blir alts\u00e5 ingen d\u00e5rlig timel\u00f8nn for Snar\u00f8ya-mannen som avbr\u00f8t ferien og takket ja da superstjernen Novak Djokovic trakk seg fra tennisens prestisjetunge sesongfinale.<\/p>\n<p>Ruud er 2. reserve og har Alexander Bublik foran seg i k\u00f8en. En reserve kan erstatte en spiller som trekker seg f\u00f8r gruppespillet er over, s\u00e5 lenge spilleren har minst \u00e9n kamp igjen.<\/p>\n<p>Det skal med andre ord to forfall til for at Ruud skal komme p\u00e5 banen i Torino-turneringen. Likevel innkasserer han 155.000 dollar, som tilsvarer 1,57 millioner kroner etter dagens kurs, for \u00e5 v\u00e6re tilgjengelig.<\/p>\n<p>Det viser <a rel=\"noopener nofollow\" href=\"https:\/\/www.nittoatpfinals.com\/en\/event\/points-and-prize-money\" target=\"_blank\">en oversikt fra ATP<\/a>.<\/p>\n<p>Premiebel\u00f8pet vokser naturligvis betydelig dersom han faktisk skulle f\u00e5 sjansen til \u00e5 spille. For deltakelse venter minimum 1,68 millioner kroner, mens det er utbetalinger for seirer og avansement videre i turneringen.<\/p>\n<p>Disse spillerne skal gj\u00f8re opp om \u00e5rets tittel i ATP-sluttspillet: Carlos Alcaraz, Jannik Sinner, Alexander Zverev, Ben Shelton, Taylor Fritz, Alex de Minaur, Felix Auger-Aliassime og Lorenzo Musetti.<\/p>\n<p>Ruud har deltatt i ATP-sluttspillet tre ganger tidligere, senest i fjor. I 2022 kom han til finalen, der han tapte for Djokovic.<\/p>\n<p>(\u00a9NTB)<\/p>\n","protected":false},"excerpt":{"rendered":"Det blir alts\u00e5 ingen d\u00e5rlig timel\u00f8nn for Snar\u00f8ya-mannen som avbr\u00f8t ferien og takket ja da superstjernen Novak Djokovic&hellip;\n","protected":false},"author":2,"featured_media":83730,"comment_status":"","ping_status":"","sticky":false,"template":"","format":"standard","meta":{"footnotes":""},"categories":[59],"tags":[36,908,30,28,29,4499,83,82,1510,909],"class_list":{"0":"post-83729","1":"post","2":"type-post","3":"status-publish","4":"format-standard","5":"has-post-thumbnail","7":"category-sport","8":"tag-art","9":"tag-casper-ruud","10":"tag-no","11":"tag-norge","12":"tag-norway","13":"tag-snaroya","14":"tag-sport","15":"tag-sports","16":"tag-story","17":"tag-tennis"},"share_on_mastodon":{"url":"https:\/\/pubeurope.com\/@no\/115527254363896292","error":""},"_links":{"self":[{"href":"https:\/\/www.europesays.com\/no\/wp-json\/wp\/v2\/posts\/83729","targetHints":{"allow":["GET"]}}],"collection":[{"href":"https:\/\/www.europesays.com\/no\/wp-json\/wp\/v2\/posts"}],"about":[{"href":"https:\/\/www.europesays.com\/no\/wp-json\/wp\/v2\/types\/post"}],"author":[{"embeddable":true,"href":"https:\/\/www.europesays.com\/no\/wp-json\/wp\/v2\/users\/2"}],"replies":[{"embeddable":true,"href":"https:\/\/www.europesays.com\/no\/wp-json\/wp\/v2\/comments?post=83729"}],"version-history":[{"count":0,"href":"https:\/\/www.europesays.com\/no\/wp-json\/wp\/v2\/posts\/83729\/revisions"}],"wp:featuredmedia":[{"embeddable":true,"href":"https:\/\/www.europesays.com\/no\/wp-json\/wp\/v2\/media\/83730"}],"wp:attachment":[{"href":"https:\/\/www.europesays.com\/no\/wp-json\/wp\/v2\/media?parent=83729"}],"wp:term":[{"taxonomy":"category","embeddable":true,"href":"https:\/\/www.europesays.com\/no\/wp-json\/wp\/v2\/categories?post=83729"},{"taxonomy":"post_tag","embeddable":true,"href":"https:\/\/www.europesays.com\/no\/wp-json\/wp\/v2\/tags?post=83729"}],"curies":[{"name":"wp","href":"https:\/\/api.w.org\/{rel}","templated":true}]}}