{"id":83767,"date":"2025-11-10T21:09:18","date_gmt":"2025-11-10T21:09:18","guid":{"rendered":"https:\/\/www.europesays.com\/no\/83767\/"},"modified":"2025-11-10T21:09:18","modified_gmt":"2025-11-10T21:09:18","slug":"mott-av-buing","status":"publish","type":"post","link":"https:\/\/www.europesays.com\/no\/83767\/","title":{"rendered":"M\u00f8tt av buing"},"content":{"rendered":"<p>I pausen skulle han blant annet lese opp eden som amerikanske milit\u00e6rmedlemmer skulle avlegge p\u00e5 banen, i anledning Veterans Day, som markeres tirsdag denne uka.<\/p>\n<p>Men den amerikanske presidenten ble ikke bare m\u00f8tt med smil og jubel fra publikum.<\/p>\n<p>P\u00e5 videoer fra tribunen h\u00f8res tydelig buing mens Trump leser opp eden.<\/p>\n<p>If\u00f8lge <a href=\"https:\/\/www.theguardian.com\/sport\/2025\/nov\/09\/donald-trump-commanders-nfl-game-fan-reaction\" rel=\"nofollow noopener\" target=\"_blank\">The Guardian<\/a> kom buingen fra store deler av publikum, med noen spredte jubelrop. Det skal ha startet da Trump ble vist p\u00e5 storskjermene sent i f\u00f8rste omgang &#8211; og igjen da speakeren introduserte ham i pausen.<\/p>\n<p>Trump var den f\u00f8rste amerikanske presidenten p\u00e5 nesten 50 \u00e5r som har m\u00f8tt opp p\u00e5 en ordin\u00e6r NFL-kamp.<\/p>\n<p>I tredje periode tok Trump ogs\u00e5 turen innom kommentarboksen til Fox Sports, der han snakket om sin egen erfaring med amerikansk fotball.<\/p>\n<p>    <a itemprop=\"url\" href=\"https:\/\/www.dagbladet.no\/sport\/ville-vaert-et-vakkert-navn\/83827734\" rel=\"nofollow noopener\" target=\"_blank\"><\/p>\n<p>      <img loading=\"lazy\" decoding=\"async\" src=\"https:\/\/www.europesays.com\/no\/wp-content\/uploads\/2025\/11\/83827739.webp\" width=\"980\" height=\"441\" title=\"- Ville v\u00e6rt et vakkert navn\" alt=\"\" class=\"\" style=\"--aspect-ratio-image: 2.22; \"\/><\/p>\n<p>        &#8211; Ville v\u00e6rt et vakkert navn<\/p>\n<p>    <\/a><\/p>\n<p>&#8211; Jeg spilte tight end, men det var jo ikke fotball p\u00e5 dette niv\u00e5et. Det var litt enklere. Det var ikke s\u00e5 t\u00f8ft som dette, sa han.<\/p>\n<p>Han uttrykte sin elsk for b\u00e5de amerikansk fotball og sport generelt.<\/p>\n<p>&#8211;\u00a0 Jeg bare elsker det. Det er et mikrokosmos av livet \u2013 det gode, det d\u00e5rlige og det stygge, sa Trump.<\/p>\n<p>I februar ble Trump den f\u00f8rste presidenten noensinne som overvar en Super Bowl fra tribuneplass. S\u00f8ndagens bes\u00f8k skjedde etter invitasjon fra Commanders-deleier Josh Harris.<\/p>\n<p>Det ble ingen positiv Trump-effekt for Commanders, som tapte 44\u201322.<\/p>\n","protected":false},"excerpt":{"rendered":"I pausen skulle han blant annet lese opp eden som amerikanske milit\u00e6rmedlemmer skulle avlegge p\u00e5 banen, i anledning&hellip;\n","protected":false},"author":2,"featured_media":83768,"comment_status":"","ping_status":"","sticky":false,"template":"","format":"standard","meta":{"footnotes":""},"categories":[5],"tags":[20,21,55,24,25,15,19,22,23,17,18,13,3291,30,28,29,14,16,83,26,27,50],"class_list":{"0":"post-83767","1":"post","2":"type-post","3":"status-publish","4":"format-standard","5":"has-post-thumbnail","7":"category-overskrifter","8":"tag-breaking-news","9":"tag-breakingnews","10":"tag-donald-trump","11":"tag-featured-news","12":"tag-featurednews","13":"tag-headlines","14":"tag-hovedoppslag","15":"tag-latest-news","16":"tag-latestnews","17":"tag-main-news","18":"tag-mainnews","19":"tag-news","20":"tag-nfl","21":"tag-no","22":"tag-norge","23":"tag-norway","24":"tag-nyheter","25":"tag-overskrifter","26":"tag-sport","27":"tag-top-stories","28":"tag-topstories","29":"tag-usa"},"share_on_mastodon":{"url":"https:\/\/pubeurope.com\/@no\/115527454813414829","error":""},"_links":{"self":[{"href":"https:\/\/www.europesays.com\/no\/wp-json\/wp\/v2\/posts\/83767","targetHints":{"allow":["GET"]}}],"collection":[{"href":"https:\/\/www.europesays.com\/no\/wp-json\/wp\/v2\/posts"}],"about":[{"href":"https:\/\/www.europesays.com\/no\/wp-json\/wp\/v2\/types\/post"}],"author":[{"embeddable":true,"href":"https:\/\/www.europesays.com\/no\/wp-json\/wp\/v2\/users\/2"}],"replies":[{"embeddable":true,"href":"https:\/\/www.europesays.com\/no\/wp-json\/wp\/v2\/comments?post=83767"}],"version-history":[{"count":0,"href":"https:\/\/www.europesays.com\/no\/wp-json\/wp\/v2\/posts\/83767\/revisions"}],"wp:featuredmedia":[{"embeddable":true,"href":"https:\/\/www.europesays.com\/no\/wp-json\/wp\/v2\/media\/83768"}],"wp:attachment":[{"href":"https:\/\/www.europesays.com\/no\/wp-json\/wp\/v2\/media?parent=83767"}],"wp:term":[{"taxonomy":"category","embeddable":true,"href":"https:\/\/www.europesays.com\/no\/wp-json\/wp\/v2\/categories?post=83767"},{"taxonomy":"post_tag","embeddable":true,"href":"https:\/\/www.europesays.com\/no\/wp-json\/wp\/v2\/tags?post=83767"}],"curies":[{"name":"wp","href":"https:\/\/api.w.org\/{rel}","templated":true}]}}