{"id":83811,"date":"2025-11-10T22:30:23","date_gmt":"2025-11-10T22:30:23","guid":{"rendered":"https:\/\/www.europesays.com\/no\/83811\/"},"modified":"2025-11-10T22:30:23","modified_gmt":"2025-11-10T22:30:23","slug":"morten-tyldum-forlovet-med-tula-fazakerley","status":"publish","type":"post","link":"https:\/\/www.europesays.com\/no\/83811\/","title":{"rendered":"Morten Tyldum forlovet med Tula Fazakerley"},"content":{"rendered":"\n<p class=\"_lead_o9xde_2 _lead_xtcu6_50 layout-component text-serif-m layout-normal text-serif-l layout-component layout-wide layout-padded _wide_17hqh_1 layout-padded\">Den norske regiss\u00f8ren skal gifte seg med 25 \u00e5r yngre Tula Fazakerley.<\/p>\n<p><img alt=\" Foto: Alberto Pezzali \/ AP \/ NTB\" class=\"_image_qp4xg_65 layout-component layout-wide\" data-fullscreen- data-track-element-type=\"Article image fullscreen\" data-track-name=\"ImageFullscreen\" fetchpriority=\"high\" decoding=\"sync\" loading=\"eager\" height=\"3595\" itemprop=\"image\"  src=\"https:\/\/www.europesays.com\/no\/wp-content\/uploads\/2025\/11\/b8fafd0c-7335-4fea-9a09-6302daad65d5\"  style=\"object-position:0% 0%\" width=\"5392\"\/> Foto: Alberto Pezzali \/ AP \/ NTB<\/p>\n<ul aria-hidden=\"true\" class=\"_images_18f0k_111\">\n<li><a class=\"_link_18f0k_116\" href=\"https:\/\/www.vg.no\/forfatter\/thomas-talseth\" style=\"z-index:1\" title=\"Thomas Talseth\" rel=\"nofollow noopener\" target=\"_blank\"><img alt=\"Bilde av Thomas Talseth\" class=\"_image_18f0k_93\" fetchpriority=\"low\" loading=\"lazy\" decoding=\"async\" itemprop=\"image\"  src=\"https:\/\/www.europesays.com\/no\/wp-content\/uploads\/2025\/11\/1762813823_570_b236192f-46fc-4036-a0ef-9ef26d45fd8d\"  width=\"480\"\/><\/a><\/li>\n<\/ul>\n<p> Oppdatert mandag 10. november kl. 12:18     <\/p>\n<p class=\"_paragraph_o9xde_4 _paragraph_xtcu6_10 layout-component text-serif-m layout-normal text-serif-m layout-padded\">Det melder paret samstemt i sosiale medier.<\/p>\n<p class=\"_paragraph_o9xde_4 _paragraph_xtcu6_10 layout-component text-serif-m layout-normal text-serif-m layout-padded\">\u2013 Hun sa ja til \u00e5 bli den fremtidige Mrs. Tyldum, skriver den 58 \u00e5r gamle filmregiss\u00f8ren p\u00e5 <a href=\"https:\/\/www.instagram.com\/p\/DQ2HrGxElTU\/?img_index=1\" class=\"_link_o9xde_39\" rel=\"nofollow noopener\" target=\"_blank\">Instagram<\/a>.<\/p>\n<p class=\"_paragraph_o9xde_4 _paragraph_xtcu6_10 layout-component text-serif-m layout-normal text-serif-m layout-padded\">\u2013 I g\u00e5r var det ett \u00e5r siden v\u00e5r f\u00f8rste date, det beste \u00e5ret jeg har hatt. Jeg planlegger \u00e5 tilbringe resten av dem sammen med denne praktfulle kvinnen.<\/p>\n<p><img alt=\"Foto: Skjermdump fra Instagram\" class=\"_image_qp4xg_65 layout-component layout-normal\" data-fullscreen- data-track-element-type=\"Article image fullscreen\" data-track-name=\"ImageFullscreen\" decoding=\"async\" loading=\"lazy\" height=\"1907\" itemprop=\"image\"  src=\"https:\/\/www.europesays.com\/no\/wp-content\/uploads\/2025\/11\/38bde8a4-45e5-4ef7-bb1f-4331758b4575\"  style=\"object-position:0% 0%\" width=\"1125\"\/>Foto: Skjermdump fra Instagram<\/p>\n<p class=\"_paragraph_o9xde_4 _paragraph_xtcu6_10 layout-component text-serif-m layout-normal text-serif-m layout-padded\">Tula Fazakerley (33) har ogs\u00e5 delt nyheten om forlovelsen p\u00e5 <a href=\"https:\/\/www.instagram.com\/bigtfaz\/\" class=\"_link_o9xde_39\" rel=\"nofollow noopener\" target=\"_blank\">Instagram<\/a>.<\/p>\n<p class=\"_paragraph_o9xde_4 _paragraph_xtcu6_10 layout-component text-serif-m layout-normal text-serif-m layout-padded\">\u2013 Jeg sa ja!!!, melder hun der.<\/p>\n<p class=\"_paragraph_o9xde_4 _paragraph_xtcu6_10 layout-component text-serif-m layout-normal text-serif-m layout-padded\">\u2013 Jeg kan ikke beskrive hvor glad jeg er. Neste \u00e5r kommer til \u00e5 bli s\u00e5 spennende. Mens han skal lage en film, skal jeg planlegge et bryllup.<\/p>\n<p class=\"_paragraph_o9xde_4 _paragraph_xtcu6_10 layout-component text-serif-m layout-normal text-serif-m layout-padded\">Hun ble kjent via deltakelse i det britiske reality-programmet \u00abShipwrecked: Battle of the Islands\u00bb i 2019.<\/p>\n<p class=\"_paragraph_o9xde_4 _paragraph_xtcu6_10 layout-component text-serif-m layout-normal text-serif-m layout-padded\"><a href=\"https:\/\/www.tv2.no\/underholdning\/morten-tyldum-deler-gladnyhet\/18272166\/\" class=\"_link_o9xde_39\" rel=\"nofollow noopener\" target=\"_blank\">TV 2<\/a> omtalte forlovelsen f\u00f8rst i Norge.<\/p>\n<p class=\"_paragraph_o9xde_4 _paragraph_xtcu6_10 layout-component text-serif-m layout-normal text-serif-m layout-padded\">Tyldum har regissert flere store filmer, som de internasjonale suksessene \u00abThe Imitation Game\u00bb og \u00abPassengers\u00bb.<\/p>\n<p class=\"_paragraph_o9xde_4 _paragraph_xtcu6_10 layout-component text-serif-m layout-normal text-serif-m layout-padded\">Bergenserens neste filmprosjekt er den kommende spillefilmen om \u00ab<a href=\"https:\/\/www.vg.no\/tag\/ibelin?utm_source=vg-article&amp;utm_medium=auto-tagger&amp;utm_campaign=kwq6pQ\" class=\"_link_o9xde_39\" rel=\"nofollow noopener\" target=\"_blank\">Ibelin<\/a>\u00bb, den avd\u00f8de norske gameren Mats Steens spill-alias.<\/p>\n<p class=\"_paragraph_o9xde_4 _paragraph_xtcu6_10 layout-component text-serif-m layout-normal text-serif-m layout-padded\">Stjerneskuespillere som Anthony Hopkins, Toni Collette og Stephen Graham skal spille i filmen.<\/p>\n<p>    <script async src=\"\/\/www.instagram.com\/embed.js\"><\/script><\/p>\n","protected":false},"excerpt":{"rendered":"Den norske regiss\u00f8ren skal gifte seg med 25 \u00e5r yngre Tula Fazakerley. Foto: Alberto Pezzali \/ AP \/&hellip;\n","protected":false},"author":2,"featured_media":83812,"comment_status":"","ping_status":"","sticky":false,"template":"","format":"standard","meta":{"footnotes":""},"categories":[58],"tags":[71,10792,30,28,29,72],"class_list":{"0":"post-83811","1":"post","2":"type-post","3":"status-publish","4":"format-standard","5":"has-post-thumbnail","7":"category-underholdning","8":"tag-entertainment","9":"tag-morten-tyldum","10":"tag-no","11":"tag-norge","12":"tag-norway","13":"tag-underholdning"},"share_on_mastodon":{"url":"https:\/\/pubeurope.com\/@no\/115527773295882273","error":""},"_links":{"self":[{"href":"https:\/\/www.europesays.com\/no\/wp-json\/wp\/v2\/posts\/83811","targetHints":{"allow":["GET"]}}],"collection":[{"href":"https:\/\/www.europesays.com\/no\/wp-json\/wp\/v2\/posts"}],"about":[{"href":"https:\/\/www.europesays.com\/no\/wp-json\/wp\/v2\/types\/post"}],"author":[{"embeddable":true,"href":"https:\/\/www.europesays.com\/no\/wp-json\/wp\/v2\/users\/2"}],"replies":[{"embeddable":true,"href":"https:\/\/www.europesays.com\/no\/wp-json\/wp\/v2\/comments?post=83811"}],"version-history":[{"count":0,"href":"https:\/\/www.europesays.com\/no\/wp-json\/wp\/v2\/posts\/83811\/revisions"}],"wp:featuredmedia":[{"embeddable":true,"href":"https:\/\/www.europesays.com\/no\/wp-json\/wp\/v2\/media\/83812"}],"wp:attachment":[{"href":"https:\/\/www.europesays.com\/no\/wp-json\/wp\/v2\/media?parent=83811"}],"wp:term":[{"taxonomy":"category","embeddable":true,"href":"https:\/\/www.europesays.com\/no\/wp-json\/wp\/v2\/categories?post=83811"},{"taxonomy":"post_tag","embeddable":true,"href":"https:\/\/www.europesays.com\/no\/wp-json\/wp\/v2\/tags?post=83811"}],"curies":[{"name":"wp","href":"https:\/\/api.w.org\/{rel}","templated":true}]}}