{"id":83815,"date":"2025-11-10T22:42:10","date_gmt":"2025-11-10T22:42:10","guid":{"rendered":"https:\/\/www.europesays.com\/no\/83815\/"},"modified":"2025-11-10T22:42:10","modified_gmt":"2025-11-10T22:42:10","slug":"det-etiske-radet-er-nedlagt-e24","status":"publish","type":"post","link":"https:\/\/www.europesays.com\/no\/83815\/","title":{"rendered":"\u2013 Det etiske r\u00e5det er nedlagt \u2013 E24"},"content":{"rendered":"<p class=\"fullWidthDesktop hyperion-css-71ztg2\" data-test-tag=\"lead-text\">Etter 11 \u00e5r i Etikkr\u00e5det trekker Cecilie Hellestveit seg. Hun mener Norge n\u00e5 sender ut et nytt signal til alle verdens finansmarkeder. <\/p>\n<p><img decoding=\"async\" class=\"image-asset hyperion-css-u06ts1\" data-test-tag=\"image-asset\" src=\"https:\/\/www.europesays.com\/no\/wp-content\/uploads\/2025\/11\/668ee51d-bb6a-440e-b80f-26f53169b0e0\"  alt=\"\"  loading=\"eager\" fetchpriority=\"high\" style=\"aspect-ratio:1900 \/ 1267\"\/> Foto: H\u00e5kon Mosvold Larsen \/ NTBPublisert: Publisert: <\/p>\n<p>For mindre enn 30 minutter siden<\/p>\n<p>Kortversjonen<\/p>\n<ul class=\"hyperion-css-pkq1ci\" data-test-tag=\"list\">\n<li class=\"hyperion-css-12h2ush\">Cecilie Hellestveit trekker seg fra etikkr\u00e5det for Oljefondet etter nye regler for etikkr\u00e5det.<\/li>\n<li class=\"hyperion-css-12h2ush\">Hun mener de nye reglene svekker fondets etiske handlingsrom.<\/li>\n<li class=\"hyperion-css-12h2ush\">Arbeiderpartiet og Stortinget har vedtatt midlertidig pause i Etikkr\u00e5dets mulighet til \u00e5 anbefale utelukkelser.<\/li>\n<\/ul>\n<p class=\"hyperion-css-10lbhat\">Oppsummeringen er laget av AI-verkt\u00f8yet ChatGPT og kvalitetssikret av E24s journalister<\/p>\n<p>Vis mer <\/p>\n<ul class=\"hyperion-css-pte5x0\">\n<li aria-label=\"link\" class=\"narrow-button hyperion-css-1sz7d3n\">Kopier lenke<\/li>\n<li aria-label=\"link\" class=\"wide-button hyperion-css-1sz7d3n\">Kopier lenke<\/li>\n<li aria-label=\"facebook\" class=\"narrow-button hyperion-css-1sz7d3n\">Del p\u00e5 Facebook<\/li>\n<li aria-label=\"facebook\" class=\"wide-button hyperion-css-1sz7d3n\">Del p\u00e5 Facebook<\/li>\n<li aria-label=\"email\" class=\"narrow-button hyperion-css-1sz7d3n\">Del med e-post<\/li>\n<li aria-label=\"email\" class=\"wide-button hyperion-css-1sz7d3n\">Del med e-post<\/li>\n<\/ul>\n<p class=\"hyperion-css-1lemvax\">\u2013 Med dette har vi i prinsippet sagt ifra til alle verdens finansmarkeder at den etiske forvaltningen av dette store statseide fondet, ikke lenger skal fungere, sier Cecilie Hellestveit til E24. <\/p>\n<p class=\"hyperion-css-1lemvax\">Hun legger til:<\/p>\n<p class=\"hyperion-css-1lemvax\">\u2013 Begrunnelsen er \u00e5 beskytte fondets investeringer i teknologiselskaper.<\/p>\n<p>Trekker seg<\/p>\n<p class=\"hyperion-css-1lemvax\">Mandag var Hellestveit i m\u00f8te med Finansdepartementet. Der ble de nye reglene til Etikkr\u00e5det lagt frem og detaljer rundt dette avklart for r\u00e5dets medlemmer. <\/p>\n<p class=\"hyperion-css-1lemvax\">Etter m\u00f8tet bestemte hun seg for \u00e5 trekke seg som medlem av r\u00e5det. <\/p>\n<p class=\"hyperion-css-1lemvax\">\u2013 Jeg har tre ganger sagt ja til \u00e5 sitte i et uavhengig r\u00e5d. Det etiske r\u00e5det, som vi har hatt i de siste 20 \u00e5rene, er n\u00e5 nedlagt, sier hun. <\/p>\n<p><a data-test-tag=\"teaser-small:link-internal\" href=\"https:\/\/e24.no\/internasjonal-oekonomi\/i\/yEezbe\/florida-truer-med-aa-sette-oljefondet-paa-anti-israel-liste\" class=\"imagePosition-top inline hyperion-css-6238vu\" rel=\"nofollow noopener\" target=\"\" aria-label=\"Florida truer med \u00e5 sette Oljefondet p\u00e5 \u00abanti-Israel\u00bb-liste \"><\/p>\n<p>Les ogs\u00e5<\/p>\n<p>Florida truer med \u00e5 sette Oljefondet p\u00e5 \u00abanti-Israel\u00bb-liste <\/p>\n<p><\/a>Nytt regelverk<\/p>\n<p class=\"hyperion-css-1lemvax\">Etter initiativ fra Arbeiderpartiet, har flertallet p\u00e5 Stortinget bestemt at det skal utarbeides et nytt etisk regelverk for Oljefondet. <\/p>\n<p class=\"hyperion-css-1lemvax\">Finansminister Jens Stoltenberg har blant annet<a data-test-tag=\"internal-link\" href=\"https:\/\/e24.no\/norsk-oekonomi\/i\/ny5v2n\/stoltenberg-om-oljefondet-ikke-et-politisk-virkemiddel\" class=\"hyperion-css-1rezu2g\" rel=\"nofollow noopener\" target=\"\" aria-label=\" fryktet at store tek-selskaper\"> fryktet at store tek-selskaper<\/a> som Alphabet, Amazon eller Microsoft kunne bli utestengt fra fondet.<\/p>\n<p class=\"hyperion-css-1lemvax\"><a data-test-tag=\"internal-link\" href=\"https:\/\/e24.no\/internasjonal-oekonomi\/i\/LMyAB1\/arbeiderpartiet-fikk-flertall-etikkraadet-settes-paa-vent\" class=\"hyperion-css-1rezu2g\" rel=\"nofollow noopener\" target=\"\" aria-label=\"Stortinget har vedtatt \">Stortinget har vedtatt <\/a>\u00e5 pause Etikkr\u00e5dets mulighet til \u00e5 anbefale utelukkelser mens <a data-test-tag=\"internal-link\" href=\"https:\/\/e24.no\/boers-og-finans\/i\/739RR9\/utvalg-ser-paa-oljefondets-regler-blitt-mer-krevende\" class=\"hyperion-css-1rezu2g\" rel=\"nofollow noopener\" target=\"\" aria-label=\"et utvalg vurderer de etiske reglene\">et utvalg vurderer de etiske reglene<\/a>.<\/p>\n<p class=\"hyperion-css-1lemvax\">I mellomtiden ble Norges Bank og Oljefondet <a aria-label=\"p\u00e5lagt nye og midlertidige etiske regler\" class=\"default hyperion-css-1rezu2g\" href=\"https:\/\/www.regjeringen.no\/no\/dokumenter\/midlertidige-endringer-av-det-etiske-rammeverket-mv.-for-statens-pensjonsfond-utland\/id3138522\/\" rel=\"noopener nofollow noreferrer\" data-test-tag=\"external-link\" target=\"_blank\">p\u00e5lagt nye og midlertidige etiske regler<\/a>.<\/p>\n<p class=\"hyperion-css-1lemvax\">Oljefondet kan fortsatt gj\u00f8re s\u00e5kalte \u00abrisikobaserte nedsalg\u00bb p\u00e5 egen kj\u00f8l, men dette er <a aria-label=\"finansielle beslutninger\" class=\"default hyperion-css-1rezu2g\" href=\"https:\/\/www.nbim.no\/no\/ansvarlig-forvaltning\/nedsalg-av-selskaper\/\" rel=\"noopener nofollow noreferrer\" data-test-tag=\"external-link\" target=\"_blank\">finansielle beslutninger<\/a>. Etiske nedsalg har hittil v\u00e6rt vedtatt av Norges Banks hovedstyre, etter r\u00e5d fra Etikkr\u00e5det.<\/p>\n<p>\u2013 Vil ha konsekvenser <\/p>\n<p class=\"hyperion-css-1lemvax\">\u2013 Det arbeidet r\u00e5det skal gj\u00f8re fremover kan f\u00f8re til eierskapsut\u00f8velse, men det skal ikke f\u00f8re til at man ekskluderer selskaper fra fondet eller setter dem til observasjon. Det eneste r\u00e5det kan anbefale er \u00e5 ta allerede utelukkede selskaper inn igjen i fondet, sier Hellestveit.<\/p>\n<p class=\"hyperion-css-1lemvax\">Hun legger til:<\/p>\n<p class=\"hyperion-css-1lemvax\">\u2013 Dette sender et signal som jeg tror vil ha konsekvenser for det etiske handlingsrommet til Oljefondet. <\/p>\n<p><a data-test-tag=\"teaser-small:link-internal\" href=\"https:\/\/e24.no\/boers-og-finans\/i\/Pp6v45\/senatsleder-raste-mot-norge-oljefondets-caterpillar-exit-kan-svekke-usa-baandene\" class=\"imagePosition-top inline hyperion-css-6238vu\" rel=\"nofollow noopener\" target=\"\" aria-label=\"Senatsleder raste mot Norge: Oljefondets Caterpillar-exit kan svekke USA-b\u00e5ndene\"><\/p>\n<p>Les ogs\u00e5<\/p>\n<p>Senatsleder raste mot Norge: Oljefondets Caterpillar-exit kan svekke USA-b\u00e5ndene<\/p>\n<p><\/a><\/p>\n<p class=\"hyperion-css-1lemvax\">Hellestveit forklarer at man vanligvis har tatt de etiske retningslinjene opp til diskusjon omtrent hvert femte \u00e5r. <\/p>\n<p class=\"hyperion-css-1lemvax\">\u2013 Denne gangen har de valgt \u00e5 legge ned det uavhengige r\u00e5det. Det er en beslutning eieren av fondet (finansdepartementet jour. amn.) har tatt basert p\u00e5 hensyn som er noe uklare for meg, sier hun.<\/p>\n<p>Lederen fortsetter<\/p>\n<p class=\"hyperion-css-1lemvax\">Svein Richard Brandtz\u00e6g sa til <a aria-label=\"VG \" class=\"default hyperion-css-1rezu2g\" href=\"https:\/\/www.vg.no\/nyheter\/i\/bm9owk\/oljefondets-etikkraad-fortsetter-med-nytt-mandat\" rel=\"noopener nofollow noreferrer\" data-test-tag=\"external-link\" target=\"_blank\">VG <\/a>mandag at han fortsetter som leder av Etikkr\u00e5det: <\/p>\n<p class=\"hyperion-css-1lemvax\">\u2013 Vi skal fortsatt bidra til etisk forvaltning av Oljefondet. Men vi skal jobbe p\u00e5 en annen m\u00e5te n\u00e5r Etikkr\u00e5det ikke lengre skal gi anbefalinger om utelukkelser. <\/p>\n<p class=\"hyperion-css-1lemvax\">\u2013 Avgj\u00f8relsen har skapt en vanskelig situasjon for Etikkr\u00e5det. Men jeg er innstilt p\u00e5 at vi skal jobbe fram en h\u00e5ndterlig arbeidsfordeling med banken, sa han.<\/p>\n","protected":false},"excerpt":{"rendered":"Etter 11 \u00e5r i Etikkr\u00e5det trekker Cecilie Hellestveit seg. Hun mener Norge n\u00e5 sender ut et nytt signal&hellip;\n","protected":false},"author":2,"featured_media":83816,"comment_status":"","ping_status":"","sticky":false,"template":"","format":"standard","meta":{"footnotes":""},"categories":[10],"tags":[20,21,24,25,15,22,23,13,30,28,29,14,16,26,27],"class_list":{"0":"post-83815","1":"post","2":"type-post","3":"status-publish","4":"format-standard","5":"has-post-thumbnail","7":"category-norge","8":"tag-breaking-news","9":"tag-breakingnews","10":"tag-featured-news","11":"tag-featurednews","12":"tag-headlines","13":"tag-latest-news","14":"tag-latestnews","15":"tag-news","16":"tag-no","17":"tag-norge","18":"tag-norway","19":"tag-nyheter","20":"tag-overskrifter","21":"tag-top-stories","22":"tag-topstories"},"share_on_mastodon":{"url":"https:\/\/pubeurope.com\/@no\/115527820722217714","error":""},"_links":{"self":[{"href":"https:\/\/www.europesays.com\/no\/wp-json\/wp\/v2\/posts\/83815","targetHints":{"allow":["GET"]}}],"collection":[{"href":"https:\/\/www.europesays.com\/no\/wp-json\/wp\/v2\/posts"}],"about":[{"href":"https:\/\/www.europesays.com\/no\/wp-json\/wp\/v2\/types\/post"}],"author":[{"embeddable":true,"href":"https:\/\/www.europesays.com\/no\/wp-json\/wp\/v2\/users\/2"}],"replies":[{"embeddable":true,"href":"https:\/\/www.europesays.com\/no\/wp-json\/wp\/v2\/comments?post=83815"}],"version-history":[{"count":0,"href":"https:\/\/www.europesays.com\/no\/wp-json\/wp\/v2\/posts\/83815\/revisions"}],"wp:featuredmedia":[{"embeddable":true,"href":"https:\/\/www.europesays.com\/no\/wp-json\/wp\/v2\/media\/83816"}],"wp:attachment":[{"href":"https:\/\/www.europesays.com\/no\/wp-json\/wp\/v2\/media?parent=83815"}],"wp:term":[{"taxonomy":"category","embeddable":true,"href":"https:\/\/www.europesays.com\/no\/wp-json\/wp\/v2\/categories?post=83815"},{"taxonomy":"post_tag","embeddable":true,"href":"https:\/\/www.europesays.com\/no\/wp-json\/wp\/v2\/tags?post=83815"}],"curies":[{"name":"wp","href":"https:\/\/api.w.org\/{rel}","templated":true}]}}