{"id":83817,"date":"2025-11-10T22:43:14","date_gmt":"2025-11-10T22:43:14","guid":{"rendered":"https:\/\/www.europesays.com\/no\/83817\/"},"modified":"2025-11-10T22:43:14","modified_gmt":"2025-11-10T22:43:14","slug":"ap-stup-pa-ny-meningsmaling-ville-blitt-klart-borgerlig-flertall","status":"publish","type":"post","link":"https:\/\/www.europesays.com\/no\/83817\/","title":{"rendered":"Ap-stup p\u00e5 ny meningsm\u00e5ling \u2013 ville blitt klart borgerlig flertall"},"content":{"rendered":"<p> Arbeiderpartiet g\u00e5r fra 28,0 prosents oppslutning ved valget til 22,0. Nedgangen er klart st\u00f8rre enn feilmarginen og er derfor signifikant, skriver <a href=\"https:\/\/www.aftenposten.no\/norge\/politikk\/i\/qPKbkO\/hver-tredje-velger-har-forlatt-ap-vi-har-faatt-oss-en-knekk\" rel=\"noopener nofollow\" target=\"_blank\">Aftenposten <\/a> og <a href=\"https:\/\/www.vg.no\/nyheter\/i\/Ey0qL2\/vgs-partimaaling-ap-faller-og-mister-200-000-velgere\" rel=\"noopener nofollow\" target=\"_blank\">VG<\/a>.<\/p>\n<p>\u2013 Det er ganske klart at st\u00f8yen rundt ferger og gjeldssletting i statsbudsjettet har bidratt til at vi har f\u00e5tt oss en knekk, sier helseminister og Aps nestleder Jan Christian Vestre til Aftenposten.<\/p>\n<p>Tallknuser Thore Gaard Olaussen gir \u00e9n sak skylden:<\/p>\n<p>\u2013 Det er ingen tvil om at det er skapt et bilde av \u00abl\u00f8gn-Ap\u00bb som har gjort at mange velgere har forlatt partiet. Jeg skal ikke ta stilling til l\u00f8gn eller ikke, men det er liten tvil om at det er den saken som er hoved\u00e5rsaken til Aps fall, som er betydelig, sier han til VG.<\/p>\n<p>Blant de som stemte Arbeiderpartiet ved valget for to m\u00e5neder siden, er det bare 69 prosent som sier at de ville gjort det samme igjen.<\/p>\n<p>Frp f\u00e5r en oppslutning, p\u00e5 25,7 prosent (+1,8 prosentpoeng), og er landets klart st\u00f8rste parti, men det er H\u00f8yre som g\u00e5r mest fram med 4,1 prosentpoeng til 18,7.<\/p>\n<p>R\u00f8dt er nest st\u00f8rst av de r\u00f8dgr\u00f8nne med 6,4 prosent (+0,7), mens Senterpartiet g\u00e5r mest fram i denne blokken og f\u00e5r en oppslutning p\u00e5 6,2 prosent (+1,1).<\/p>\n<p>For de \u00f8vrige partiene er resultatet slik, med endring fra valget i parentes:<\/p>\n<p>SV: 5,5 prosent (-0,2), KrF: 4,3 prosent (+0,1), MDG: 4,5 prosent (-0,2), V: 3,8 prosent (+0,1), andre partier: 3,0 prosent.<\/p>\n<p>Feilmargin for m\u00e5lingen som helhet er \u00b13,1 prosentpoeng.<\/p>\n","protected":false},"excerpt":{"rendered":"Arbeiderpartiet g\u00e5r fra 28,0 prosents oppslutning ved valget til 22,0. Nedgangen er klart st\u00f8rre enn feilmarginen og er&hellip;\n","protected":false},"author":2,"featured_media":83818,"comment_status":"","ping_status":"","sticky":false,"template":"","format":"standard","meta":{"footnotes":""},"categories":[5],"tags":[20,21,24,25,15,19,22,23,17,18,13,30,28,29,14,16,26,27],"class_list":{"0":"post-83817","1":"post","2":"type-post","3":"status-publish","4":"format-standard","5":"has-post-thumbnail","7":"category-overskrifter","8":"tag-breaking-news","9":"tag-breakingnews","10":"tag-featured-news","11":"tag-featurednews","12":"tag-headlines","13":"tag-hovedoppslag","14":"tag-latest-news","15":"tag-latestnews","16":"tag-main-news","17":"tag-mainnews","18":"tag-news","19":"tag-no","20":"tag-norge","21":"tag-norway","22":"tag-nyheter","23":"tag-overskrifter","24":"tag-top-stories","25":"tag-topstories"},"share_on_mastodon":{"url":"https:\/\/pubeurope.com\/@no\/115527824469658303","error":""},"_links":{"self":[{"href":"https:\/\/www.europesays.com\/no\/wp-json\/wp\/v2\/posts\/83817","targetHints":{"allow":["GET"]}}],"collection":[{"href":"https:\/\/www.europesays.com\/no\/wp-json\/wp\/v2\/posts"}],"about":[{"href":"https:\/\/www.europesays.com\/no\/wp-json\/wp\/v2\/types\/post"}],"author":[{"embeddable":true,"href":"https:\/\/www.europesays.com\/no\/wp-json\/wp\/v2\/users\/2"}],"replies":[{"embeddable":true,"href":"https:\/\/www.europesays.com\/no\/wp-json\/wp\/v2\/comments?post=83817"}],"version-history":[{"count":0,"href":"https:\/\/www.europesays.com\/no\/wp-json\/wp\/v2\/posts\/83817\/revisions"}],"wp:featuredmedia":[{"embeddable":true,"href":"https:\/\/www.europesays.com\/no\/wp-json\/wp\/v2\/media\/83818"}],"wp:attachment":[{"href":"https:\/\/www.europesays.com\/no\/wp-json\/wp\/v2\/media?parent=83817"}],"wp:term":[{"taxonomy":"category","embeddable":true,"href":"https:\/\/www.europesays.com\/no\/wp-json\/wp\/v2\/categories?post=83817"},{"taxonomy":"post_tag","embeddable":true,"href":"https:\/\/www.europesays.com\/no\/wp-json\/wp\/v2\/tags?post=83817"}],"curies":[{"name":"wp","href":"https:\/\/api.w.org\/{rel}","templated":true}]}}