{"id":83819,"date":"2025-11-10T22:44:07","date_gmt":"2025-11-10T22:44:07","guid":{"rendered":"https:\/\/www.europesays.com\/no\/83819\/"},"modified":"2025-11-10T22:44:07","modified_gmt":"2025-11-10T22:44:07","slug":"tok-til-tarene-folk-har-ofret-mye-fvn-no","status":"publish","type":"post","link":"https:\/\/www.europesays.com\/no\/83819\/","title":{"rendered":"(+) Tok til t\u00e5rene: \u2013 Folk har ofret mye &#8211; fvn.no"},"content":{"rendered":"<ol>\n<li><a href=\"https:\/\/news.google.com\/rss\/articles\/CBMimwFBVV95cUxQWVQyelVsdWk2T0JBOV9YZ2EwZGk1OW1vXzlGMGtjYjh1UGhLXzlhRWtvTnF1WS1kQ0FlSTlKQlVyTVY2Wm96QUp5Y1RCc0RtdVdXTERuTF9ZV3NHWGhsd0RJWXhqY3pGa002WTJ4bzFFaTRkb0JyUVp4eVVqTjdjeFdFeXBmTWw1Zmxxa2wwVG41OWF1alVlbTlIaw?oc=5\" target=\"_blank\" rel=\"nofollow noopener\">(+) Tok til t\u00e5rene: \u2013 Folk har ofret mye<\/a>&nbsp;&nbsp;fvn.no<\/li>\n<li><a href=\"https:\/\/news.google.com\/rss\/articles\/CBMiuwFBVV95cUxOalo4Yk03Y3FBUEVQWjlaVW1QSGJlTk9HVWdjOHliMXRTYzlqQ2hQMWQyN2EzTVFucmo0RlhmZ1ZSQlNpd0JoU1FMQmRKbHl2MHMwZm9QbjBmM2MxUW5rekVrMXFlME1jaVBjbE1idzN0TmJ6WDZycG1GQ2xpTlFlTFpBYmhPSi1GbFBENF8wUU1NVGdPSmRaZUxjclI5M1JWb2E3N3hocndTR05GUTZKNEJGZW1zbVNyN05B?oc=5\" target=\"_blank\" rel=\"nofollow noopener\">Investor om \u00f8konomien: \u2013 Vi gj\u00f8r det vi m\u00e5 for \u00e5 st\u00f8tte klubben<\/a>&nbsp;&nbsp;NRK<\/li>\n<li><a href=\"https:\/\/news.google.com\/rss\/articles\/CBMiiwJBVV95cUxObXZxTGpicDZTNEtJMFlTZFBuZ2VHWDl1WDhYMnJZc09UTWxkcWlNTXN3SGhSSUpHRVFRemh2aFZSMnhHb24wc21vdkVOSkFDY3c5d3dhRlVxYjRvMS1yYVBjN3RHMHo0M3ktVzdsdmFVQWVlQmFqZVNqRURXZTJWX0ZqM3Q4WGtGdXcwOVFNVU1zeVE4djBzdWNpUlNfSFJ4UEFmTE9nTnpmamw2bUNGTXQtZXcxdHpwUXpIUzJMZ2RfQS13dGYzeGxQVF9OVDZ2Y1dyU2MwdDVNSDBEaER2LUlJTE1ES1V6aDNYMHhaeGpCdnplQm4taWtHTFpsVVRLV1M5Z0F5YXRRMWc?oc=5\" target=\"_blank\" rel=\"nofollow noopener\">265 Start-investor David Grim om de elleville jubelscenene p\u00e5 Bislett, det siste halvannet \u00e5ret som Start-investor og m\u00e5let for neste \u00e5r<\/a>&nbsp;&nbsp;fvn.no<\/li>\n<li><a href=\"https:\/\/news.google.com\/rss\/articles\/CBMilwFBVV95cUxPaWlBVk5CbWVsRk8yZjhCd2RweWZNblUzV0xrb1ZJS0twSTVnMDVkdHpUWlctRC04U1p3WlNHdVFoUmRRTlptRmF4TE1JSmt5N09lalR4dEdtOVR1OEdmUVpfa3o0NE9oXzBQU3pqa05qeUFIb0lsb1dJYzNCUGJBT0hkT1JkekZ6THotMjJNNGxNSU4ySkJF?oc=5\" target=\"_blank\" rel=\"nofollow noopener\">Start rykket opp til Eliteserien etter ellevill avslutning<\/a>&nbsp;&nbsp;VG<\/li>\n<li><a href=\"https:\/\/news.google.com\/rss\/articles\/CBMif0FVX3lxTFBwNm16aV9XbzRFN1VPVUNQOXhUaXREaW5IdEluOHI5WmhoUkprUzlCcXY1Y3ZEb3hhOWRTWXlmc3VTN1JoTFB4eXAzUG9xcVdTWnNDMFBCdGN2OUdNV1NpdmV2S1AzN2lTMi00Ukd3RENyVUlyMWUzaFB4dk5Oamc?oc=5\" target=\"_blank\" rel=\"nofollow noopener\">Spillet-deltager Einar \u00d8grey Brandsdal fikk beskjed fra kona: &#8211; T\u00e5rer i \u00f8ynene<\/a>&nbsp;&nbsp;TV2.no<\/li>\n<\/ol>\n","protected":false},"excerpt":{"rendered":"(+) Tok til t\u00e5rene: \u2013 Folk har ofret mye&nbsp;&nbsp;fvn.no Investor om \u00f8konomien: \u2013 Vi gj\u00f8r det vi m\u00e5&hellip;\n","protected":false},"author":2,"featured_media":83820,"comment_status":"","ping_status":"","sticky":false,"template":"","format":"standard","meta":{"footnotes":""},"categories":[59],"tags":[30,28,29,83,82],"class_list":{"0":"post-83819","1":"post","2":"type-post","3":"status-publish","4":"format-standard","5":"has-post-thumbnail","7":"category-sport","8":"tag-no","9":"tag-norge","10":"tag-norway","11":"tag-sport","12":"tag-sports"},"share_on_mastodon":{"url":"https:\/\/pubeurope.com\/@no\/115527828404750470","error":""},"_links":{"self":[{"href":"https:\/\/www.europesays.com\/no\/wp-json\/wp\/v2\/posts\/83819","targetHints":{"allow":["GET"]}}],"collection":[{"href":"https:\/\/www.europesays.com\/no\/wp-json\/wp\/v2\/posts"}],"about":[{"href":"https:\/\/www.europesays.com\/no\/wp-json\/wp\/v2\/types\/post"}],"author":[{"embeddable":true,"href":"https:\/\/www.europesays.com\/no\/wp-json\/wp\/v2\/users\/2"}],"replies":[{"embeddable":true,"href":"https:\/\/www.europesays.com\/no\/wp-json\/wp\/v2\/comments?post=83819"}],"version-history":[{"count":0,"href":"https:\/\/www.europesays.com\/no\/wp-json\/wp\/v2\/posts\/83819\/revisions"}],"wp:featuredmedia":[{"embeddable":true,"href":"https:\/\/www.europesays.com\/no\/wp-json\/wp\/v2\/media\/83820"}],"wp:attachment":[{"href":"https:\/\/www.europesays.com\/no\/wp-json\/wp\/v2\/media?parent=83819"}],"wp:term":[{"taxonomy":"category","embeddable":true,"href":"https:\/\/www.europesays.com\/no\/wp-json\/wp\/v2\/categories?post=83819"},{"taxonomy":"post_tag","embeddable":true,"href":"https:\/\/www.europesays.com\/no\/wp-json\/wp\/v2\/tags?post=83819"}],"curies":[{"name":"wp","href":"https:\/\/api.w.org\/{rel}","templated":true}]}}