{"id":83843,"date":"2025-11-11T00:39:10","date_gmt":"2025-11-11T00:39:10","guid":{"rendered":"https:\/\/www.europesays.com\/no\/83843\/"},"modified":"2025-11-11T00:39:10","modified_gmt":"2025-11-11T00:39:10","slug":"jonas-og-jens-utfor-stupet","status":"publish","type":"post","link":"https:\/\/www.europesays.com\/no\/83843\/","title":{"rendered":"Jonas og Jens utfor stupet"},"content":{"rendered":"\n<p class=\"_paragraph_o9xde_4 _paragraph_xtcu6_10 layout-component text-serif-m layout-normal text-serif-m layout-padded\">H\u00f8rt den om han som gikk utfor et stuuuuuuuuuuuuuuuuuuu &#8230;?<\/p>\n<p class=\"_paragraph_o9xde_4 _paragraph_xtcu6_10 layout-component text-serif-m layout-normal text-serif-m layout-padded\">N\u00e5 er det statsministerduoen Jonas og Jens som deiser ned i juvet p\u00e5 VGs og Respons Analyses <a href=\"https:\/\/www.vg.no\/nyheter\/i\/Ey0qL2\/vgs-partimaaling-ap-faller-og-mister-200-000-velgere\" data-track-element-type=\"Link\" data-track-id=\"link:Ey0qL2\" class=\"_link_o9xde_39\" rel=\"nofollow noopener\" target=\"_blank\">novemberm\u00e5ling<\/a>.<\/p>\n<p class=\"_paragraph_o9xde_4 _paragraph_xtcu6_10 layout-component text-serif-m layout-normal text-serif-m layout-padded\">Det er som om Arbeiderpartiet-\u00f8rnen har mistet flygeevnene sine igjen \u2013 slik de gjorde da de regjerte sammen med Senterpartiet og regjeringen var like popul\u00e6r som s\u00f8lvkre p\u00e5 badet. <\/p>\n<p class=\"_paragraph_o9xde_4 _paragraph_xtcu6_10 layout-component text-serif-m layout-normal text-serif-m layout-padded\">En tilbakegang p\u00e5 seks prosentpoeng siden valget for to m\u00e5neder siden er brutalt. <\/p>\n<p class=\"_paragraph_o9xde_4 _paragraph_xtcu6_10 layout-component text-serif-m layout-normal text-serif-m layout-padded\"><strong class=\"_strong_o9xde_25\">S\u00e6rlig fordi de n\u00e6rmest helt og holdent kan skylde p\u00e5 seg selv. <\/strong><\/p>\n<p class=\"_paragraph_o9xde_4 _paragraph_xtcu6_10 layout-component text-serif-m layout-normal text-serif-m layout-padded\">\u00abFergegate\u00bb, is\u00e6r, var en fatal bommert av Ap-toppene. Spesielt Jonas Gahr St\u00f8re tabbet seg vertikalt ut med sitt sv\u00e6rt forsiktig sagt sleivete jadda, det blir fortsatt gratis ferge-l\u00f8fte til lokalavisen \u00d8yposten. <\/p>\n<p class=\"_paragraph_o9xde_4 _paragraph_xtcu6_10 layout-component text-serif-m layout-normal text-serif-m layout-padded\">St\u00f8re-r\u00f8ret ble hypereffektivt utnyttet av hans gamle kavalerer i Senterpartiet, som forente ektef\u00f8lt sinne med forhandlingstaktikk p\u00e5 Champions League-niv\u00e5, og satte i Ap i skammekr\u00e5a.<\/p>\n<p class=\"_paragraph_o9xde_4 _paragraph_xtcu6_10 layout-component text-serif-m layout-normal text-serif-m layout-padded\">At de, alts\u00e5 Ap-toppene, samtidig klusset noe alvorlig i vekslingen i studiel\u00e5nsslettesaken, gjorde stupet utfor stupet uunng\u00e5elig. <\/p>\n<p class=\"_paragraph_o9xde_4 _paragraph_xtcu6_10 layout-component text-serif-m layout-normal text-serif-m layout-padded\">For \u00e5 fortsette idrettsmetaforikken: Snakker vi tidenes politiske selvm\u00e5l? <\/p>\n<p class=\"_paragraph_o9xde_4 _paragraph_xtcu6_10 layout-component text-serif-m layout-normal text-serif-m layout-padded\">S\u00e5 kan vi jo legge til, for \u00e5 dempe skadefryden en smule, at det \u00e5 ryke p\u00e5 en m\u00e5lingskaramell to m\u00e5neder etter en valgseier kanskje ikke er all verden \u00e5 furte for. <\/p>\n<p class=\"_paragraph_o9xde_4 _paragraph_xtcu6_10 layout-component text-serif-m layout-normal text-serif-m layout-padded\">Det er to \u00e5r til neste valg, og to \u00e5r i politikken? <\/p>\n<p class=\"_paragraph_o9xde_4 _paragraph_xtcu6_10 layout-component text-serif-m layout-normal text-serif-m layout-padded\"><strong class=\"_strong_o9xde_25\">Det er som en intergalaktisk ekspedisjon til solsystemets ytterkant og tilbake. <\/strong><\/p>\n<p class=\"_paragraph_o9xde_4 _paragraph_xtcu6_10 layout-component text-serif-m layout-normal text-serif-m layout-padded\">Alt kan skje, og det meste kommer til \u00e5 skje, for norsk politikk er som et jordskred av hendelser, og den trygge stabiliteten som en gang fantes i systemet er erstattet av virvar og br\u00e5 stemningsskifter. <\/p>\n<p class=\"_paragraph_o9xde_4 _paragraph_xtcu6_10 layout-component text-serif-m layout-normal text-serif-m layout-padded\">Ap gikk fra et m\u00e5lingssnitt p\u00e5 <a href=\"https:\/\/aardal.info\/wp-content\/uploads\/2019\/10\/gallup1224.pdf\" class=\"_link_o9xde_39\" rel=\"nofollow noopener\" target=\"_blank\">17,2 prosent i desember<\/a> i fjor til et valgresultat p\u00e5 28 blank ni m\u00e5neder senere. <\/p>\n<p class=\"_paragraph_o9xde_4 _paragraph_xtcu6_10 layout-component text-serif-m layout-normal text-serif-m layout-padded\">Et annet parti som har spunnet opp og ned som en jojojojoet leket\u00f8y med en trinse som en kan f\u00e5 til \u00e5 rotere og stige opp og ned langs en snor som en holder i, spesielt popul\u00e6rt p\u00e5 1980-tallet, men ogs\u00e5 i visse blaff b\u00e5de f\u00f8r og siden.  det siste \u00e5ret er Aps styringsparti-kollega H\u00f8yre. I august i fjor var fortsatt H\u00f8yre <a href=\"https:\/\/aardal.info\/wp-content\/uploads\/2019\/10\/gallup0824.pdf\" class=\"_link_o9xde_39\" rel=\"nofollow noopener\" target=\"_blank\">det suverent st\u00f8rste<\/a> partiet p\u00e5 m\u00e5lingene.<\/p>\n<p class=\"_paragraph_o9xde_4 _paragraph_xtcu6_10 layout-component text-serif-m layout-normal text-serif-m layout-padded\">\u00c5ret etter, da det var alvor, var de kraftig forbig\u00e5tt av Ap og Frp. P\u00e5 Stortinget n\u00e5 har H\u00f8yre f\u00e6rre representanter enn den venstreradikale treenighet R\u00f8dt, SV og MDG.<\/p>\n<p class=\"_paragraph_o9xde_4 _paragraph_xtcu6_10 layout-component text-serif-m layout-normal text-serif-m layout-padded\">Men som den nye m\u00e5lingen viser, har H\u00f8yre-hjertene begynt \u00e5 pumpe livsblod igjen. Nesten 19 prosent vil gi H\u00f8yre sin stemme n\u00e5, en fremgang p\u00e5 fire prosentpoeng siden valget. <\/p>\n<p class=\"_paragraph_o9xde_4 _paragraph_xtcu6_10 layout-component text-serif-m layout-normal text-serif-m layout-padded\">Hvilket betyr at Erna Solbergs avgang og det p\u00e5f\u00f8lgende teselskapet kalt \u00ablederkampen\u00bb har pirret velgerne. Ved \u00e5 kj\u00f8re \u00e5pen prosess har de gjort H\u00f8yre nyhets- og oppmerksomhetsrelevante. <\/p>\n<p class=\"_paragraph_o9xde_4 _paragraph_xtcu6_10 layout-component text-serif-m layout-normal text-serif-m layout-padded\"><strong class=\"_strong_o9xde_25\">Det har v\u00e6rt lurt av dem! <\/strong><\/p>\n<p class=\"_paragraph_o9xde_4 _paragraph_xtcu6_10 layout-component text-serif-m layout-normal text-serif-m layout-padded\">Og s\u00e5 kan man jo tenke sitt om hvordan det kunne ha g\u00e5tt for H\u00f8yre i valget dersom de gikk til valg med Ine Eriksen S\u00f8reide som leder. <\/p>\n<p class=\"_paragraph_o9xde_4 _paragraph_xtcu6_10 layout-component text-serif-m layout-normal text-serif-m layout-padded\">Min hypotese er \u00abmye bedre\u00bb, men det svaret f\u00e5r vi aldri. <\/p>\n<p><img alt=\"Foto: Gisle Oddstad \/ VG\" class=\"_image_qp4xg_65 layout-component layout-normal\" data-fullscreen- data-track-element-type=\"Article image fullscreen\" data-track-name=\"ImageFullscreen\" decoding=\"async\" loading=\"lazy\" height=\"5464\" itemprop=\"image\"  src=\"https:\/\/www.europesays.com\/no\/wp-content\/uploads\/2025\/11\/ceec7785-3d15-41db-9160-c8a697aca251\"  style=\"object-position:0% 0%\" width=\"8192\"\/>Foto: Gisle Oddstad \/ VG<\/p>\n<p class=\"_paragraph_o9xde_4 _paragraph_xtcu6_10 layout-component text-serif-m layout-normal text-serif-m layout-padded\">Og Frp og Sylvi Listhaug, da? De er landets st\u00f8rste m\u00e5lingsparti. 25,7 er nok en gullnotering for Listhaug, som har etablert seg som den ubestridte dronningen av borgerlig side. <\/p>\n<p class=\"_paragraph_o9xde_4 _paragraph_xtcu6_10 layout-component text-serif-m layout-normal text-serif-m layout-padded\">For de andre er endringene sm\u00e5 og ubetydelige, selv om partiet R\u00f8dt bemerker seg med en pen fremgang, mens konkurrenten SV st\u00e5r fast i blautmyra. <\/p>\n<p class=\"_paragraph_o9xde_4 _paragraph_xtcu6_10 layout-component text-serif-m layout-normal text-serif-m layout-padded\">Senterpartiet f\u00e5r ikke rare uttellingen etter stormoffensiven etter statsbudsjettet, men en liten fremgang f\u00e5r de, sammenlignet med valgresultatet. <\/p>\n<p class=\"_paragraph_o9xde_4 _paragraph_xtcu6_10 layout-component text-serif-m layout-normal text-serif-m layout-padded\">Var det stor st\u00e5hei for ingenting, kanskje, eller er Vedums bondesoldater p\u00e5 gang, nok en gang? <\/p>\n<p class=\"_paragraph_o9xde_4 _paragraph_xtcu6_10 layout-component text-serif-m layout-normal text-serif-m layout-padded\">Som det heter p\u00e5 meningsm\u00e5lingsspr\u00e5ket: Tiden vil vise!<\/p>\n<p class=\"_paragraph_o9xde_4 _paragraph_xtcu6_10 layout-component text-serif-m layout-normal text-serif-m layout-padded\">H\u00f8r VG-podkasten Gi\u00e6ver &amp; gjengen! <\/p>\n<p>      Dette er en kommentar. Kommentaren gir uttrykk for skribentens holdning. <\/p>\n","protected":false},"excerpt":{"rendered":"H\u00f8rt den om han som gikk utfor et stuuuuuuuuuuuuuuuuuuu &#8230;? N\u00e5 er det statsministerduoen Jonas og Jens som&hellip;\n","protected":false},"author":2,"featured_media":83844,"comment_status":"","ping_status":"","sticky":false,"template":"","format":"standard","meta":{"footnotes":""},"categories":[5],"tags":[1513,20,21,24,25,15,19,2218,22,23,17,18,1312,13,30,28,29,14,16,200,26,27,103],"class_list":{"0":"post-83843","1":"post","2":"type-post","3":"status-publish","4":"format-standard","5":"has-post-thumbnail","7":"category-overskrifter","8":"tag-arbeiderpartiet-ap","9":"tag-breaking-news","10":"tag-breakingnews","11":"tag-featured-news","12":"tag-featurednews","13":"tag-headlines","14":"tag-hovedoppslag","15":"tag-ine-eriksen-soreide","16":"tag-latest-news","17":"tag-latestnews","18":"tag-main-news","19":"tag-mainnews","20":"tag-meningsmalinger","21":"tag-news","22":"tag-no","23":"tag-norge","24":"tag-norway","25":"tag-nyheter","26":"tag-overskrifter","27":"tag-sylvi-listhaug","28":"tag-top-stories","29":"tag-topstories","30":"tag-vgmeninger"},"share_on_mastodon":{"url":"https:\/\/pubeurope.com\/@no\/115528280654453504","error":""},"_links":{"self":[{"href":"https:\/\/www.europesays.com\/no\/wp-json\/wp\/v2\/posts\/83843","targetHints":{"allow":["GET"]}}],"collection":[{"href":"https:\/\/www.europesays.com\/no\/wp-json\/wp\/v2\/posts"}],"about":[{"href":"https:\/\/www.europesays.com\/no\/wp-json\/wp\/v2\/types\/post"}],"author":[{"embeddable":true,"href":"https:\/\/www.europesays.com\/no\/wp-json\/wp\/v2\/users\/2"}],"replies":[{"embeddable":true,"href":"https:\/\/www.europesays.com\/no\/wp-json\/wp\/v2\/comments?post=83843"}],"version-history":[{"count":0,"href":"https:\/\/www.europesays.com\/no\/wp-json\/wp\/v2\/posts\/83843\/revisions"}],"wp:featuredmedia":[{"embeddable":true,"href":"https:\/\/www.europesays.com\/no\/wp-json\/wp\/v2\/media\/83844"}],"wp:attachment":[{"href":"https:\/\/www.europesays.com\/no\/wp-json\/wp\/v2\/media?parent=83843"}],"wp:term":[{"taxonomy":"category","embeddable":true,"href":"https:\/\/www.europesays.com\/no\/wp-json\/wp\/v2\/categories?post=83843"},{"taxonomy":"post_tag","embeddable":true,"href":"https:\/\/www.europesays.com\/no\/wp-json\/wp\/v2\/tags?post=83843"}],"curies":[{"name":"wp","href":"https:\/\/api.w.org\/{rel}","templated":true}]}}