{"id":83864,"date":"2025-11-11T01:56:15","date_gmt":"2025-11-11T01:56:15","guid":{"rendered":"https:\/\/www.europesays.com\/no\/83864\/"},"modified":"2025-11-11T01:56:15","modified_gmt":"2025-11-11T01:56:15","slug":"fordefjorden-naturvernforbundet-tingretten-stansar-ikkje-fordefjorden-deponi-i-pavente-av-hogsterettsavgjersle","status":"publish","type":"post","link":"https:\/\/www.europesays.com\/no\/83864\/","title":{"rendered":"F\u00f8rdefjorden, Naturvernforbundet | Tingretten stansar ikkje F\u00f8rdefjorden-deponi i p\u00e5vente av h\u00f8gsterettsavgjersle"},"content":{"rendered":"\n<p>Organisasjonane m\u00e5 \u00f2g betale sakskostnader p\u00e5 2,5 millionar kroner, vedtok Sogn og Fjordane tingrett m\u00e5ndag. <\/p>\n<p>I august slo Borgarting lagmannsrett fast at godkjenninga til staten av sj\u00f8deponi er ugyldig og i strid med vassforskrifta og EUs vassdirektiv. <\/p>\n<p>Staten anka denne dommen til H\u00f8gsterett, og milj\u00f8organisasjonane har kravd mellombels \u00e5tgjerd fram til saka er endeleg avgjord i H\u00f8gsterett.<\/p>\n<p>Ikkje medhald<\/p>\n<p>\u2013 I den konkrete vurderinga av om deponering av avgangsmassar i \u00e5tgjerdsperioden vil medf\u00f8re ei vesentleg skade eller ulempe, har retten komme til at milj\u00f8organisasjonane ikkje har sannsynleggjort at vilk\u00e5ra i lova om sikringsgrunn er oppfylte. Retten vurderer at den meir-skaden som kan oppst\u00e5 i eit tidsperspektiv p\u00e5 inntil tolv m\u00e5nader fram i tid, ikkje oppfyller kravet i lova om vesentleg skade eller ulempe, heiter det i rettsavgjerda fr\u00e5 dommarfullmektig Marianne Holmen.<\/p>\n<p>Nordic Mining vinn ut rutil og granat fr\u00e5 Engeb\u00f8fjellet ved F\u00f8rdefjorden i Vestland. Staten har gitt selskapet l\u00f8yve til \u00e5 dumpe opptil 170 millionar tonn gruveavfall i fjorden.<\/p>\n<p>Sidan ei avgjerd i saka var rekna som b\u00f8rssensitiv, kom den etter stengjetid p\u00e5 b\u00f8rsen. <\/p>\n<p>Naturvernforbund-leiar Truls Gulowsen g\u00e5r hardt ut mot avgjerda.<\/p>\n<p>\u2013 No kjenner vi p\u00e5 sjokk og skuffelse. Etter sigeren i lagmannsretten, fekk vi tilbake trua p\u00e5 at naturen har rettstryggleik i Noreg. At tingretten l\u00e8t omsynet til eit b\u00f8rsnotert selskap vege tyngre enn heile vekta av ein rein og rik fjord, det er ikkje til \u00e5 forst\u00e5, seier Gulowsen i ei pressemelding.<\/p>\n<p>200.000 tonn er deponerte<\/p>\n<p>Engeb\u00f8-anlegget vart offisielt opna 22. mai. If\u00f8lgje tingretten var det i midten av oktober deponert rundt 200.000 tonn avfall i fjorden.<\/p>\n<p>Efta-domstolen slo i mars fast at dumpinga i fjorden strir med EUs vassdirektiv. Regjeringa slo likevel fast at det ikkje var noko tvil om at l\u00f8yvet som vart gitt, framleis var gyldig.<\/p>\n<p>\u2013 Tilgangen p\u00e5 viktige mineral var ein del av grunngivinga da l\u00f8yvet vart gitt. Med dagens tryggingspolitiske situasjon er behovet for slike mineral vorte enda viktigare, sa klima- og milj\u00f8minister Andreas Bjelland Eriksen (Ap) i ei pressemelding like etter opninga.<\/p>\n","protected":false},"excerpt":{"rendered":"Organisasjonane m\u00e5 \u00f2g betale sakskostnader p\u00e5 2,5 millionar kroner, vedtok Sogn og Fjordane tingrett m\u00e5ndag. I august slo&hellip;\n","protected":false},"author":2,"featured_media":83865,"comment_status":"","ping_status":"","sticky":false,"template":"","format":"standard","meta":{"footnotes":""},"categories":[10],"tags":[36,20,21,24,25,1397,3498,15,22,23,1399,1398,13,30,1467,28,29,14,16,11237,1510,26,27],"class_list":{"0":"post-83864","1":"post","2":"type-post","3":"status-publish","4":"format-standard","5":"has-post-thumbnail","7":"category-norge","8":"tag-art","9":"tag-breaking-news","10":"tag-breakingnews","11":"tag-featured-news","12":"tag-featurednews","13":"tag-fordefjorden","14":"tag-gruvedrift","15":"tag-headlines","16":"tag-latest-news","17":"tag-latestnews","18":"tag-natur-og-ungdom","19":"tag-naturvernforbundet","20":"tag-news","21":"tag-no","22":"tag-nordic-mining","23":"tag-norge","24":"tag-norway","25":"tag-nyheter","26":"tag-overskrifter","27":"tag-sogn-og-fjordane-tingrett","28":"tag-story","29":"tag-top-stories","30":"tag-topstories"},"share_on_mastodon":{"url":"https:\/\/pubeurope.com\/@no\/115528583292318404","error":""},"_links":{"self":[{"href":"https:\/\/www.europesays.com\/no\/wp-json\/wp\/v2\/posts\/83864","targetHints":{"allow":["GET"]}}],"collection":[{"href":"https:\/\/www.europesays.com\/no\/wp-json\/wp\/v2\/posts"}],"about":[{"href":"https:\/\/www.europesays.com\/no\/wp-json\/wp\/v2\/types\/post"}],"author":[{"embeddable":true,"href":"https:\/\/www.europesays.com\/no\/wp-json\/wp\/v2\/users\/2"}],"replies":[{"embeddable":true,"href":"https:\/\/www.europesays.com\/no\/wp-json\/wp\/v2\/comments?post=83864"}],"version-history":[{"count":0,"href":"https:\/\/www.europesays.com\/no\/wp-json\/wp\/v2\/posts\/83864\/revisions"}],"wp:featuredmedia":[{"embeddable":true,"href":"https:\/\/www.europesays.com\/no\/wp-json\/wp\/v2\/media\/83865"}],"wp:attachment":[{"href":"https:\/\/www.europesays.com\/no\/wp-json\/wp\/v2\/media?parent=83864"}],"wp:term":[{"taxonomy":"category","embeddable":true,"href":"https:\/\/www.europesays.com\/no\/wp-json\/wp\/v2\/categories?post=83864"},{"taxonomy":"post_tag","embeddable":true,"href":"https:\/\/www.europesays.com\/no\/wp-json\/wp\/v2\/tags?post=83864"}],"curies":[{"name":"wp","href":"https:\/\/api.w.org\/{rel}","templated":true}]}}