{"id":83869,"date":"2025-11-11T02:30:10","date_gmt":"2025-11-11T02:30:10","guid":{"rendered":"https:\/\/www.europesays.com\/no\/83869\/"},"modified":"2025-11-11T02:30:10","modified_gmt":"2025-11-11T02:30:10","slug":"trump-ber-hoyesterett-omgjore-carroll-dommen","status":"publish","type":"post","link":"https:\/\/www.europesays.com\/no\/83869\/","title":{"rendered":"Trump ber H\u00f8yesterett omgj\u00f8re Carroll-dommen"},"content":{"rendered":"\n<p class=\"_lead_o9xde_2 _lead_xtcu6_50 layout-component text-serif-m layout-normal text-serif-l layout-component layout-wide layout-padded _wide_17hqh_1 layout-padded\">Presidenten kaller saken en \u00abpolitisk motivert bl\u00f8ff\u00bb.<\/p>\n<p><img alt=\" Foto: [LEONARDO MUNOZ, MANDEL NGAN] \/ AFP \/ NTB\" class=\"_image_qp4xg_65 layout-component layout-wide\" data-fullscreen- data-track-element-type=\"Article image fullscreen\" data-track-name=\"ImageFullscreen\" fetchpriority=\"high\" decoding=\"sync\" loading=\"eager\" height=\"2400\" itemprop=\"image\"  src=\"https:\/\/www.europesays.com\/no\/wp-content\/uploads\/2025\/11\/6dfe8cbd-9a02-4fc7-ab3c-d207f0ebf4af\"  style=\"object-position:0% 0%\" width=\"3200\"\/> Foto: [LEONARDO MUNOZ, MANDEL NGAN] \/ AFP \/ NTB<\/p>\n<ul aria-hidden=\"true\" class=\"_images_18f0k_111\">\n<li><a class=\"_link_18f0k_116\" href=\"https:\/\/www.vg.no\/forfatter\/kari-aarstad-aase\" style=\"z-index:1\" title=\"Kari Aarstad Aase\" rel=\"nofollow noopener\" target=\"_blank\"><img alt=\"Bilde av Kari Aarstad Aase\" class=\"_image_18f0k_93\" fetchpriority=\"low\" loading=\"lazy\" decoding=\"async\" itemprop=\"image\"  src=\"https:\/\/www.europesays.com\/no\/wp-content\/uploads\/2025\/11\/1762828209_253_0dbde33e-6d8e-4680-8e4f-e2a64281e2b8\"  width=\"480\"\/><\/a><\/li>\n<\/ul>\n<p> Oppdatert tirsdag 11. november kl. 02:52     <\/p>\n<p class=\"_paragraph_o9xde_4 _paragraph_xtcu6_10 layout-component text-serif-m layout-normal text-serif-m layout-padded\">President <a href=\"https:\/\/www.vg.no\/tag\/donald-trump-2?utm_source=vg-article&amp;utm_medium=auto-tagger&amp;utm_campaign=vgEydp\" class=\"_link_o9xde_39\" rel=\"nofollow noopener\" target=\"_blank\">Donald Trump<\/a> har bedt USAs h\u00f8yesterett om \u00e5 omgj\u00f8re dommen som fant ham skyldig i \u00e5 ha seksuelt misbrukt og \u00e6rekrenket forfatter E. Jean Carroll, melder <a href=\"https:\/\/www.cnn.com\/2025\/11\/10\/politics\/e-jean-carroll-trump-supreme-court\" class=\"_link_o9xde_39\" rel=\"nofollow noopener\" target=\"_blank\">CNN<\/a>.<\/p>\n<p class=\"_paragraph_o9xde_4 _paragraph_xtcu6_10 layout-component text-serif-m layout-normal text-serif-m layout-padded\">Carroll, en tidligere r\u00e5dgiver-spaltist og TV-vert, vitnet i 2023 om at Trump forvandlet et vennlig m\u00f8te v\u00e5ren 1996 til et voldelig angrep i pr\u00f8verommet i luksusmagasinet Bergdorf Goodman.<\/p>\n<p class=\"_paragraph_o9xde_4 _paragraph_xtcu6_10 layout-component text-serif-m layout-normal text-serif-m layout-padded\">Juryen fant Trump skyldig i \u00e5 ha seksuelt misbrukt Carroll . Han ble d\u00f8mt til \u00e5 betale fem millioner dollar i erstatning. I en p\u00e5f\u00f8lgende \u00e6rekrenkelsessak ble Trump d\u00f8mt til \u00e5 betale ytterligere 83,3 millioner dollar for kommentarer han kom med i 2019, skriver AP.<\/p>\n<p class=\"_paragraph_o9xde_4 _paragraph_xtcu6_10 layout-component text-serif-m layout-normal text-serif-m layout-padded\"> I fjor opprettholdt en f\u00f8deral ankedomstol juryens dom og erstatningsbel\u00f8pet.<\/p>\n<p><img alt=\"E. Jean Carroll  Foto: Evan Agostini \/ AP \/ NTB\" class=\"_image_qp4xg_65 layout-component layout-normal\" data-fullscreen- data-track-element-type=\"Article image fullscreen\" data-track-name=\"ImageFullscreen\" decoding=\"async\" loading=\"lazy\" height=\"3500\" itemprop=\"image\"  src=\"https:\/\/www.europesays.com\/no\/wp-content\/uploads\/2025\/11\/d14f937b-38fe-45bb-ac6e-00d6aa7b0414\"  style=\"object-position:0% 0%\" width=\"2780\"\/>E. Jean Carroll  Foto: Evan Agostini \/ AP \/ NTB<\/p>\n<p class=\"_paragraph_o9xde_4 _paragraph_xtcu6_10 layout-component text-serif-m layout-normal text-serif-m layout-padded\">Trumps advokater kaller Carrolls p\u00e5stander en \u00abpolitisk motivert bl\u00f8ff\u00bb og hevder dommeren Lewis A. Kaplan forvrengte f\u00f8derale bevisregler for \u00e5 styrke Carrolls \u00abusannsynlige og udokumenterte p\u00e5stander\u00bb.<\/p>\n<p class=\"_paragraph_o9xde_4 _paragraph_xtcu6_10 layout-component text-serif-m layout-normal text-serif-m layout-padded\">Trump hevder at dommeren gjorde flere feil. Blant annet ved \u00e5 la juryen h\u00f8re vitnem\u00e5l fra to kvinner som p\u00e5sto Trump seksuelt overgrep dem for flere \u00e5r siden.<\/p>\n<p class=\"_paragraph_o9xde_4 _paragraph_xtcu6_10 layout-component text-serif-m layout-normal text-serif-m layout-padded\">Trumps advokater mener ogs\u00e5 juryen ikke skulle ha f\u00e5tt se den ber\u00f8mte \u00abAccess Hollywood\u00bb-opptaket fra 2005, hvor Trump p\u00e5 en \u00e5pen mikrofon sa han bef\u00f8ler og kysser kvinner.<\/p>\n<p class=\"_paragraph_o9xde_4 _paragraph_xtcu6_10 layout-component text-serif-m layout-normal text-serif-m layout-padded\">\u2013 Det var ingen \u00f8yenvitner, ingen videobevis og ingen politirapport eller etterforskning, skriver Trump i anken til H\u00f8yesterett.<\/p>\n<p class=\"_paragraph_o9xde_4 _paragraph_xtcu6_10 layout-component text-serif-m layout-normal text-serif-m layout-padded\">Det er uklart om H\u00f8yesterett vil ta opp saken til behandling.<\/p>\n","protected":false},"excerpt":{"rendered":"Presidenten kaller saken en \u00abpolitisk motivert bl\u00f8ff\u00bb. Foto: [LEONARDO MUNOZ, MANDEL NGAN] \/ AFP \/ NTB Oppdatert tirsdag&hellip;\n","protected":false},"author":2,"featured_media":83870,"comment_status":"","ping_status":"","sticky":false,"template":"","format":"standard","meta":{"footnotes":""},"categories":[12],"tags":[20,21,55,24,25,15,22,23,13,30,28,29,14,1622,16,26,27,42,46,43,44,45],"class_list":{"0":"post-83869","1":"post","2":"type-post","3":"status-publish","4":"format-standard","5":"has-post-thumbnail","7":"category-verden","8":"tag-breaking-news","9":"tag-breakingnews","10":"tag-donald-trump","11":"tag-featured-news","12":"tag-featurednews","13":"tag-headlines","14":"tag-latest-news","15":"tag-latestnews","16":"tag-news","17":"tag-no","18":"tag-norge","19":"tag-norway","20":"tag-nyheter","21":"tag-overgrep","22":"tag-overskrifter","23":"tag-top-stories","24":"tag-topstories","25":"tag-verden","26":"tag-vgai","27":"tag-world","28":"tag-world-news","29":"tag-worldnews"},"share_on_mastodon":{"url":"https:\/\/pubeurope.com\/@no\/115528717045905394","error":""},"_links":{"self":[{"href":"https:\/\/www.europesays.com\/no\/wp-json\/wp\/v2\/posts\/83869","targetHints":{"allow":["GET"]}}],"collection":[{"href":"https:\/\/www.europesays.com\/no\/wp-json\/wp\/v2\/posts"}],"about":[{"href":"https:\/\/www.europesays.com\/no\/wp-json\/wp\/v2\/types\/post"}],"author":[{"embeddable":true,"href":"https:\/\/www.europesays.com\/no\/wp-json\/wp\/v2\/users\/2"}],"replies":[{"embeddable":true,"href":"https:\/\/www.europesays.com\/no\/wp-json\/wp\/v2\/comments?post=83869"}],"version-history":[{"count":0,"href":"https:\/\/www.europesays.com\/no\/wp-json\/wp\/v2\/posts\/83869\/revisions"}],"wp:featuredmedia":[{"embeddable":true,"href":"https:\/\/www.europesays.com\/no\/wp-json\/wp\/v2\/media\/83870"}],"wp:attachment":[{"href":"https:\/\/www.europesays.com\/no\/wp-json\/wp\/v2\/media?parent=83869"}],"wp:term":[{"taxonomy":"category","embeddable":true,"href":"https:\/\/www.europesays.com\/no\/wp-json\/wp\/v2\/categories?post=83869"},{"taxonomy":"post_tag","embeddable":true,"href":"https:\/\/www.europesays.com\/no\/wp-json\/wp\/v2\/tags?post=83869"}],"curies":[{"name":"wp","href":"https:\/\/api.w.org\/{rel}","templated":true}]}}