{"id":83881,"date":"2025-11-11T02:58:25","date_gmt":"2025-11-11T02:58:25","guid":{"rendered":"https:\/\/www.europesays.com\/no\/83881\/"},"modified":"2025-11-11T02:58:25","modified_gmt":"2025-11-11T02:58:25","slug":"hoyre-erna-solberg-glemte-ikke-finnes-saken","status":"publish","type":"post","link":"https:\/\/www.europesays.com\/no\/83881\/","title":{"rendered":"H\u00f8yre, Erna Solberg | Glemte ikke Finnes-saken"},"content":{"rendered":"\n<p>Et sammendrag av rapportens konklusjon ble gjort tilgjengelig for media i en pressemelding. <\/p>\n<p>Hele rapporten skal leveres til den nye partiledelsen i februar.<\/p>\n<p>Rapporten peker p\u00e5 flere forhold som har f\u00f8rt til historisk fall for H\u00f8yre: <\/p>\n<p>Partiet havnet i skvis mellom Ap og Frp, H\u00f8yres politiske prosjekt var usynlig, og de klarte ikke \u00e5 forutse Frps braksuksess.<\/p>\n<p><b>Dermed mistet H\u00f8yre viktige eierskap i politiske saksomr\u00e5der som partiet tidligere hadde stor pondus i, slik som skole, helse og \u00f8konomi, heter det i konklusjonen.<\/b><\/p>\n<p>\u2013 Partiet lot seg tidlig blende av gode meningsm\u00e5linger over flere \u00e5r, som ble tatt til inntekt for egen innsats, n\u00e5r de trolig skyldtes en svak regjering. Dette la lokk p\u00e5 viktige, strategiske diskusjoner i partiet, som i sin tur gjorde at vi agerte for sent p\u00e5 ulike politiske vendinger, heter det.<\/p>\n<p>Det var Bod\u00f8-ordf\u00f8reren Odd Emil Ingebrigtsen som har ledet arbeidet med evalueringen. <\/p>\n<p>\u2013 Det som var litt overraskende, var at det s\u00e5 ut som saken knyttet til Sindre Finnes kom opp igjen, selv om vi trodde den saken var ferdig, sier Ingebrigtsen til VG.<\/p>\n<p>H\u00f8yre la opp sin strategi med utgangspunkt i at velgerne hadde glemt aksjespekulasjonene til ektemannen til dav\u00e6rende statsminister Erna Solberg. <\/p>\n<p>Mange som banket p\u00e5 d\u00f8rene for partiet opplevde at det motsatte var tilfelle. Saken heftet fortsatt ved Solberg.<\/p>\n<p>Vegerne glemte selvsagt ikke Sindre Finnes-saken. Hadde partiets strateger hatt \u00f8re til bakken i noen grad, hadde de selv forst\u00e5tt det.<\/p>\n<p><b>Dermed har H\u00f8yre havnet i den situasjonen som partier som har sittet lenge med makta ofte havner i. De s\u00e5 verden fra sitt eget utsiktspunkt, uten sunne referanser ute i befolkningen.<\/b><\/p>\n<p>Ledelsen trodde mer p\u00e5 egen autoritet, enn p\u00e5 grasrotas magef\u00f8lelse. Det straffer seg alltid.<\/p>\n<p>Det kan ogs\u00e5 tyde p\u00e5 at det har v\u00e6rt litt for mange ja-mennesker rundt Solberg, som ikke har v\u00e5get \u00e5 ta vanskelige samtaler med den avtroppende partilederen.<\/p>\n<p>N\u00e5 g\u00e5r Solberg av, og med det forsvinner en dominerende partileder. S\u00e5 sp\u00f8rs det om H\u00f8yre klarer \u00e5 gj\u00f8re noe med den unnvikende kulturen som ble skapt rundt henne. <\/p>\n","protected":false},"excerpt":{"rendered":"Et sammendrag av rapportens konklusjon ble gjort tilgjengelig for media i en pressemelding. Hele rapporten skal leveres til&hellip;\n","protected":false},"author":2,"featured_media":83882,"comment_status":"","ping_status":"","sticky":false,"template":"","format":"standard","meta":{"footnotes":""},"categories":[5],"tags":[36,20,21,327,24,25,15,19,762,22,23,246,17,18,13,30,28,29,14,1533,16,1598,475,26,27],"class_list":{"0":"post-83881","1":"post","2":"type-post","3":"status-publish","4":"format-standard","5":"has-post-thumbnail","7":"category-overskrifter","8":"tag-art","9":"tag-breaking-news","10":"tag-breakingnews","11":"tag-erna-solberg","12":"tag-featured-news","13":"tag-featurednews","14":"tag-headlines","15":"tag-hovedoppslag","16":"tag-hoyre","17":"tag-latest-news","18":"tag-latestnews","19":"tag-leder","20":"tag-main-news","21":"tag-mainnews","22":"tag-news","23":"tag-no","24":"tag-norge","25":"tag-norway","26":"tag-nyheter","27":"tag-opinion","28":"tag-overskrifter","29":"tag-sindre-finnes","30":"tag-stortingsvalget-2025","31":"tag-top-stories","32":"tag-topstories"},"share_on_mastodon":{"url":"https:\/\/pubeurope.com\/@no\/115528827090365444","error":""},"_links":{"self":[{"href":"https:\/\/www.europesays.com\/no\/wp-json\/wp\/v2\/posts\/83881","targetHints":{"allow":["GET"]}}],"collection":[{"href":"https:\/\/www.europesays.com\/no\/wp-json\/wp\/v2\/posts"}],"about":[{"href":"https:\/\/www.europesays.com\/no\/wp-json\/wp\/v2\/types\/post"}],"author":[{"embeddable":true,"href":"https:\/\/www.europesays.com\/no\/wp-json\/wp\/v2\/users\/2"}],"replies":[{"embeddable":true,"href":"https:\/\/www.europesays.com\/no\/wp-json\/wp\/v2\/comments?post=83881"}],"version-history":[{"count":0,"href":"https:\/\/www.europesays.com\/no\/wp-json\/wp\/v2\/posts\/83881\/revisions"}],"wp:featuredmedia":[{"embeddable":true,"href":"https:\/\/www.europesays.com\/no\/wp-json\/wp\/v2\/media\/83882"}],"wp:attachment":[{"href":"https:\/\/www.europesays.com\/no\/wp-json\/wp\/v2\/media?parent=83881"}],"wp:term":[{"taxonomy":"category","embeddable":true,"href":"https:\/\/www.europesays.com\/no\/wp-json\/wp\/v2\/categories?post=83881"},{"taxonomy":"post_tag","embeddable":true,"href":"https:\/\/www.europesays.com\/no\/wp-json\/wp\/v2\/tags?post=83881"}],"curies":[{"name":"wp","href":"https:\/\/api.w.org\/{rel}","templated":true}]}}