{"id":83887,"date":"2025-11-11T03:21:12","date_gmt":"2025-11-11T03:21:12","guid":{"rendered":"https:\/\/www.europesays.com\/no\/83887\/"},"modified":"2025-11-11T03:21:12","modified_gmt":"2025-11-11T03:21:12","slug":"senatet-vedtar-avtale-som-avslutter-usas-lengste-regjeringsstopp","status":"publish","type":"post","link":"https:\/\/www.europesays.com\/no\/83887\/","title":{"rendered":"Senatet vedtar avtale som avslutter USAs lengste regjeringsstopp"},"content":{"rendered":"\n<p class=\"_lead_o9xde_2 _lead_xtcu6_50 layout-component text-serif-m layout-normal text-serif-l layout-component layout-wide layout-padded _wide_17hqh_1 layout-padded\">Hundretusenvis av f\u00f8derale ansatte har g\u00e5tt uten l\u00f8nn i uker.<\/p>\n<p><img alt=\" Foto: Evelyn Hockstein \/ Reuters \/ NTB\" class=\"_image_qp4xg_65 layout-component layout-wide\" data-fullscreen- data-track-element-type=\"Article image fullscreen\" data-track-name=\"ImageFullscreen\" fetchpriority=\"high\" decoding=\"sync\" loading=\"eager\" height=\"3669\" itemprop=\"image\"  src=\"https:\/\/www.europesays.com\/no\/wp-content\/uploads\/2025\/11\/193d06dc-f3f4-4de0-9c84-a704f72e31f2\"  style=\"object-position:0% 0%\" width=\"5500\"\/> Foto: Evelyn Hockstein \/ Reuters \/ NTB<\/p>\n<ul aria-hidden=\"true\" class=\"_images_18f0k_111\">\n<li><a class=\"_link_18f0k_116\" href=\"https:\/\/www.vg.no\/forfatter\/kari-aarstad-aase\" style=\"z-index:1\" title=\"Kari Aarstad Aase\" rel=\"nofollow noopener\" target=\"_blank\"><img alt=\"Bilde av Kari Aarstad Aase\" class=\"_image_18f0k_93\" fetchpriority=\"low\" loading=\"lazy\" decoding=\"async\" itemprop=\"image\"  src=\"https:\/\/www.europesays.com\/no\/wp-content\/uploads\/2025\/11\/1762831270_639_0dbde33e-6d8e-4680-8e4f-e2a64281e2b8\"  width=\"480\"\/><\/a><\/li>\n<\/ul>\n<p> Oppdatert tirsdag 11. november kl. 03:57     <\/p>\n<p class=\"_paragraph_o9xde_4 _paragraph_xtcu6_10 layout-component text-serif-m layout-normal text-serif-m layout-padded\">Det amerikanske senatet vedtok mandag en kompromissavtale som avslutter den lengste regjeringsstansen i <a href=\"https:\/\/www.vg.no\/tag\/usa?utm_source=vg-article&amp;utm_medium=auto-tagger&amp;utm_campaign=vgEyJj\" class=\"_link_o9xde_39\" rel=\"nofollow noopener\" target=\"_blank\">USAs<\/a> historie. Avstemningen endte 60-40, med st\u00f8tte fra nesten alle republikanere og \u00e5tte demokrater, melder\u00a0Reuters.<\/p>\n<p class=\"_paragraph_o9xde_4 _paragraph_xtcu6_10 layout-component text-serif-m layout-normal layout-padded\"><strong class=\"_strong_o9xde_25\">Les ogs\u00e5:<\/strong> <a href=\"https:\/\/www.vg.no\/i\/yEeXeA\" data-track-element-type=\"Link\" data-track-id=\"link:yEeXeA\" class=\"_link_o9xde_39\" rel=\"nofollow noopener\" target=\"_blank\">Full strid blant Demokratene: \u2013 Et svik<\/a><\/p>\n<p class=\"_paragraph_o9xde_4 _paragraph_xtcu6_10 layout-component text-serif-m layout-normal text-serif-m layout-padded\">Nedstengningen i statsapparatet har p\u00e5g\u00e5tt siden 1. oktober og har rammet millioner av amerikanere. Hundretusenvis av f\u00f8derale ansatte har g\u00e5tt uten l\u00f8nn, mathjelp er blitt utsatt og flytrafikken har blitt p\u00e5virket.<\/p>\n<p class=\"_paragraph_o9xde_4 _paragraph_xtcu6_10 layout-component text-serif-m layout-normal text-serif-m layout-padded\">Avtalen gjenoppretter finansieringen til f\u00f8derale etater og stopper president Donald Trumps planer om \u00e5 redusere antall f\u00f8derale ansatte frem til 30. januar. Ingen oppsigelser kan skje f\u00f8r den datoen.<\/p>\n<p class=\"_paragraph_o9xde_4 _paragraph_xtcu6_10 layout-component text-serif-m layout-normal text-serif-m layout-padded\">N\u00e5 g\u00e5r forslaget videre til Representantenes hus, som kontrolleres av republikanerne. Talmann Mike Johnson har sagt han \u00f8nsker \u00e5 vedta avtalen s\u00e5 tidlig som onsdag, f\u00f8r den sendes til Trump for signering.<\/p>\n<p class=\"_paragraph_o9xde_4 _paragraph_xtcu6_10 layout-component text-serif-m layout-normal text-serif-m layout-padded\">\u2013 Avtalen for \u00e5 gjen\u00e5pne staten er veldig god, har Trump uttalt.<\/p>\n<p><img alt=\"Foto: GRAIG HUDSON \/ POOL \/ EPA \/ NTB\" class=\"_image_qp4xg_65 layout-component layout-normal\" data-fullscreen- data-track-element-type=\"Article image fullscreen\" data-track-name=\"ImageFullscreen\" decoding=\"async\" loading=\"lazy\" height=\"5504\" itemprop=\"image\"  src=\"https:\/\/www.europesays.com\/no\/wp-content\/uploads\/2025\/11\/e18c0f34-d458-4c27-93c9-16cc4544e616\"  style=\"object-position:0% 0%\" width=\"8256\"\/>Foto: GRAIG HUDSON \/ POOL \/ EPA \/ NTB<\/p>\n<p class=\"_paragraph_o9xde_4 _paragraph_xtcu6_10 layout-component text-serif-m layout-normal text-serif-m layout-padded\">Finansieringen forlenges til 30. januar, noe som betyr at den f\u00f8derale regjeringen fortsetter \u00e5 legge til rundt 1,8 billioner dollar \u00e5rlig til landets gjeld p\u00e5 38 billioner dollar.<\/p>\n<p class=\"_paragraph_o9xde_4 _paragraph_xtcu6_10 layout-component text-serif-m layout-normal text-serif-m layout-padded\">Mange demokrater er misforn\u00f8yde fordi avtalen ikke garanterer videref\u00f8ring av helsesubsidier som kommer 24 millioner amerikanere til gode.<\/p>\n<p class=\"_paragraph_o9xde_4 _paragraph_xtcu6_10 layout-component text-serif-m layout-normal text-serif-m layout-padded\">En meningsm\u00e5ling fra Reuters\/Ipsos i slutten av oktober viste at 50 prosent av amerikanerne ga republikanerne skylden for regjeringsstansen, mens 43 prosent skyldte p\u00e5 demokratene.<\/p>\n<p>Les ogs\u00e5<br \/>\n    <img decoding=\"async\" alt=\"Tips oss illustrasjon\" src=\"https:\/\/www.europesays.com\/no\/wp-content\/uploads\/2025\/10\/pssst-small.webp.webp\"\/>    <\/p>\n<p class=\"title-serif-s\">Har du tips?<\/p>\n<p class=\"text-sans-m\">Send oss informasjon, bilder eller video.<\/p>\n<p>  <a href=\"https:\/\/www.vg.no\/tips-oss\" rel=\"nofollow noopener\" target=\"_blank\"> Tips oss <\/a>      <\/p>\n","protected":false},"excerpt":{"rendered":"Hundretusenvis av f\u00f8derale ansatte har g\u00e5tt uten l\u00f8nn i uker. Foto: Evelyn Hockstein \/ Reuters \/ NTB Oppdatert&hellip;\n","protected":false},"author":2,"featured_media":83888,"comment_status":"","ping_status":"","sticky":false,"template":"","format":"standard","meta":{"footnotes":""},"categories":[12],"tags":[31,20,21,24,25,15,22,23,13,30,28,29,14,16,26,27,50,42,43,44,45],"class_list":{"0":"post-83887","1":"post","2":"type-post","3":"status-publish","4":"format-standard","5":"has-post-thumbnail","7":"category-verden","8":"tag-breaking","9":"tag-breaking-news","10":"tag-breakingnews","11":"tag-featured-news","12":"tag-featurednews","13":"tag-headlines","14":"tag-latest-news","15":"tag-latestnews","16":"tag-news","17":"tag-no","18":"tag-norge","19":"tag-norway","20":"tag-nyheter","21":"tag-overskrifter","22":"tag-top-stories","23":"tag-topstories","24":"tag-usa","25":"tag-verden","26":"tag-world","27":"tag-world-news","28":"tag-worldnews"},"share_on_mastodon":{"url":"https:\/\/pubeurope.com\/@no\/115528917602522817","error":""},"_links":{"self":[{"href":"https:\/\/www.europesays.com\/no\/wp-json\/wp\/v2\/posts\/83887","targetHints":{"allow":["GET"]}}],"collection":[{"href":"https:\/\/www.europesays.com\/no\/wp-json\/wp\/v2\/posts"}],"about":[{"href":"https:\/\/www.europesays.com\/no\/wp-json\/wp\/v2\/types\/post"}],"author":[{"embeddable":true,"href":"https:\/\/www.europesays.com\/no\/wp-json\/wp\/v2\/users\/2"}],"replies":[{"embeddable":true,"href":"https:\/\/www.europesays.com\/no\/wp-json\/wp\/v2\/comments?post=83887"}],"version-history":[{"count":0,"href":"https:\/\/www.europesays.com\/no\/wp-json\/wp\/v2\/posts\/83887\/revisions"}],"wp:featuredmedia":[{"embeddable":true,"href":"https:\/\/www.europesays.com\/no\/wp-json\/wp\/v2\/media\/83888"}],"wp:attachment":[{"href":"https:\/\/www.europesays.com\/no\/wp-json\/wp\/v2\/media?parent=83887"}],"wp:term":[{"taxonomy":"category","embeddable":true,"href":"https:\/\/www.europesays.com\/no\/wp-json\/wp\/v2\/categories?post=83887"},{"taxonomy":"post_tag","embeddable":true,"href":"https:\/\/www.europesays.com\/no\/wp-json\/wp\/v2\/tags?post=83887"}],"curies":[{"name":"wp","href":"https:\/\/api.w.org\/{rel}","templated":true}]}}