{"id":83921,"date":"2025-11-11T05:58:09","date_gmt":"2025-11-11T05:58:09","guid":{"rendered":"https:\/\/www.europesays.com\/no\/83921\/"},"modified":"2025-11-11T05:58:09","modified_gmt":"2025-11-11T05:58:09","slug":"13-kommuner-har-over-20-prosent-ufore","status":"publish","type":"post","link":"https:\/\/www.europesays.com\/no\/83921\/","title":{"rendered":"13 kommuner har over 20 prosent uf\u00f8re"},"content":{"rendered":"<p>S\u00f8ndre Land i Innlandet topper statistikken med en uf\u00f8reandel p\u00e5 22,7 prosent, skriver Nationen.<\/p>\n<p>Ordf\u00f8rer Roger Fl\u00f8ttum (Ap) sier det \u00abgj\u00f8r vondt\u00bb \u00e5 se kommunen \u00f8verst p\u00e5 listen.<\/p>\n<p>\u2013 Bak disse tallene finner vi mennesker med liv, dr\u00f8mmer og familier \u2013 og det blir n\u00e6rt i en liten kommune, sier han til Nationen.<\/p>\n<p>Blant kommunene som har over 20 prosent uf\u00f8re finner vi to kommuner i Troms, sju kommuner i Innlandet og fire i Agder.<\/p>\n<p>Etter S\u00f8ndre Land f\u00f8lger Iveland kommune i Agder med 22,6 prosent uf\u00f8re, \u00c5snes (Innlandet) 22,2 prosent, Stor-Elvdal (Innlandet) 21,7 prosent, V\u00e5ler (Innlandet) 21,2 prosent, Nordre Land (Innlandet) 21 prosent, \u00c5mli (Agder) 20,9 prosent, Eidskog (Innlandet) 20,9 prosent, Gratangen (Troms) 20,6 prosent, Dyr\u00f8y (Troms) 20,5 prosent, Grue (Innlandet) 20,4 prosent, Bygland (Agder) 20,3 prosent og Gjerstad i Agder med 20,2 prosent uf\u00f8re.<\/p>\n<p>I \u00e5r er det ventet at utbetalingene til uf\u00f8retrygd vil passere 125 milliarder kroner.<\/p>\n","protected":false},"excerpt":{"rendered":"S\u00f8ndre Land i Innlandet topper statistikken med en uf\u00f8reandel p\u00e5 22,7 prosent, skriver Nationen. Ordf\u00f8rer Roger Fl\u00f8ttum (Ap)&hellip;\n","protected":false},"author":2,"featured_media":83922,"comment_status":"","ping_status":"","sticky":false,"template":"","format":"standard","meta":{"footnotes":""},"categories":[10],"tags":[1740,20,21,11243,24,25,2573,15,2403,22,23,652,13,30,28,29,14,16,26,27],"class_list":{"0":"post-83921","1":"post","2":"type-post","3":"status-publish","4":"format-standard","5":"has-post-thumbnail","7":"category-norge","8":"tag-amli","9":"tag-breaking-news","10":"tag-breakingnews","11":"tag-bygland","12":"tag-featured-news","13":"tag-featurednews","14":"tag-gjerstad","15":"tag-headlines","16":"tag-iveland","17":"tag-latest-news","18":"tag-latestnews","19":"tag-nav","20":"tag-news","21":"tag-no","22":"tag-norge","23":"tag-norway","24":"tag-nyheter","25":"tag-overskrifter","26":"tag-top-stories","27":"tag-topstories"},"share_on_mastodon":{"url":"https:\/\/pubeurope.com\/@no\/115529534915481944","error":""},"_links":{"self":[{"href":"https:\/\/www.europesays.com\/no\/wp-json\/wp\/v2\/posts\/83921","targetHints":{"allow":["GET"]}}],"collection":[{"href":"https:\/\/www.europesays.com\/no\/wp-json\/wp\/v2\/posts"}],"about":[{"href":"https:\/\/www.europesays.com\/no\/wp-json\/wp\/v2\/types\/post"}],"author":[{"embeddable":true,"href":"https:\/\/www.europesays.com\/no\/wp-json\/wp\/v2\/users\/2"}],"replies":[{"embeddable":true,"href":"https:\/\/www.europesays.com\/no\/wp-json\/wp\/v2\/comments?post=83921"}],"version-history":[{"count":0,"href":"https:\/\/www.europesays.com\/no\/wp-json\/wp\/v2\/posts\/83921\/revisions"}],"wp:featuredmedia":[{"embeddable":true,"href":"https:\/\/www.europesays.com\/no\/wp-json\/wp\/v2\/media\/83922"}],"wp:attachment":[{"href":"https:\/\/www.europesays.com\/no\/wp-json\/wp\/v2\/media?parent=83921"}],"wp:term":[{"taxonomy":"category","embeddable":true,"href":"https:\/\/www.europesays.com\/no\/wp-json\/wp\/v2\/categories?post=83921"},{"taxonomy":"post_tag","embeddable":true,"href":"https:\/\/www.europesays.com\/no\/wp-json\/wp\/v2\/tags?post=83921"}],"curies":[{"name":"wp","href":"https:\/\/api.w.org\/{rel}","templated":true}]}}