{"id":83923,"date":"2025-11-11T06:01:19","date_gmt":"2025-11-11T06:01:19","guid":{"rendered":"https:\/\/www.europesays.com\/no\/83923\/"},"modified":"2025-11-11T06:01:19","modified_gmt":"2025-11-11T06:01:19","slug":"planer-om-a-stifte-familie","status":"publish","type":"post","link":"https:\/\/www.europesays.com\/no\/83923\/","title":{"rendered":"Planer om \u00e5 stifte familie?"},"content":{"rendered":"<p class=\"kicker \" style=\"\">Kylie Jenner og Timoth\u00e9e Chalamet:<\/p>\n<p>  Det kan bli flere barn p\u00e5 Kylie Jenner &#8230; hvis\u00a0Timoth\u00e9e Chalamet f\u00e5r det som han \u00f8nsker.<\/p>\n<p>\n    STJERNEPAR: Timoth\u00e9e Chalamet hinter om familieplaner med Kylie Jenner. Foto: Anna Maria Tinghino \/ SplashNews.com \/ NTB\n  <\/p>\n<p>Tidligere denne uken publiserte motemagasinet\u00a0<a href=\"https:\/\/www.vogue.com\/article\/timothee-chalamet-december-cover-2025-interview\" class=\"\" rel=\"nofollow noopener\" target=\"_blank\">Vogue et lengre intervju<\/a> med \u00abWilly Wonka\u00bb-skuespiller\u00a0Timoth\u00e9e Chalamet (29).\u00a0<\/p>\n<p>Intervjuet er gjort i anledning en st\u00f8rre presseturn\u00e8 i forbindelse med spillefilmen \u00abMarty Supreme\u00bb.<\/p>\n<p>    <a itemprop=\"url\" href=\"https:\/\/www.seher.no\/kjendis\/eks-kjaeresten-sjokkerer\/83164033\" rel=\"nofollow noopener\" target=\"_blank\"><\/p>\n<p>      <img loading=\"lazy\" decoding=\"async\" src=\"https:\/\/www.europesays.com\/no\/wp-content\/uploads\/2025\/11\/83164097.webp\" width=\"980\" height=\"441\" title=\"Eks-kj\u00e6resten sjokkerer\" alt=\"\" class=\"lazyload\" style=\"--aspect-ratio-image: 2.22; \"\/><\/p>\n<p>        Eks-kj\u00e6resten sjokkerer<\/p>\n<p>    <\/a><\/p>\n<p>Filmen er l\u00f8st basert p\u00e5 bordtenninsspiller Marty Reismann, og 29 \u00e5r gamle Timoth\u00e8e er hovedrolleinnehaver i den kommende komedien.<\/p>\n<p class=\"font-weight-bold m-font-weight-bold\" data-lab-font_weight=\"font-weight-bold\">Selv om intervjuet med magasinet tar for seg b\u00e5de 29-\u00e5ringens karriere og den kommende spillefilmen, vier de ogs\u00e5 litt oppmerksomhet til hans sv\u00e6rt profilerte forhold.<\/p>\n<p>          <img loading=\"lazy\" decoding=\"async\" src=\"https:\/\/www.europesays.com\/no\/wp-content\/uploads\/2025\/11\/83823133.webp\" width=\"686\" height=\"686\" title=\"HOVEDROLLE: Timoth\u00e8e har kapret hovedrollen i den kommende komedien \u00abMarty Supreme\u00bb. Foto: SplashNews\/NTB\" alt=\"\" class=\"\" style=\"--aspect-ratio-image: 1.00; \"\/><\/p>\n<p>\n          HOVEDROLLE: Timoth\u00e8e har kapret hovedrollen i den kommende komedien \u00abMarty Supreme\u00bb. Foto: SplashNews\/NTB\n      <\/p>\n<p> Timoth\u00e9e har siden 2023 v\u00e6rt i et sv\u00e6rt omtalt forhold med \u00abKardashian\u00bb-stjernen Kylie Jenner (28).<\/p>\n<p>Stjerneduoen holdt lenge en lav profil, men har den siste tiden sluppet alle hemninger. Paret har stadig blitt avbildet i hete omfavnelser &#8211; tilsynelatende ubrydd over at papparazzi-fotografene knipser bilder av dem i gjernings\u00f8yeblikket.<\/p>\n<p>    <a itemprop=\"url\" href=\"https:\/\/www.seher.no\/kjendis\/na-er-de-skilt\/83819402\" rel=\"nofollow noopener\" target=\"_blank\"><\/p>\n<p>      <img loading=\"lazy\" decoding=\"async\" src=\"https:\/\/www.europesays.com\/no\/wp-content\/uploads\/2025\/11\/1762840876_354_83819437.webp\" width=\"980\" height=\"441\" title=\"N\u00e5 er de skilt\" alt=\"\" class=\"lazyload\" style=\"--aspect-ratio-image: 2.22; \"\/><\/p>\n<p>        N\u00e5 er de skilt <\/p>\n<p>    <\/a><\/p>\n<p>Selv om forelskelsen ikke ser ut til \u00e5 ha avtatt nevneverdig, er ikke superparet s\u00e6rlig rause med \u00e5 dele private detaljer vedr\u00f8rende forholdet sitt.\u00a0<\/p>\n<p>Intervjuet med motemagasinet er heller intet unntak.<\/p>\n<p>          <img loading=\"lazy\" decoding=\"async\" src=\"https:\/\/www.europesays.com\/no\/wp-content\/uploads\/2025\/11\/83042265.webp\" width=\"980\" height=\"559\" title=\"KLINTE TIL: Verken Kylie eller Timoth\u00e8e har hatt problemer med \u00e5 vise amor\u00f8se f\u00f8lelser ovenfor hverandre i offenltigheten. Foto: Shutterstock\/NTB\" alt=\"\" class=\"\" style=\"--aspect-ratio-image: 1.75; \"\/><\/p>\n<p>\n          KLINTE TIL: Verken Kylie eller Timoth\u00e8e har hatt problemer med \u00e5 vise amor\u00f8se f\u00f8lelser ovenfor hverandre i offenltigheten. Foto: Shutterstock\/NTB\n      <\/p>\n<p>Selv om han er noks\u00e5 ordknapp, er det dog ingen fare. Kj\u00e6rligheten blomstrer som aldri f\u00f8r &#8211; og Timoth\u00e9e har rett og slett ikke noe nytt \u00e5 dele om forholdet.\u00a0<\/p>\n<p>Noe spennende kunne han imidlertid fortelle til Vogue.<\/p>\n<p class=\"font-weight-bold m-font-weight-bold\" data-lab-font_weight=\"font-weight-bold\">\u00c5 stifte familie sammen\u00a0kan v\u00e6re p\u00e5 trappene for superparet &#8211; om skuespilleren f\u00e5r det som han vil.<\/p>\n<p>        UOFFISIELT: Romanseryktene svirret rundt stjernene Kylie Jenner og Timoth\u00e9e Chalamet i m\u00e5nedsvis f\u00f8r det ble offentliggjort at de er et par. Video: TMZ \/ TikTok \/ R\u00f8d L\u00f8per<\/p>\n<p class=\"font-weight-bold m-font-weight-bold\" data-lab-font_weight=\"font-weight-bold\"> 29-\u00e5ringen forteller om en video han nylig hadde sett hvor noen \u00abskr\u00f8t av \u00e5 ikke ha barn og hvor mye tid det ga dem til \u00e5 gj\u00f8re andre ting.\u00bb<\/p>\n<p class=\"font-weight-bold m-font-weight-bold\" data-lab-font_weight=\"font-weight-bold\">Denne tankegangen mente han var dyster, og ikke noe han n\u00f8dvendigvis higet etter. I intervjuet forteller han \u00e5penhjertig om at han tror det ligger en dypere mening bak en familiefor\u00f8kelse.<\/p>\n<p>To barn fra f\u00f8r\t<\/p>\n<p>Det er kanskje ikke s\u00e5 rart at skuespilleren kjenner p\u00e5 \u00f8nsket om \u00e5 etablere seg ytterligere? Ikke bare har kj\u00e6resten to barn fra et tidligere forhold &#8211; hans n\u00e6re kollegaer er ogs\u00e5 p\u00e5 god vei inn i\u00a0\u00abvoksen-tilv\u00e6relsen\u00bb.<\/p>\n<p>Ana Taylor Joy og Zendaya, som begge medvirker i storfilmen \u00abDune\u00bb, har henholdsvis giftet seg og forlovet seg. Har dette p\u00e5virket 29-\u00e5ringen mon tro?<\/p>\n<p>    <a itemprop=\"url\" href=\"https:\/\/www.seher.no\/kjendis\/oppslukt-av-hverandre\/83042026\" rel=\"nofollow noopener\" target=\"_blank\"><\/p>\n<p>      <img loading=\"lazy\" decoding=\"async\" src=\"https:\/\/www.europesays.com\/no\/wp-content\/uploads\/2025\/11\/83042076.webp\" width=\"980\" height=\"441\" title=\"Oppslukt av hverandre\" alt=\"\" class=\"lazyload\" style=\"--aspect-ratio-image: 2.22; \"\/><\/p>\n<p>        Oppslukt av hverandre<\/p>\n<p>    <\/a><\/p>\n<p class=\"font-weight-bold m-font-weight-bold\" data-lab-font_weight=\"font-weight-bold\">P\u00e5 sp\u00f8rsm\u00e5l fra Vogue om hans tanker om \u00e5 f\u00e5 barn med kj\u00e6resten, svarer han kryptisk:<\/p>\n<p class=\"font-weight-normal m-font-weight-normal\" data-lab-font_weight=\"font-weight-normal\">&#8211; Det er ikke utenkelig.\u00a0<\/p>\n<p>          <img loading=\"lazy\" decoding=\"async\" src=\"https:\/\/www.europesays.com\/no\/wp-content\/uploads\/2025\/11\/83820302.webp\" width=\"686\" height=\"392\" title=\"BASKET: Paret ble tidligere i \u00e5r observert p\u00e5 en basketballkamp mellom New York Knicks og Indiana Pacers. Foto: AFP \/ NTB\" alt=\"\" class=\"\" style=\"--aspect-ratio-image: 1.75; \"\/><\/p>\n<p>\n          BASKET: Paret ble tidligere i \u00e5r observert p\u00e5 en basketballkamp mellom New York Knicks og Indiana Pacers. Foto: AFP \/ NTB\n      <\/p>\n<p> Timoth\u00e9e er forel\u00f8pig barnl\u00f8s, mens \u00abKardashian\u00bb-stjernen har datteren Stormi (7) og s\u00f8nnen Aire (3) fra et tidligere forhold med rapperen Travis Scott (34).<\/p>\n<p>          <img loading=\"lazy\" decoding=\"async\" src=\"https:\/\/www.europesays.com\/no\/wp-content\/uploads\/2025\/11\/78628282.webp\" width=\"980\" height=\"559\" title=\"LYKKEN BRAST: Kylie Jenner og Travis Scott har to barn sammen. De avsluttet forholdet sitt i 2023, etter lang tids spekulasjoner. Foto: NTB\" alt=\"\" class=\"\" style=\"--aspect-ratio-image: 1.75; \"\/><\/p>\n<p>\n          LYKKEN BRAST: Kylie Jenner og Travis Scott har to barn sammen. De avsluttet forholdet sitt i 2023, etter lang tids spekulasjoner. Foto: NTB\n      <\/p>\n<p>Kylie og Travis gikk hver til sitt i starten av 2023.<\/p>\n","protected":false},"excerpt":{"rendered":"Kylie Jenner og Timoth\u00e9e Chalamet: Det kan bli flere barn p\u00e5 Kylie Jenner &#8230; hvis\u00a0Timoth\u00e9e Chalamet f\u00e5r det&hellip;\n","protected":false},"author":2,"featured_media":83924,"comment_status":"","ping_status":"","sticky":false,"template":"","format":"standard","meta":{"footnotes":""},"categories":[58],"tags":[71,479,2543,8515,30,28,29,11244,72],"class_list":{"0":"post-83923","1":"post","2":"type-post","3":"status-publish","4":"format-standard","5":"has-post-thumbnail","7":"category-underholdning","8":"tag-entertainment","9":"tag-kjendis","10":"tag-kjendisdesken","11":"tag-kylie-jenner","12":"tag-no","13":"tag-norge","14":"tag-norway","15":"tag-timothee-chalamet","16":"tag-underholdning"},"share_on_mastodon":{"url":"https:\/\/pubeurope.com\/@no\/115529546866315454","error":""},"_links":{"self":[{"href":"https:\/\/www.europesays.com\/no\/wp-json\/wp\/v2\/posts\/83923","targetHints":{"allow":["GET"]}}],"collection":[{"href":"https:\/\/www.europesays.com\/no\/wp-json\/wp\/v2\/posts"}],"about":[{"href":"https:\/\/www.europesays.com\/no\/wp-json\/wp\/v2\/types\/post"}],"author":[{"embeddable":true,"href":"https:\/\/www.europesays.com\/no\/wp-json\/wp\/v2\/users\/2"}],"replies":[{"embeddable":true,"href":"https:\/\/www.europesays.com\/no\/wp-json\/wp\/v2\/comments?post=83923"}],"version-history":[{"count":0,"href":"https:\/\/www.europesays.com\/no\/wp-json\/wp\/v2\/posts\/83923\/revisions"}],"wp:featuredmedia":[{"embeddable":true,"href":"https:\/\/www.europesays.com\/no\/wp-json\/wp\/v2\/media\/83924"}],"wp:attachment":[{"href":"https:\/\/www.europesays.com\/no\/wp-json\/wp\/v2\/media?parent=83923"}],"wp:term":[{"taxonomy":"category","embeddable":true,"href":"https:\/\/www.europesays.com\/no\/wp-json\/wp\/v2\/categories?post=83923"},{"taxonomy":"post_tag","embeddable":true,"href":"https:\/\/www.europesays.com\/no\/wp-json\/wp\/v2\/tags?post=83923"}],"curies":[{"name":"wp","href":"https:\/\/api.w.org\/{rel}","templated":true}]}}