{"id":83952,"date":"2025-11-11T06:40:08","date_gmt":"2025-11-11T06:40:08","guid":{"rendered":"https:\/\/www.europesays.com\/no\/83952\/"},"modified":"2025-11-11T06:40:08","modified_gmt":"2025-11-11T06:40:08","slug":"astronomi-norge-snart-kan-du-se-en-ny-stjerne-pa-himmelen","status":"publish","type":"post","link":"https:\/\/www.europesays.com\/no\/83952\/","title":{"rendered":"Astronomi, Norge | Snart kan du se en ny stjerne p\u00e5 himmelen"},"content":{"rendered":"\n<p>En ny studie fra Paris-observatoriet antyder at eksplosjonen vil skje enten rundt 10. november 2025, alts\u00e5 i disse dager, eller 25. juni 2026.<\/p>\n<p>\u2013 Dette er et ekstremt sjeldent varsel og derfor en unik anledning til \u00e5 oppleve et virkelig spennende og dramatisk himmelfenomen, sier astrofysiker Knut J\u00f8rgen R\u00f8ed \u00d8degaard. <\/p>\n<p>Slik skjer det<\/p>\n<p>Stjernen ligger omtrent 3000 lys\u00e5r unna, og best\u00e5r av to stjerner som kretser tett rundt hverandre \u2013 en \u00abhvit dverg\u00bb og en \u00abr\u00f8d kjempe\u00bb. Den hvite dvergen trekker til seg gass fra kjempen, og n\u00e5r trykket og temperaturen blir h\u00f8ye nok, skjer en voldsom eksplosjon p\u00e5 overflaten. Da lyser stjernen kraftig opp \u2013 og vi ser den som en ny stjerne p\u00e5 himmelen.<\/p>\n<p>\u2013 Eksplosjonen \u00f8delegger hverken den hvite dvergen eller ledsagerstjernen. N\u00e5r alt har roet seg, fortsetter prosessen, og en ny eksplosjon bygger seg opp, forklarer \u00d8degaard.<\/p>\n<p>Skjer hvert hundre\u00e5r<\/p>\n<p>T Coronae Borealis er en s\u00e5kalt gjentagende nova. Den eksploderte sist i 1946, og f\u00f8r det i 1866.<\/p>\n<p>\u2013 Vi kjenner bare noen f\u00e5 slike gjentagende novaer i hele universet, sier \u00d8degaard.<\/p>\n<p>\u2013 Det som gj\u00f8r denne s\u00e5 spesiell, er at vi faktisk kan forutsi n\u00e5r den vil eksplodere \u2013 og f\u00f8lge det som skjer nesten i sanntid.<\/p>\n<p>Se mot nordvest<\/p>\n<p>Fra Norge vil stjernebildet \u00abDen nordlige krone\u00bb kunne sees lavt p\u00e5 nordvesthimmelen om kvelden, og lavt p\u00e5 \u00f8sthimmelen p\u00e5 morgenen. Det kreves ingen teleskop \u2013 men best syns det under m\u00f8rk og klar himmel, langt fra bylys.<\/p>\n","protected":false},"excerpt":{"rendered":"En ny studie fra Paris-observatoriet antyder at eksplosjonen vil skje enten rundt 10. november 2025, alts\u00e5 i disse&hellip;\n","protected":false},"author":2,"featured_media":83953,"comment_status":"","ping_status":"","sticky":false,"template":"","format":"standard","meta":{"footnotes":""},"categories":[57],"tags":[36,1004,30,28,29,65,63,64,11245,1510,66,70,69,67,68],"class_list":{"0":"post-83952","1":"post","2":"type-post","3":"status-publish","4":"format-standard","5":"has-post-thumbnail","7":"category-vitenskap-og-teknologi","8":"tag-art","9":"tag-astronomi","10":"tag-no","11":"tag-norge","12":"tag-norway","13":"tag-science","14":"tag-science-and-technology","15":"tag-scienceandtechnology","16":"tag-stjernebilder","17":"tag-story","18":"tag-technology","19":"tag-teknologi","20":"tag-vitenskap","21":"tag-vitenskap-og-teknologi","22":"tag-vitenskapteknologi"},"share_on_mastodon":{"url":"https:\/\/pubeurope.com\/@no\/115529700258981962","error":""},"_links":{"self":[{"href":"https:\/\/www.europesays.com\/no\/wp-json\/wp\/v2\/posts\/83952","targetHints":{"allow":["GET"]}}],"collection":[{"href":"https:\/\/www.europesays.com\/no\/wp-json\/wp\/v2\/posts"}],"about":[{"href":"https:\/\/www.europesays.com\/no\/wp-json\/wp\/v2\/types\/post"}],"author":[{"embeddable":true,"href":"https:\/\/www.europesays.com\/no\/wp-json\/wp\/v2\/users\/2"}],"replies":[{"embeddable":true,"href":"https:\/\/www.europesays.com\/no\/wp-json\/wp\/v2\/comments?post=83952"}],"version-history":[{"count":0,"href":"https:\/\/www.europesays.com\/no\/wp-json\/wp\/v2\/posts\/83952\/revisions"}],"wp:featuredmedia":[{"embeddable":true,"href":"https:\/\/www.europesays.com\/no\/wp-json\/wp\/v2\/media\/83953"}],"wp:attachment":[{"href":"https:\/\/www.europesays.com\/no\/wp-json\/wp\/v2\/media?parent=83952"}],"wp:term":[{"taxonomy":"category","embeddable":true,"href":"https:\/\/www.europesays.com\/no\/wp-json\/wp\/v2\/categories?post=83952"},{"taxonomy":"post_tag","embeddable":true,"href":"https:\/\/www.europesays.com\/no\/wp-json\/wp\/v2\/tags?post=83952"}],"curies":[{"name":"wp","href":"https:\/\/api.w.org\/{rel}","templated":true}]}}