{"id":83965,"date":"2025-11-11T07:20:09","date_gmt":"2025-11-11T07:20:09","guid":{"rendered":"https:\/\/www.europesays.com\/no\/83965\/"},"modified":"2025-11-11T07:20:09","modified_gmt":"2025-11-11T07:20:09","slug":"ferrari-stjernene-leclerc-og-hamilton-far-kritikk-av-toppsjefen-snakke-mindre","status":"publish","type":"post","link":"https:\/\/www.europesays.com\/no\/83965\/","title":{"rendered":"Ferrari-stjernene Leclerc og Hamilton f\u00e5r kritikk av toppsjefen: \u2013 Snakke mindre"},"content":{"rendered":"\n<p class=\"_lead_o9xde_2 _lead_xtcu6_50 layout-component text-serif-m layout-normal text-serif-l layout-component layout-wide layout-padded _wide_17hqh_1 layout-padded\">Etter en elendig sesong, f\u00e5r Formel 1-stjernene Lewis Hamilton og Charles Leclerc en klar beskjed foran de siste VM-l\u00f8pene.<\/p>\n<p><img alt=\"Lewis Hamilton og Charles Leclerc, her fra Brasil Grand Prix  Foto: Alessio De Marco\/IPA Sport \/ ipa-agency.net \/ Pa Photos \/ NTB\" class=\"_image_qp4xg_65 layout-component layout-wide\" data-fullscreen- data-track-element-type=\"Article image fullscreen\" data-track-name=\"ImageFullscreen\" fetchpriority=\"high\" decoding=\"sync\" loading=\"eager\" height=\"4000\" itemprop=\"image\"  src=\"https:\/\/www.europesays.com\/no\/wp-content\/uploads\/2025\/11\/83005e2b-3d62-40b2-ad9a-c5e0e0d1b9a8\"  style=\"object-position:0% 0%\" width=\"5997\"\/>Lewis Hamilton og Charles Leclerc, her fra Brasil Grand Prix  Foto: Alessio De Marco\/IPA Sport \/ ipa-agency.net \/ Pa Photos \/ NTB<\/p>\n<ul aria-hidden=\"true\" class=\"_images_18f0k_111\">\n<li><a class=\"_link_18f0k_116\" href=\"https:\/\/www.vg.no\/forfatter\/mikal-aaserud\" style=\"z-index:1\" title=\"Mikal Emil Aaserud\" rel=\"nofollow noopener\" target=\"_blank\"><img alt=\"Bilde av Mikal Emil Aaserud\" class=\"_image_18f0k_93\" fetchpriority=\"low\" loading=\"lazy\" decoding=\"async\" itemprop=\"image\"  src=\"https:\/\/www.europesays.com\/no\/wp-content\/uploads\/2025\/11\/1762845609_176_1f4bb18c-b7b1-46ba-9b49-79ae6afd7bbd\"  width=\"480\"\/><\/a><\/li>\n<\/ul>\n<p> Oppdatert tirsdag 11. november kl. 07:51    <\/p>\n<ul class=\"_list_o9xde_3 _list_64s2r_85 _unordered_o9xde_106 text-sans-m\">\n<li class=\"_item_o9xde_30\">Ferrari-sjef John Elkann ber Hamilton og Leclerc \u00absnakke mindre og kj\u00f8re\u00bb etter Brasil-fiaskoen.<\/li>\n<li class=\"_item_o9xde_30\">Duoen st\u00e5r uten seirer i \u00e5r og br\u00f8t hovedl\u00f8pet i Brasil. Hamilton kaller sesongen et mareritt.<\/li>\n<li class=\"_item_o9xde_30\">Med tre l\u00f8p igjen kan Ferrari fortsatt klatre i konstrukt\u00f8rmesterskapet som kan gi mange, mange millioner kroner inn i kassen.<\/li>\n<\/ul>\n<p>Vis mer <\/p>\n<p class=\"_paragraph_o9xde_4 _paragraph_xtcu6_10 layout-component text-serif-m layout-normal text-serif-m layout-padded\">For etter fiaskoen i Brasil sist helg, gjenst\u00e5r f\u00e5 l\u00f8p i \u00e5rets Formel 1-sesong.<\/p>\n<p class=\"_paragraph_o9xde_4 _paragraph_xtcu6_10 layout-component text-serif-m layout-normal text-serif-m layout-padded\">Ferrari-styreleder John Elkann konkluderte under et sponsorevent mandag at mekanikerne og ingeni\u00f8rene har prestert godt, \u00abmen dersom man ser p\u00e5 resten s\u00e5 har det ikke v\u00e6rt bra nok\u00bb, skriver <a href=\"https:\/\/www.bbc.com\/sport\/formula1\/articles\/c625eylz4kyo\" class=\"_link_o9xde_39\" rel=\"nofollow noopener\" target=\"_blank\">BBC<\/a>.<\/p>\n<p class=\"_paragraph_o9xde_4 _paragraph_xtcu6_10 layout-component text-serif-m layout-normal text-serif-m layout-padded\">\u2013 Og vi har definitivt f\u00f8rere som m\u00e5 fokusere p\u00e5 \u00e5 kj\u00f8re og snakke mindre, fordi vi har fortsatt viktige l\u00f8p foran oss. Og det \u00e5 ta andreplassen er ikke umulig, sier Elkann, if\u00f8lge kanalen.<\/p>\n<p><img decoding=\"async\" alt=\"Bilde av John Elkann\" class=\"_image_ygndg_42\" height=\"27\" itemprop=\"image\" loading=\"lazy\"  src=\"https:\/\/www.europesays.com\/no\/wp-content\/uploads\/2025\/11\/03402566-fed2-4041-ad27-3166c0ec774f\"  width=\"40\"\/><strong class=\"_name_ygndg_51 title-serif-xs\">John Elkann<\/strong><\/p>\n<p class=\"_paragraph_o9xde_4 text-sans-m _description_ygndg_56\">Ferrari-sjef<\/p>\n<p class=\"_paragraph_o9xde_4 _paragraph_xtcu6_10 layout-component text-serif-m layout-normal text-serif-m layout-padded\">I Brasil sist helg klarte hverken <a href=\"https:\/\/www.vg.no\/tag\/lewis-hamilton?utm_source=vg-article&amp;utm_medium=auto-tagger&amp;utm_campaign=wgykO5\" class=\"_link_o9xde_39\" rel=\"nofollow noopener\" target=\"_blank\">Lewis Hamilton<\/a> eller Charles Leclerc \u00e5 fullf\u00f8re hovedl\u00f8pet. Stjerneduoen har heller ikke vunnet et VM-l\u00f8p i hele \u00e5r.<\/p>\n<p class=\"_paragraph_o9xde_4 _paragraph_xtcu6_10 layout-component text-serif-m layout-normal text-serif-m layout-padded\">Hamilton \u2013 som er inne i sin debutsesong for Ferrari siden overgangen fra Mercedes \u2013 har omtalt sesongen som et mareritt.<\/p>\n<p class=\"_paragraph_o9xde_4 _paragraph_xtcu6_10 layout-component text-serif-m layout-normal text-serif-m layout-padded\">Leclerc uttalte i sosiale medier at det er motbakke fra n\u00e5 av:<\/p>\n<p class=\"_paragraph_o9xde_4 _paragraph_xtcu6_10 layout-component text-serif-m layout-normal text-serif-m layout-padded\">\u2013 Og det er klart at bare samhold kan hjelpe oss \u00e5 snu situasjonen de siste tre l\u00f8pene. Vi skal gi alt, som alltid, skrev han.<\/p>\n<p class=\"_paragraph_o9xde_4 _paragraph_xtcu6_10 layout-component text-serif-m layout-normal text-serif-m layout-padded\">Det er McLaren som har de to beste f\u00f8rerne denne sesongen. Lando Norris og Oscar Piastri leder verdensmesterskapet og McLaren har allerede vunnet det gjeve konstrukt\u00f8rmesterskapet konstrukt\u00f8rmesterskapetDen beste bilprodusenten eller lag k\u00e5res, basert p\u00e5 den totale poengsummen deres to f\u00f8rere har oppn\u00e5dd i l\u00f8pet av sesongen..<\/p>\n<p>Konstrukt\u00f8rmesterskapet:<\/p>\n<p class=\"_paragraph_o9xde_4 _paragraph_xtcu6_10 _paragraph_16v91_10 layout-component text-serif-m layout-normal text-sans-m layout-padded\">1) Mclaren: 756 poeng<br \/>2) Mercedes: 398<br \/>3) Red Bull: 366<br \/>4) Ferrari: 362<br \/>5) Williams: 111<\/p>\n<p class=\"_paragraph_o9xde_4 _paragraph_xtcu6_10 _paragraph_16v91_10 layout-component text-serif-m layout-normal text-sans-m layout-padded\">Kilde: <a href=\"https:\/\/www.formula1.com\/en\/results\/2025\/team\" class=\"_link_o9xde_39\" rel=\"nofollow noopener\" target=\"_blank\">Formula1.com<\/a><\/p>\n<p>Vis mer<\/p>\n<p class=\"_paragraph_o9xde_4 _paragraph_xtcu6_10 layout-component text-serif-m layout-normal text-serif-m layout-padded\">Bak der ligger Mercedes og Red Bull.<\/p>\n<p class=\"_paragraph_o9xde_4 _paragraph_xtcu6_10 layout-component text-serif-m layout-normal text-serif-m layout-padded\">Ferrari p\u00e5 fjerdeplass kan hente igjen begge de to lagene med tre VM-l\u00f8p igjen.<\/p>\n<p class=\"_paragraph_o9xde_4 _paragraph_xtcu6_10 layout-component text-serif-m layout-normal text-serif-m layout-padded\">If\u00f8lge BBC kan de bety mye for Ferrari med full klaff de siste l\u00f8pene. For hver plass de henter i konstrukt\u00f8rmesterskapet, vil det bety rundt 100 millioner kroner mer inn i prispenger.<\/p>\n","protected":false},"excerpt":{"rendered":"Etter en elendig sesong, f\u00e5r Formel 1-stjernene Lewis Hamilton og Charles Leclerc en klar beskjed foran de siste&hellip;\n","protected":false},"author":2,"featured_media":83966,"comment_status":"","ping_status":"","sticky":false,"template":"","format":"standard","meta":{"footnotes":""},"categories":[59],"tags":[9374,3207,2026,7467,30,28,29,83,82],"class_list":{"0":"post-83965","1":"post","2":"type-post","3":"status-publish","4":"format-standard","5":"has-post-thumbnail","7":"category-sport","8":"tag-charles-leclerc","9":"tag-ferrari","10":"tag-formel-1","11":"tag-lewis-hamilton","12":"tag-no","13":"tag-norge","14":"tag-norway","15":"tag-sport","16":"tag-sports"},"share_on_mastodon":{"url":"https:\/\/pubeurope.com\/@no\/115529857467339084","error":""},"_links":{"self":[{"href":"https:\/\/www.europesays.com\/no\/wp-json\/wp\/v2\/posts\/83965","targetHints":{"allow":["GET"]}}],"collection":[{"href":"https:\/\/www.europesays.com\/no\/wp-json\/wp\/v2\/posts"}],"about":[{"href":"https:\/\/www.europesays.com\/no\/wp-json\/wp\/v2\/types\/post"}],"author":[{"embeddable":true,"href":"https:\/\/www.europesays.com\/no\/wp-json\/wp\/v2\/users\/2"}],"replies":[{"embeddable":true,"href":"https:\/\/www.europesays.com\/no\/wp-json\/wp\/v2\/comments?post=83965"}],"version-history":[{"count":0,"href":"https:\/\/www.europesays.com\/no\/wp-json\/wp\/v2\/posts\/83965\/revisions"}],"wp:featuredmedia":[{"embeddable":true,"href":"https:\/\/www.europesays.com\/no\/wp-json\/wp\/v2\/media\/83966"}],"wp:attachment":[{"href":"https:\/\/www.europesays.com\/no\/wp-json\/wp\/v2\/media?parent=83965"}],"wp:term":[{"taxonomy":"category","embeddable":true,"href":"https:\/\/www.europesays.com\/no\/wp-json\/wp\/v2\/categories?post=83965"},{"taxonomy":"post_tag","embeddable":true,"href":"https:\/\/www.europesays.com\/no\/wp-json\/wp\/v2\/tags?post=83965"}],"curies":[{"name":"wp","href":"https:\/\/api.w.org\/{rel}","templated":true}]}}