{"id":84022,"date":"2025-11-11T09:07:09","date_gmt":"2025-11-11T09:07:09","guid":{"rendered":"https:\/\/www.europesays.com\/no\/84022\/"},"modified":"2025-11-11T09:07:09","modified_gmt":"2025-11-11T09:07:09","slug":"35-ungdommer-som-ble-testet-for-kullosforgiftning-hadde-et-niva-mellom-tre-og-fem","status":"publish","type":"post","link":"https:\/\/www.europesays.com\/no\/84022\/","title":{"rendered":"35 ungdommer som ble testet for kullosforgiftning hadde et niv\u00e5 mellom tre og fem"},"content":{"rendered":"\n<p class=\"_lead_o9xde_2 _lead_xtcu6_50 layout-component text-serif-m layout-normal text-serif-l layout-component layout-wide layout-padded _wide_17hqh_1 layout-padded\">De 35 ungdommene som ble testet for kullosforgiftning p\u00e5 Ahus etter russefesten p\u00e5 L\u00f8renskog fredag kveld, hadde et niv\u00e5 p\u00e5 mellom tre og fem.<\/p>\n<p><img alt=\"Politiet p\u00e5 L\u00f8renskog i forbindelse med russefesten.  Foto: Harpreet Kaur Nijjer, VG\" class=\"_image_qp4xg_65 layout-component layout-wide\" data-fullscreen- data-track-element-type=\"Article image fullscreen\" data-track-name=\"ImageFullscreen\" fetchpriority=\"high\" decoding=\"sync\" loading=\"eager\" height=\"3024\" itemprop=\"image\"  src=\"https:\/\/www.europesays.com\/no\/wp-content\/uploads\/2025\/11\/5ca770ce-cc6c-4318-af02-9ec4a4f696d6\"  style=\"object-position:0% 0%\" width=\"4032\"\/>Politiet p\u00e5 L\u00f8renskog i forbindelse med russefesten.  Foto: Harpreet Kaur Nijjer, VG Oppdatert tirsdag 11. november kl. 09:21     <\/p>\n<p class=\"_paragraph_o9xde_4 _paragraph_xtcu6_10 layout-component text-serif-m layout-normal text-serif-m layout-padded\">Det viser blodpr\u00f8vene som ble tatt av av dem l\u00f8rdag, opplyser pressevakt Linda Ingier ved sykehuset.<\/p>\n<p class=\"_paragraph_o9xde_4 _paragraph_xtcu6_10 layout-component text-serif-m layout-normal text-serif-m layout-padded\">\u2013 En verdi p\u00e5 fem er relativt h\u00f8yt for en ungdom, som vil kreve innleggelse. For en voksen vil man bli lagt inn med en verdi p\u00e5 ti, forklarer hun. <\/p>\n<p class=\"_paragraph_o9xde_4 _paragraph_xtcu6_10 layout-component text-serif-m layout-normal text-serif-m layout-padded\">Sannsynligvis har ungdommene hatt h\u00f8yere niv\u00e5er enn hva som ble m\u00e5lt, da det var lenge siden de hadde blitt utsatt, opplyser hun. Derfor fikk alle med symptomer behandling. <\/p>\n<p class=\"_paragraph_o9xde_4 _paragraph_xtcu6_10 layout-component text-serif-m layout-normal text-serif-m layout-padded\">\u2013 Men det er fortsatt snakk om en mild form for forgiftning, presiserer hun.<\/p>\n<p class=\"_paragraph_o9xde_4 _paragraph_xtcu6_10 layout-component text-serif-m layout-normal text-serif-m layout-padded\">En kraftig kullosforgiftning er sv\u00e6rt alvorlig og kan v\u00e6re livstruende, fordi det f\u00f8rer til alvorlig oksygenmangel i hjernen og hjertet. <\/p>\n<p>Bemannet opp<\/p>\n<p class=\"_paragraph_o9xde_4 _paragraph_xtcu6_10 layout-component text-serif-m layout-normal text-serif-m layout-padded\">Flere ungdommer ble sendt til ungdommene Akershus universitetssykehus (Ahus) og legevakten i Oslo med mistanke om <a href=\"https:\/\/www.vg.no\/nyheter\/i\/OoRlG1\/romerikes-blad-ungdom-til-ahus-etter-russefest\" data-track-element-type=\"Link\" data-track-id=\"link:OoRlG1\" class=\"_link_o9xde_39\" rel=\"nofollow noopener\" target=\"_blank\">kullosforgiftning\u00a0etter et russeslipp i L\u00f8renskog fredag kveld.<\/a><\/p>\n<p class=\"_paragraph_o9xde_4 _paragraph_xtcu6_10 layout-component text-serif-m layout-normal text-serif-m layout-padded\">Politiet er ikke kjent med hvor mange som har deltatt p\u00e5 festen, der det ble brukt et bensinaggregat. Det har tidligere v\u00e6rt antatt rundt 400 ungdommer.<\/p>\n<p class=\"_paragraph_o9xde_4 _paragraph_xtcu6_10 layout-component text-serif-m layout-normal text-serif-m layout-padded\">Ingier ved Ahus forteller at ungdommene kom inn til barnemottaket vet sykehuset \u2013 b\u00e5de ved at noen av dem kom dit direkte, og at noen av dem ble sendt dit fra legevakten. <\/p>\n<p class=\"_paragraph_o9xde_4 _paragraph_xtcu6_10 layout-component text-serif-m layout-normal text-serif-m layout-padded\">\u2013 Den f\u00f8rste pasienten kom klokken 07.56, og siste pasienten var ferdig observert og behandlet klokken 20.30 l\u00f8rdag kveld. Vi hadde da mottatt 35 ungdommer, sier hun. <\/p>\n<p class=\"_paragraph_o9xde_4 _paragraph_xtcu6_10 layout-component text-serif-m layout-normal text-serif-m layout-padded\">Hun sier sykehuset bemannet opp b\u00e5de med ekstra sykepleiere, leger og sekret\u00e6rer da de ble kjent med det mulige omfanget. <\/p>\n<p class=\"_paragraph_o9xde_4 _paragraph_xtcu6_10 layout-component text-serif-m layout-normal text-serif-m layout-padded\">\u2013 I tillegg vil vi trekke frem godt samarbeid med b\u00e5de legevakt i Lillestr\u00f8m og Oslo, samt OUS som avlastet med noen andre pasienter. Vi hadde ogs\u00e5 tett kontakt med kommuneoverlege <a href=\"https:\/\/www.vg.no\/tag\/loerenskog?utm_source=vg-article&amp;utm_medium=auto-tagger&amp;utm_campaign=8qbz7d\" class=\"_link_o9xde_39\" rel=\"nofollow noopener\" target=\"_blank\">L\u00f8renskog<\/a>.<\/p>\n<p>\u2013 Varslet hverandre<\/p>\n<p class=\"_paragraph_o9xde_4 _paragraph_xtcu6_10 layout-component text-serif-m layout-normal text-serif-m layout-padded\"><a href=\"https:\/\/www.tv2.no\/nyheter\/innenriks\/da-ungdommene-kom-inn-pa-sykehuset-skjedde-det-noe\/18273544\/\" class=\"_link_o9xde_39\" rel=\"nofollow noopener\" target=\"_blank\">TV2 <\/a>har snakket med overlege Torkil Benterud, som behandlet ungdommene l\u00f8rdag morgen. Han forteller at det var rundt 100 ungdommer totalt som var innom enten Ahus, OUS eller legevakten. <\/p>\n<p class=\"_paragraph_o9xde_4 _paragraph_xtcu6_10 layout-component text-serif-m layout-normal text-serif-m layout-padded\">\u2013 Ungdommene begynte \u00e5 varsle hverandre i sosiale medier, sier han. <\/p>\n<p class=\"_paragraph_o9xde_4 _paragraph_xtcu6_10 layout-component text-serif-m layout-normal text-serif-m layout-padded\">Han forteller at de ble behandlet med oksygentilf\u00f8rsel og Paracet. <\/p>\n<p class=\"_paragraph_o9xde_4 _paragraph_xtcu6_10 layout-component text-serif-m layout-normal text-serif-m layout-padded\">\u2013 S\u00e5 \u00e5 si alle ungdommene som var innom oss, hadde g\u00e5tt mellom en halvtime og en time f\u00f8r festen egentlig var slutt fordi de fikk vondt i hodet. En del hadde ogs\u00e5 v\u00e6rt kvalm, og flere hadde kastet opp og var veldig sl\u00f8ve, sier Benterud.<\/p>\n<p><img alt=\"Her ble russefesten p\u00e5 L\u00f8renskog avholdt.  Foto: Kyrre Lien \/ VG\" class=\"_image_qp4xg_65 layout-component layout-normal\" data-fullscreen- data-track-element-type=\"Article image fullscreen\" data-track-name=\"ImageFullscreen\" decoding=\"async\" loading=\"lazy\" height=\"5359\" itemprop=\"image\"  src=\"https:\/\/www.europesays.com\/no\/wp-content\/uploads\/2025\/11\/911c73fe-e292-43a7-a62e-733bdb9c802f\"  style=\"object-position:0% 0%\" width=\"8035\"\/>Her ble russefesten p\u00e5 L\u00f8renskog avholdt.  Foto: Kyrre Lien \/ VG<\/p>\n<p class=\"_paragraph_o9xde_4 _paragraph_xtcu6_10 layout-component text-serif-m layout-normal text-serif-m layout-padded\">Ingier forteller at sykehuset gikk opp til det de kaller gr\u00f8nn beredskap ca. klokken 12.30, for \u00e5 v\u00e6re forberedt p\u00e5 ytterligere behov for \u00f8kt bemanning. <\/p>\n<p class=\"_paragraph_o9xde_4 _paragraph_xtcu6_10 layout-component text-serif-m layout-normal text-serif-m layout-padded\">\u2013 Sykehuset gikk tilbake til normal beredskap klokken 19.50. Ungdommene ble unders\u00f8kt bla. med en blodpr\u00f8ve, og de som trengte det, behandlet med oksygen, godt med drikke og ved behov Paracet, sier hun, og legger til:<\/p>\n<p class=\"_paragraph_o9xde_4 _paragraph_xtcu6_10 layout-component text-serif-m layout-normal text-serif-m layout-padded\">\u2013 Heldigvis var ingen av ungdommene alvorlige syke, potensielt er kullosforgiftning meget alvorlig<\/p>\n<p class=\"_paragraph_o9xde_4 _paragraph_xtcu6_10 layout-component text-serif-m layout-normal text-serif-m layout-padded\">Hun legger til at sykehuset generelt i slike situasjoner dialog med giftinformasjonen, og vurderer de konkrete situasjonene.<\/p>\n","protected":false},"excerpt":{"rendered":"De 35 ungdommene som ble testet for kullosforgiftning p\u00e5 Ahus etter russefesten p\u00e5 L\u00f8renskog fredag kveld, hadde et&hellip;\n","protected":false},"author":2,"featured_media":84023,"comment_status":"","ping_status":"","sticky":false,"template":"","format":"standard","meta":{"footnotes":""},"categories":[10],"tags":[11262,11263,20,21,24,25,15,22,23,2692,13,30,28,29,14,16,26,27],"class_list":{"0":"post-84022","1":"post","2":"type-post","3":"status-publish","4":"format-standard","5":"has-post-thumbnail","7":"category-norge","8":"tag-akershus-universitetssykehus-ahus","9":"tag-blodprover","10":"tag-breaking-news","11":"tag-breakingnews","12":"tag-featured-news","13":"tag-featurednews","14":"tag-headlines","15":"tag-latest-news","16":"tag-latestnews","17":"tag-lorenskog","18":"tag-news","19":"tag-no","20":"tag-norge","21":"tag-norway","22":"tag-nyheter","23":"tag-overskrifter","24":"tag-top-stories","25":"tag-topstories"},"share_on_mastodon":{"url":"https:\/\/pubeurope.com\/@no\/115530278269519478","error":""},"_links":{"self":[{"href":"https:\/\/www.europesays.com\/no\/wp-json\/wp\/v2\/posts\/84022","targetHints":{"allow":["GET"]}}],"collection":[{"href":"https:\/\/www.europesays.com\/no\/wp-json\/wp\/v2\/posts"}],"about":[{"href":"https:\/\/www.europesays.com\/no\/wp-json\/wp\/v2\/types\/post"}],"author":[{"embeddable":true,"href":"https:\/\/www.europesays.com\/no\/wp-json\/wp\/v2\/users\/2"}],"replies":[{"embeddable":true,"href":"https:\/\/www.europesays.com\/no\/wp-json\/wp\/v2\/comments?post=84022"}],"version-history":[{"count":0,"href":"https:\/\/www.europesays.com\/no\/wp-json\/wp\/v2\/posts\/84022\/revisions"}],"wp:featuredmedia":[{"embeddable":true,"href":"https:\/\/www.europesays.com\/no\/wp-json\/wp\/v2\/media\/84023"}],"wp:attachment":[{"href":"https:\/\/www.europesays.com\/no\/wp-json\/wp\/v2\/media?parent=84022"}],"wp:term":[{"taxonomy":"category","embeddable":true,"href":"https:\/\/www.europesays.com\/no\/wp-json\/wp\/v2\/categories?post=84022"},{"taxonomy":"post_tag","embeddable":true,"href":"https:\/\/www.europesays.com\/no\/wp-json\/wp\/v2\/tags?post=84022"}],"curies":[{"name":"wp","href":"https:\/\/api.w.org\/{rel}","templated":true}]}}