{"id":84024,"date":"2025-11-11T09:08:07","date_gmt":"2025-11-11T09:08:07","guid":{"rendered":"https:\/\/www.europesays.com\/no\/84024\/"},"modified":"2025-11-11T09:08:07","modified_gmt":"2025-11-11T09:08:07","slug":"ungdom-rekrutteres-til-vold-gjennom-apper-nrk-troms-og-finnmark","status":"publish","type":"post","link":"https:\/\/www.europesays.com\/no\/84024\/","title":{"rendered":"Ungdom rekrutteres til vold gjennom apper \u2013 NRK Troms og Finnmark"},"content":{"rendered":"<p>En p\u00e5g\u00e5ende etterforskning gjennom flere uker har avdekket at flere ungdommer ulike steder i landet er blitt fors\u00f8kt rekruttert via sosiale medieplattformer til \u00e5 gjennomf\u00f8re lignende voldsoppdrag som har <a href=\"https:\/\/www.nrk.no\/stor-oslo\/tre-mindrearige-innbrakt-etter-eksplosjon-i-oslo-1.17583132\" ec-id=\"pp:article:1.17583132\" ec-name=\"utspilt seg i Oslo gjennom h\u00f8sten.\" rel=\"nofollow noopener\" target=\"_blank\">utspilt seg i Oslo gjennom h\u00f8sten. <\/a><\/p>\n<p>Dette gjelder blant annet i Troms. Det fremkommer i en pressemelding Troms politidistrikt sendte ut tirsdag formiddag. <\/p>\n<p>Guttene som er involvert i Troms er 14 og 15 \u00e5r og er stedsplassert ulike steder i Troms. Flere av dem har mottatt tilbud gjennom grupper p\u00e5 appene Snapchat og Signal.<\/p>\n<p>Personer de aldri har m\u00f8tt<\/p>\n<p>P\u00e5 landsbasis ser politiet og Kripos en \u00f8kning i antall saker med bruk av \u00abvold som handelsvare\u00bb i Norge.<\/p>\n<p>Unge mennesker lokkes til \u00e5 beg\u00e5 vold mot personer de aldri har m\u00f8tt. Rekrutteringen skjer ofte gjennom andre ungdommer, som handler p\u00e5 oppdrag fra st\u00f8rre kriminelle nettverk. I mange tilfeller foreg\u00e5r b\u00e5de kontakten og planleggingen utelukkende digitalt.<\/p>\n<p>Troms politidistrikt skriver at det er viktig at foreldre og personer tett p\u00e5 ungdom som er i risikosonen for \u00e5 fatte interesse for denne type milj\u00f8, f\u00f8lger godt med.<\/p>\n<p>\u00abOg vi m\u00e5 ikke tenke at dette er et Oslo-fenomen.\u00bb, skriver Troms politidistrikt.<\/p>\n<p>Politiet skriver at for Troms sin del gjelder det lokal ungdom ulike steder i distriktet og at rekrutteringen n\u00e5r ut bredt.<\/p>\n<p><img decoding=\"async\"   src=\"data:image\/gif;base64,R0lGODlhAQABAIAAAAAAAP\/\/\/yH5BAEAAAAALAAAAAABAAEAAAIBRAA7\" loading=\"eager\" alt=\"Politiadvokat Vegard Herman Tobiassen.\" title=\"Foto: Trygve Gr\u00f8nning \/ NRK\"\/><\/p>\n<p class=\"\">Politiadvokat Vegard Herman Tobiassen<\/p>\n<p>Foto: Trygve Gr\u00f8nning \/ NRK<\/p>\n<p>\u2013 Bekymringsfullt<\/p>\n<p>Troms politidistrikt skriver at rekrutteringen ikke kjenner noen fylkesgrense. Ungdom rekrutterer andre ungdommer rundt omkring i landet.<\/p>\n<p>\u2013 Denne saken ble blant annet avdekket av en oppmerksom ungdomsarbeider. Politiets innsats har f\u00f8rt til p\u00e5gripelser av personer som har v\u00e6rt involvert i rekrutteringsfors\u00f8kene, sier politiadvokat Vegard Tobiassen. <\/p>\n<p>Situasjonen er bekymringsfull, sier Tom Inge Tilley Jensen, leder Troms politidistrikts nye seksjon for organisert kriminalitet. <\/p>\n<p>\u2013 Situasjonen vi st\u00e5r i er sv\u00e6rt krevende og bekymringsfull. Voldsoppdrag legges ut p\u00e5 sosiale medier og n\u00e5r ut til titusenvis av norske ungdommer. Mye av dialogen skjer p\u00e5 dessuten p\u00e5 krypterte kommunikasjonskanaler, noe som gj\u00f8r det vanskelig \u00e5 avdekke, skriver han. <\/p>\n<p>Politiet skriver at de regner det som meget sannsynlig at norske ungdommer fortsatt vil rekrutteres til voldsoppdrag p\u00e5 nett i fremtiden.<\/p>\n<p>Faresignaler<\/p>\n<p>Politiet oppfordrer foresatte og andre voksne som arbeider tett p\u00e5 ungdom om \u00e5 v\u00e6re oppmerksomme og se etter mulige faresignaler.<\/p>\n<p>De nevner f\u00f8lgende faresignaler: <\/p>\n<ul>\n<li>Hemmelighold rundt nettbruk og bruk av apper som tilbyr kryptert eller anonym kommunikasjon. <\/li>\n<li>\u00d8kt interesse for vold eller kultur som glorifiserer vold. <\/li>\n<li>Vennskap eller kontakt med andre som allerede er involvert i kriminalitet eller eventuell \u00f8kt tilgang p\u00e5 penger og andre statusvarer som dyre merkekl\u00e6r. <\/li>\n<\/ul>\n<p>Publisert<\/p>\n<p>11.11.2025, kl. 09.08<\/p>\n<p>Oppdatert<\/p>\n<p>11.11.2025, kl. 09.59<\/p>\n","protected":false},"excerpt":{"rendered":"En p\u00e5g\u00e5ende etterforskning gjennom flere uker har avdekket at flere ungdommer ulike steder i landet er blitt fors\u00f8kt&hellip;\n","protected":false},"author":2,"featured_media":84025,"comment_status":"","ping_status":"","sticky":false,"template":"","format":"standard","meta":{"footnotes":""},"categories":[5],"tags":[20,21,24,25,15,19,22,23,17,18,13,30,28,29,14,16,26,27],"class_list":{"0":"post-84024","1":"post","2":"type-post","3":"status-publish","4":"format-standard","5":"has-post-thumbnail","7":"category-overskrifter","8":"tag-breaking-news","9":"tag-breakingnews","10":"tag-featured-news","11":"tag-featurednews","12":"tag-headlines","13":"tag-hovedoppslag","14":"tag-latest-news","15":"tag-latestnews","16":"tag-main-news","17":"tag-mainnews","18":"tag-news","19":"tag-no","20":"tag-norge","21":"tag-norway","22":"tag-nyheter","23":"tag-overskrifter","24":"tag-top-stories","25":"tag-topstories"},"share_on_mastodon":{"url":"https:\/\/pubeurope.com\/@no\/115530281993027654","error":""},"_links":{"self":[{"href":"https:\/\/www.europesays.com\/no\/wp-json\/wp\/v2\/posts\/84024","targetHints":{"allow":["GET"]}}],"collection":[{"href":"https:\/\/www.europesays.com\/no\/wp-json\/wp\/v2\/posts"}],"about":[{"href":"https:\/\/www.europesays.com\/no\/wp-json\/wp\/v2\/types\/post"}],"author":[{"embeddable":true,"href":"https:\/\/www.europesays.com\/no\/wp-json\/wp\/v2\/users\/2"}],"replies":[{"embeddable":true,"href":"https:\/\/www.europesays.com\/no\/wp-json\/wp\/v2\/comments?post=84024"}],"version-history":[{"count":0,"href":"https:\/\/www.europesays.com\/no\/wp-json\/wp\/v2\/posts\/84024\/revisions"}],"wp:featuredmedia":[{"embeddable":true,"href":"https:\/\/www.europesays.com\/no\/wp-json\/wp\/v2\/media\/84025"}],"wp:attachment":[{"href":"https:\/\/www.europesays.com\/no\/wp-json\/wp\/v2\/media?parent=84024"}],"wp:term":[{"taxonomy":"category","embeddable":true,"href":"https:\/\/www.europesays.com\/no\/wp-json\/wp\/v2\/categories?post=84024"},{"taxonomy":"post_tag","embeddable":true,"href":"https:\/\/www.europesays.com\/no\/wp-json\/wp\/v2\/tags?post=84024"}],"curies":[{"name":"wp","href":"https:\/\/api.w.org\/{rel}","templated":true}]}}