{"id":84028,"date":"2025-11-11T09:16:15","date_gmt":"2025-11-11T09:16:15","guid":{"rendered":"https:\/\/www.europesays.com\/no\/84028\/"},"modified":"2025-11-11T09:16:15","modified_gmt":"2025-11-11T09:16:15","slug":"riksrevisjonen-presenterer-ny-rapport-om-statens-regnskaper","status":"publish","type":"post","link":"https:\/\/www.europesays.com\/no\/84028\/","title":{"rendered":"Riksrevisjonen presenterer ny rapport om statens regnskaper"},"content":{"rendered":"\n<p class=\"_lead_o9xde_2 _lead_xtcu6_50 layout-component text-serif-m layout-normal text-serif-l layout-component layout-wide layout-padded _wide_17hqh_1 layout-padded\">Rekordh\u00f8ye utgifter, oljepengebruk og en s\u00e5rbar velferdstat. Samfunnet m\u00e5 omstille seg, sl\u00e5r Riksrevisjonen fast.<\/p>\n<p> <img class=\"_image_qp4xg_65 layout-component layout-wide\" data-fullscreen- data-track-element-type=\"Article image fullscreen\" data-track-name=\"ImageFullscreen\" fetchpriority=\"high\" decoding=\"sync\" loading=\"eager\" height=\"102\" itemprop=\"image\"  src=\"https:\/\/www.europesays.com\/no\/wp-content\/uploads\/2025\/11\/37c38bf09956c6eff6d2282287b5c7d3.jpg\"  style=\"object-position:50% 50%;aspect-ratio:1.75;height:auto;object-fit:cover;width:100%\" width=\"102\"\/>   Oppdatert tirsdag 11. november kl. 10:15     <\/p>\n<p class=\"_paragraph_o9xde_4 _paragraph_xtcu6_10 layout-component text-serif-m layout-normal text-serif-m layout-padded\">Saken oppdateres<\/p>\n<p class=\"_paragraph_o9xde_4 _paragraph_xtcu6_10 layout-component text-serif-m layout-normal text-serif-m layout-padded\">For f\u00f8rste gang legger riksrevisjonen frem sin \u00f8konomiske analyse for tiden fremover. <\/p>\n<p class=\"_paragraph_o9xde_4 _paragraph_xtcu6_10 layout-component text-serif-m layout-normal text-serif-m layout-padded\"><strong class=\"_strong_o9xde_25\">Dommen er hard: Norge st\u00e5r overfor en trippel utfordring. <\/strong><\/p>\n<p class=\"_paragraph_o9xde_4 _paragraph_xtcu6_10 layout-component text-serif-m layout-normal text-serif-m layout-padded\">\u2013 Staten m\u00e5 bruke mindre hvert eneste \u00e5r, fall p\u00e5 verdens b\u00f8rser kan f\u00f8re til at vi kan bruke mindre fra Oljefondet og de fremtidige utgiftene kan bli enda h\u00f8yere enn ansl\u00e5tt, viser v\u00e5re analyser. Riksrevisjonens \u00f8konomiske analyser er nye av \u00e5ret og vil fremover bli en viktig del av den \u00e5rlige gjennomgangen av statens regnskap, sier riksrevisor <a href=\"https:\/\/www.vg.no\/tag\/karl-eirik-schjoett-pedersen?utm_source=vg-article&amp;utm_medium=auto-tagger&amp;utm_campaign=Pp6X5X\" class=\"_link_o9xde_39\" rel=\"nofollow noopener\" target=\"_blank\">Karl Eirik Schj\u00f8tt-Pedersen<\/a>. <\/p>\n<p><img alt=\"Riksrevisor Karl Eirik Schj\u00f8tt-Pedersen.  Foto: G\u00f8ran Bohlin \/ VG\" class=\"_image_qp4xg_65 layout-component layout-normal\" data-fullscreen- data-track-element-type=\"Article image fullscreen\" data-track-name=\"ImageFullscreen\" decoding=\"async\" loading=\"lazy\" height=\"5504\" itemprop=\"image\"  src=\"https:\/\/www.europesays.com\/no\/wp-content\/uploads\/2025\/11\/8f03bd34-7284-4601-ba4e-499984e01dbd\"  style=\"object-position:0% 0%\" width=\"8256\"\/>Riksrevisor Karl Eirik Schj\u00f8tt-Pedersen.  Foto: G\u00f8ran Bohlin \/ VG<\/p>\n<p class=\"_paragraph_o9xde_4 _paragraph_xtcu6_10 layout-component text-serif-m layout-normal text-serif-m layout-padded\"><strong class=\"_strong_o9xde_25\">Hvert eneste \u00e5r m\u00e5 staten finne sju milliarder kroner mer. De pengene m\u00e5 staten finne gjennom kutt i utgifter eller \u00f8kte skatter og avgifter, sl\u00e5r de fast. <\/strong><\/p>\n<p class=\"_paragraph_o9xde_4 _paragraph_xtcu6_10 layout-component text-serif-m layout-normal text-serif-m layout-padded\">\u2013 Jeg er usikker p\u00e5 om det norske folk er klar over hva dette faktisk betyr, alts\u00e5 hvor mye samfunnet m\u00e5 omstille seg og hvor harde prioriteringer politikerne m\u00e5 gj\u00f8re fremover, sier Schj\u00f8tt-Pedersen.<\/p>\n<p>Rekordh\u00f8ye utgifter<\/p>\n<p class=\"_paragraph_o9xde_4 _paragraph_xtcu6_10 layout-component text-serif-m layout-normal text-serif-m layout-padded\">I 2024 brukte staten 800 milliarder kroner mer enn i 2001, m\u00e5lt i 2024-kroner. Samtidig \u00f8kte inntektene med 480 milliarder kroner.<\/p>\n<p class=\"_paragraph_o9xde_4 _paragraph_xtcu6_10 layout-component text-serif-m layout-normal text-serif-m layout-padded\">\u2013 800 milliarder er en \u00f8kning i utgiftene p\u00e5 nesten 75 prosent. Alderspensjon har \u00f8kt mest, men vi ser ogs\u00e5 en betydelig \u00f8kning i utbetalt uf\u00f8retrygd. Fra 2019 til 2024 \u00f8kte utbetalingene til sykepenger, arbeidsavklaringspenger og uf\u00f8retrygd med til sammen 37 milliarder kroner, sier Schj\u00f8tt-Pedersen.<\/p>\n<p class=\"_paragraph_o9xde_4 _paragraph_xtcu6_10 layout-component text-serif-m layout-normal text-serif-m layout-padded\">Samtidig brukes det stadig mer oljepenger. Resultatet er en s\u00e5rbar velferdsstat, mener Riksrevisjonen.<\/p>\n<p><img alt=\"Foto: G\u00f8ran Bohlin \/ VG\" class=\"_image_qp4xg_65 layout-component layout-normal\" data-fullscreen- data-track-element-type=\"Article image fullscreen\" data-track-name=\"ImageFullscreen\" decoding=\"async\" loading=\"lazy\" height=\"5504\" itemprop=\"image\"  src=\"https:\/\/www.europesays.com\/no\/wp-content\/uploads\/2025\/11\/b4ba2c4b-defb-48e1-935f-01fc39075fe2\"  style=\"object-position:0% 0%\" width=\"8256\"\/>Foto: G\u00f8ran Bohlin \/ VG<\/p>\n<p class=\"_paragraph_o9xde_4 _paragraph_xtcu6_10 layout-component text-serif-m layout-normal text-serif-m layout-padded\">Riksrevisjonen la samtidig frem sin \u00e5rlige revisjonen av statens regnskaper og \u00e5rsregnskap for departementene, statlige virksomheter og fond.<\/p>\n<p class=\"_paragraph_o9xde_4 _paragraph_xtcu6_10 layout-component text-serif-m layout-normal text-serif-m layout-padded\">I tillegg til fem enkeltunders\u00f8kelser som ser n\u00e6rmere p\u00e5 Nav, Skatteetaten, politiet, Utdanningsdirektoratet og Statens vegvesen.<\/p>\n<p>Hva gj\u00f8r Riksrevisjonen?<\/p>\n<ul class=\"_list_o9xde_3 _list_xtcu6_9 _list_16v91_9 _unordered_o9xde_106 layout-component text-serif-m layout-normal text-sans-m layout-padded\">\n<li class=\"_item_o9xde_30\">Riksrevisjonen gjennomf\u00f8rer kontroller og unders\u00f8kelser av departementene, andre statlige virksomheter og statens eierstyring.<\/li>\n<li class=\"_item_o9xde_30\">Form\u00e5let er \u00e5 styrke tilliten til at regjeringen og myndighetene ut\u00f8ver sitt ansvar effektivt, etisk og i samsvar med gjeldende lover og regler, og \u00e5 skape gode betingelser for slik ansvarsut\u00f8velse. Riksrevisjonen bidrar til \u00e5 forebygge og avdekke misligheter, feil og mangler gjennom veiledning og revisjon.<\/li>\n<li class=\"_item_o9xde_30\">Alle kontroller og unders\u00f8kelser tar utgangspunkt i det Stortinget har bestemt, som lover og budsjettvedtak.<\/li>\n<\/ul>\n<p class=\"_paragraph_o9xde_4 _paragraph_xtcu6_10 _paragraph_16v91_10 layout-component text-serif-m layout-normal text-sans-m layout-padded\">Kilde: Riksrevisjonens hjemmesider<\/p>\n<p>Vis mer    <img decoding=\"async\" alt=\"Tips oss illustrasjon\" src=\"https:\/\/www.europesays.com\/no\/wp-content\/uploads\/2025\/10\/pssst-small.webp.webp\"\/>    <\/p>\n<p class=\"title-serif-s\">Har du tips?<\/p>\n<p class=\"text-sans-m\">Send oss informasjon, bilder eller video.<\/p>\n<p>  <a href=\"https:\/\/www.vg.no\/tips-oss\" rel=\"nofollow noopener\" target=\"_blank\"> Tips oss <\/a>      <\/p>\n","protected":false},"excerpt":{"rendered":"Rekordh\u00f8ye utgifter, oljepengebruk og en s\u00e5rbar velferdstat. Samfunnet m\u00e5 omstille seg, sl\u00e5r Riksrevisjonen fast. Oppdatert tirsdag 11. november&hellip;\n","protected":false},"author":2,"featured_media":84029,"comment_status":"","ping_status":"","sticky":false,"template":"","format":"standard","meta":{"footnotes":""},"categories":[10],"tags":[20,21,24,25,15,11264,22,23,13,30,28,29,14,16,2963,3327,26,27,46],"class_list":{"0":"post-84028","1":"post","2":"type-post","3":"status-publish","4":"format-standard","5":"has-post-thumbnail","7":"category-norge","8":"tag-breaking-news","9":"tag-breakingnews","10":"tag-featured-news","11":"tag-featurednews","12":"tag-headlines","13":"tag-karl-eirik-schjott-pedersen","14":"tag-latest-news","15":"tag-latestnews","16":"tag-news","17":"tag-no","18":"tag-norge","19":"tag-norway","20":"tag-nyheter","21":"tag-overskrifter","22":"tag-regnskap","23":"tag-riksrevisjonen","24":"tag-top-stories","25":"tag-topstories","26":"tag-vgai"},"share_on_mastodon":{"url":"https:\/\/pubeurope.com\/@no\/115530313638029825","error":""},"_links":{"self":[{"href":"https:\/\/www.europesays.com\/no\/wp-json\/wp\/v2\/posts\/84028","targetHints":{"allow":["GET"]}}],"collection":[{"href":"https:\/\/www.europesays.com\/no\/wp-json\/wp\/v2\/posts"}],"about":[{"href":"https:\/\/www.europesays.com\/no\/wp-json\/wp\/v2\/types\/post"}],"author":[{"embeddable":true,"href":"https:\/\/www.europesays.com\/no\/wp-json\/wp\/v2\/users\/2"}],"replies":[{"embeddable":true,"href":"https:\/\/www.europesays.com\/no\/wp-json\/wp\/v2\/comments?post=84028"}],"version-history":[{"count":0,"href":"https:\/\/www.europesays.com\/no\/wp-json\/wp\/v2\/posts\/84028\/revisions"}],"wp:featuredmedia":[{"embeddable":true,"href":"https:\/\/www.europesays.com\/no\/wp-json\/wp\/v2\/media\/84029"}],"wp:attachment":[{"href":"https:\/\/www.europesays.com\/no\/wp-json\/wp\/v2\/media?parent=84028"}],"wp:term":[{"taxonomy":"category","embeddable":true,"href":"https:\/\/www.europesays.com\/no\/wp-json\/wp\/v2\/categories?post=84028"},{"taxonomy":"post_tag","embeddable":true,"href":"https:\/\/www.europesays.com\/no\/wp-json\/wp\/v2\/tags?post=84028"}],"curies":[{"name":"wp","href":"https:\/\/api.w.org\/{rel}","templated":true}]}}