{"id":84043,"date":"2025-11-11T09:34:09","date_gmt":"2025-11-11T09:34:09","guid":{"rendered":"https:\/\/www.europesays.com\/no\/84043\/"},"modified":"2025-11-11T09:34:09","modified_gmt":"2025-11-11T09:34:09","slug":"levanger-trafikk-fotgjenger-pakjort-i-levanger","status":"publish","type":"post","link":"https:\/\/www.europesays.com\/no\/84043\/","title":{"rendered":"Levanger, Trafikk | Fotgjenger p\u00e5kj\u00f8rt i Levanger"},"content":{"rendered":"\n<p><b>LEVANGER: <\/b>En fotgjenger ble tirsdag morgen p\u00e5kj\u00f8rt i et gangfelt ved Holsandkaia inn p\u00e5 E6 ved Skogn. Politi og ambulanse rykket ut etter \u00e5 ha f\u00e5tt melding fra AMK klokken 07.19.<\/p>\n<p>\u2013 Fotgjengeren skal v\u00e6re skadet, men oppeg\u00e5ende, opplyser politiets operasjonsleder Kamilla Engen.<\/p>\n<p>Fotgjengeren, en person i ten\u00e5rene, ble fraktet til Sykehuset Levanger av ambulanse.<\/p>\n<p>Etterforskningsleder Kjetil Mollan hos politiet p\u00e5 Innherred forklarer at politiet har gjennomf\u00f8rt enkel \u00e5stedsunders\u00f8kelse p\u00e5 stedet. Sj\u00e5f\u00f8ren, en mann i 60-\u00e5rene, fikk f\u00f8rerkortet beslaglagt.<\/p>\n","protected":false},"excerpt":{"rendered":"LEVANGER: En fotgjenger ble tirsdag morgen p\u00e5kj\u00f8rt i et gangfelt ved Holsandkaia inn p\u00e5 E6 ved Skogn. Politi&hellip;\n","protected":false},"author":2,"featured_media":3842,"comment_status":"","ping_status":"","sticky":false,"template":"","format":"standard","meta":{"footnotes":""},"categories":[10],"tags":[3700,36,20,21,24,25,15,22,23,492,13,30,28,29,14,16,1510,26,27,224,941],"class_list":{"0":"post-84043","1":"post","2":"type-post","3":"status-publish","4":"format-standard","5":"has-post-thumbnail","7":"category-norge","8":"tag-ta-il","9":"tag-art","10":"tag-breaking-news","11":"tag-breakingnews","12":"tag-featured-news","13":"tag-featurednews","14":"tag-headlines","15":"tag-latest-news","16":"tag-latestnews","17":"tag-levanger","18":"tag-news","19":"tag-no","20":"tag-norge","21":"tag-norway","22":"tag-nyheter","23":"tag-overskrifter","24":"tag-story","25":"tag-top-stories","26":"tag-topstories","27":"tag-trafikk","28":"tag-ulykker-og-hendelser"},"share_on_mastodon":{"url":"https:\/\/pubeurope.com\/@no\/115530384349493641","error":""},"_links":{"self":[{"href":"https:\/\/www.europesays.com\/no\/wp-json\/wp\/v2\/posts\/84043","targetHints":{"allow":["GET"]}}],"collection":[{"href":"https:\/\/www.europesays.com\/no\/wp-json\/wp\/v2\/posts"}],"about":[{"href":"https:\/\/www.europesays.com\/no\/wp-json\/wp\/v2\/types\/post"}],"author":[{"embeddable":true,"href":"https:\/\/www.europesays.com\/no\/wp-json\/wp\/v2\/users\/2"}],"replies":[{"embeddable":true,"href":"https:\/\/www.europesays.com\/no\/wp-json\/wp\/v2\/comments?post=84043"}],"version-history":[{"count":0,"href":"https:\/\/www.europesays.com\/no\/wp-json\/wp\/v2\/posts\/84043\/revisions"}],"wp:featuredmedia":[{"embeddable":true,"href":"https:\/\/www.europesays.com\/no\/wp-json\/wp\/v2\/media\/3842"}],"wp:attachment":[{"href":"https:\/\/www.europesays.com\/no\/wp-json\/wp\/v2\/media?parent=84043"}],"wp:term":[{"taxonomy":"category","embeddable":true,"href":"https:\/\/www.europesays.com\/no\/wp-json\/wp\/v2\/categories?post=84043"},{"taxonomy":"post_tag","embeddable":true,"href":"https:\/\/www.europesays.com\/no\/wp-json\/wp\/v2\/tags?post=84043"}],"curies":[{"name":"wp","href":"https:\/\/api.w.org\/{rel}","templated":true}]}}