{"id":84054,"date":"2025-11-11T09:51:13","date_gmt":"2025-11-11T09:51:13","guid":{"rendered":"https:\/\/www.europesays.com\/no\/84054\/"},"modified":"2025-11-11T09:51:13","modified_gmt":"2025-11-11T09:51:13","slug":"fortsatt-badeforbud-pa-gran-canaria","status":"publish","type":"post","link":"https:\/\/www.europesays.com\/no\/84054\/","title":{"rendered":"Fortsatt badeforbud p\u00e5 Gran Canaria"},"content":{"rendered":"<p>Det er ogs\u00e5 forbudt \u00e5 bade p\u00e5 en strand i Santa Luc\u00eda de Tirajana kommune i dag.<\/p>\n<p>B\u00e5de i Mog\u00e1n og Telde fortsetter rengj\u00f8ring av flekker og flak fra utslippet i dag, mandag.<\/p>\n<p>Telde kommune rapporterer om en forbedring av vannkvaliteten, og venter at strendene vil bli gjen\u00e5pnet for bading en av de n\u00e6rmeste dagene.<\/p>\n<p>Nye vannanalyser skal gj\u00f8res p\u00e5 tirsdag, if\u00f8lge kommunen. Det er med andre ord ikke full oversikt over utslippet. <\/p>\n<p>I Mog\u00e1n blir det ogs\u00e5 gjort vannanalyser hver dag, og det er h\u00e5p om en forbedring fra tirsdag av.<\/p>\n<p><strong>Her er en oversikt over strender hvor det er badeforbud mandag p\u00e5 Gran Canaria:<\/strong><\/p>\n<p><strong>Mogan kommune<\/strong><\/p>\n<ul>\n<li>Playa de Mog\u00e1n<\/li>\n<li>Playa de Taurito<\/li>\n<li>Playa del Cura<\/li>\n<li>Playa de Puerto Rico<\/li>\n<li>Playa de Patalavaca<\/li>\n<li>Playa de Las Mara\u00f1uelas<\/li>\n<li>Playa de El Perchel<\/li>\n<li>Playa de Anfi<\/li>\n<\/ul>\n<p><strong>Santa Luc\u00eda de Tirajana<\/strong><\/p>\n<p><strong>Telde<\/strong><\/p>\n<ul>\n<li>Playa de Melenara<\/li>\n<li>Playa de Salinetas<\/li>\n<li>Playa de Aguadulce<\/li>\n<\/ul>\n<p><strong>Opphevet p\u00e5 tre strender<\/strong><\/p>\n<p>Badeforbudet har blitt fjernet p\u00e5 Playa de Vargas i Ag\u00fcimes kommune, samt Playa de San Agust\u00edn og Playa de Burros i San Bartolom\u00e9 de Tirajana.<\/p>\n<p>Vannanalyser viser at vannkvaliteten p\u00e5 de tre nevnte strendene n\u00e5 er utmerket.<\/p>\n<p><strong>Fiskefor og fiskefett<\/strong><\/p>\n<p>Det er angivelig organisk forurensing i form av fiskefor og fiskefett fra oppdrettsanlegg ved \u00f8stkysten som kan v\u00e6re forurensningskilden.<\/p>\n<p>Guardia Civils flora- og faunagrupe, Seprona, har \u00e5pnet en etterforskning av kilden og \u00e5rsaken til forurensingen.<\/p>\n<p><strong>Etterlyser bedre overv\u00e5king<\/strong><\/p>\n<p>De siste ukene har det v\u00e6rt badeforbud ved strender p\u00e5 Tenerife og Lanzarote ogs\u00e5.<\/p>\n<p>Joaqu\u00edn Hern\u00e1ndez Brito, forskningsdirekt\u00f8r ved forskningsplattformen Plocan p\u00e5 Gran Canaria, etterlyser bedre overv\u00e5king av forurensing i havet i en radiosending p\u00e5 Cadena SER Canarias mandag.<\/p>\n<p>Han understreker likevel at utslippene fra fiskeoppdrett ikke er like alvorlig som oljeutslipp fra skip, i og med at det er organisk, naturlige materialer.<\/p>\n<p>Forurensingen oppst\u00e5r n\u00e5r konsentrasjonen av det organiske materialet blir unormal, slik som i dette tilfellet, sier han.<\/p>\n<p>Forurensingen gir fra seg en sterk lukt, og flekker og klumper driver inn p\u00e5 land.<\/p>\n<p>Kanari\u00f8yenes helsedirektorat opprettholder et varsel med beredskap for forurensing i kommunene Mog\u00e1n, San Bartolom\u00e9 de Tirajana, Santa Lucia de Tirajana, Ag\u00fcimes, Ingenio og Telde mandag.<\/p>\n<blockquote class=\"wp-block-quote\">\n<p>Bli privatsponsor du ogs\u00e5! Canariajournalen har valgt \u00e5 ha alt innhold utenfor betalingsmurer, og finansierer driften med annonser og privatsponsorer, uten abonnement eller pressest\u00f8tte. Det koster \u00e5 drive kvalitetsjournalistikk, og du kan hjelpe oss til \u00e5 bli enda bedre: Bli sponsor, Vipps eller Swish en valgfri slant med penger:\u00a0Vipps: 95 74 94 69. Swish: 070 2314 263. P\u00e5 forh\u00e5nd takk for din st\u00f8tte!<\/p>\n<\/blockquote>\n","protected":false},"excerpt":{"rendered":"Det er ogs\u00e5 forbudt \u00e5 bade p\u00e5 en strand i Santa Luc\u00eda de Tirajana kommune i dag. B\u00e5de&hellip;\n","protected":false},"author":2,"featured_media":84055,"comment_status":"","ping_status":"","sticky":false,"template":"","format":"standard","meta":{"footnotes":""},"categories":[12],"tags":[20,21,24,25,1571,15,5600,22,23,13,30,28,29,14,16,11118,26,27,42,43,44,45],"class_list":{"0":"post-84054","1":"post","2":"type-post","3":"status-publish","4":"format-standard","5":"has-post-thumbnail","7":"category-verden","8":"tag-breaking-news","9":"tag-breakingnews","10":"tag-featured-news","11":"tag-featurednews","12":"tag-forurensning","13":"tag-headlines","14":"tag-kanarioyene","15":"tag-latest-news","16":"tag-latestnews","17":"tag-news","18":"tag-no","19":"tag-norge","20":"tag-norway","21":"tag-nyheter","22":"tag-overskrifter","23":"tag-strandliv","24":"tag-top-stories","25":"tag-topstories","26":"tag-verden","27":"tag-world","28":"tag-world-news","29":"tag-worldnews"},"share_on_mastodon":{"url":"https:\/\/pubeurope.com\/@no\/115530451102671351","error":""},"_links":{"self":[{"href":"https:\/\/www.europesays.com\/no\/wp-json\/wp\/v2\/posts\/84054","targetHints":{"allow":["GET"]}}],"collection":[{"href":"https:\/\/www.europesays.com\/no\/wp-json\/wp\/v2\/posts"}],"about":[{"href":"https:\/\/www.europesays.com\/no\/wp-json\/wp\/v2\/types\/post"}],"author":[{"embeddable":true,"href":"https:\/\/www.europesays.com\/no\/wp-json\/wp\/v2\/users\/2"}],"replies":[{"embeddable":true,"href":"https:\/\/www.europesays.com\/no\/wp-json\/wp\/v2\/comments?post=84054"}],"version-history":[{"count":0,"href":"https:\/\/www.europesays.com\/no\/wp-json\/wp\/v2\/posts\/84054\/revisions"}],"wp:featuredmedia":[{"embeddable":true,"href":"https:\/\/www.europesays.com\/no\/wp-json\/wp\/v2\/media\/84055"}],"wp:attachment":[{"href":"https:\/\/www.europesays.com\/no\/wp-json\/wp\/v2\/media?parent=84054"}],"wp:term":[{"taxonomy":"category","embeddable":true,"href":"https:\/\/www.europesays.com\/no\/wp-json\/wp\/v2\/categories?post=84054"},{"taxonomy":"post_tag","embeddable":true,"href":"https:\/\/www.europesays.com\/no\/wp-json\/wp\/v2\/tags?post=84054"}],"curies":[{"name":"wp","href":"https:\/\/api.w.org\/{rel}","templated":true}]}}