{"id":84064,"date":"2025-11-11T10:08:12","date_gmt":"2025-11-11T10:08:12","guid":{"rendered":"https:\/\/www.europesays.com\/no\/84064\/"},"modified":"2025-11-11T10:08:12","modified_gmt":"2025-11-11T10:08:12","slug":"ungdom-vold-politiet-unge-i-troms-blir-rekruttert-til-vold","status":"publish","type":"post","link":"https:\/\/www.europesays.com\/no\/84064\/","title":{"rendered":"Ungdom, Vold | Politiet: Unge i Troms blir rekruttert til vold"},"content":{"rendered":"\n<p>Den siste tiden har det v\u00e6rt stor oppmerksomhet nasjonalt rundt s\u00e5kalte \u00abvold som handelsvare-saker\u00bb, hvor ungdommer blir fors\u00f8kt rekruttert til \u00e5 utf\u00f8re ulike voldsoppdrag. Oppdragene blir i hovedsak annonsert p\u00e5 Snapchatgrupper.<\/p>\n<p>N\u00e5 melder Troms politidistrikt at de er varslet om at dette ogs\u00e5 har skjedd i nord. Saken ble kjent etter at politiet ble varslet om saken fra en ungdomsarbeider.<\/p>\n<p>\u2013 M\u00f8nsteret f\u00f8lger det som er kjent fra det mer sentrale \u00d8stlandet, der ungdom blir fors\u00f8kt vervet via Snapchat-grupper, sier politiadvokat Vegard Tobiassen i Troms politidistrikt.<\/p>\n<p>Han sier saken fra Troms har f\u00f8rt til at to ungdommer er p\u00e5grepet i Vest og S\u00f8r-Vest politidistrikt. Begge de p\u00e5grepne er mellom 16 og 17 \u00e5r.<\/p>\n<p>Hvem som er reelle oppdragsgivere er vanskelig \u00e5 avdekke.<\/p>\n<p>\u2013 N\u00e5r vi n\u00f8ster i dette, ser vi at det er ganske mange lag bakover, sier Tobiassen.<\/p>\n<p>Det dreier seg i hovedsak om at det annonseres for betalte voldsoppdrag.<\/p>\n<p>Bekymringen er at man m\u00e5 v\u00e6re obs p\u00e5 fenomenet og at folk i dette omr\u00e5det kan bli rutet inn i dette.<\/p>\n<p>\u2013 Dette treffer ikke bare ungdom p\u00e5 sentrale \u00f8stlandet. Det er i ferd med \u00e5 bli et landsomfattende problem som foreldre og alle som jobber med barn og unge m\u00e5 v\u00e6re oppmerksomme p\u00e5.<\/p>\n<p>  <a href=\"https:\/\/www.nordlys.no\/5-34-2239436\" class=\"related-teaser has-image default-story-teaser article--c-eRUmMG article--c-eRUmMG-jKCPdD-design-default\" rel=\"nofollow noopener\" target=\"_blank\"><\/p>\n<p>    <img decoding=\"async\" loading=\"lazy\"  src=\"https:\/\/www.europesays.com\/no\/wp-content\/uploads\/2025\/11\/IMG_7645.JPG\" alt=\"\" class=\"brick-c-cFOWSL\" style=\"\"\/><\/p>\n<p>\n            Les ogs\u00e5<\/p>\n<p>              \u2013 Jeg tror ikke foreldre egentlig aner hva barna holder p\u00e5 med\n        <\/p>\n<p>  <\/a><br \/>\n  Lokale gutter<\/p>\n<p>En p\u00e5g\u00e5ende etterforskning gjennom flere uker har avdekket at flere ungdommer ulike steder i Troms er blitt fors\u00f8kt rekruttert via sosiale medieplattformer til \u00e5 gjennomf\u00f8re lignende voldsoppdrag som har utspilt seg i Oslo gjennom h\u00f8sten. Guttene som er involvert i Troms er 14 og 15 \u00e5r og er stedplassert ulike steder i Troms. Flere av dem har mottatt tilbud gjennom grupper p\u00e5 Snapchat og Signal.<\/p>\n<p>Denne saken ble blant annet avdekket av en oppmerksom ungdomsarbeider. Politiets innsats har f\u00f8rt til p\u00e5gripelser av personer som har v\u00e6rt involvert i rekrutteringsfors\u00f8kene, sier politiadvokat Vegard Tobiassen.<\/p>\n<p>I etterforskningen s\u00e5 langt viser det at det er andre ungdommer andre steder i landet som er mellomledd for oppdraget, og noen ogs\u00e5 har f\u00e5tt et eget oppdrag med \u00e5 rekruttere tilfeldige ungdom.<\/p>\n<p>  <a href=\"https:\/\/www.nordlys.no\/5-34-2239885\" class=\"related-teaser has-image default-story-teaser article--c-eRUmMG article--c-eRUmMG-jKCPdD-design-default\" rel=\"nofollow noopener\" target=\"_blank\"><\/p>\n<p>    <img decoding=\"async\" loading=\"lazy\"  src=\"https:\/\/www.europesays.com\/no\/wp-content\/uploads\/2025\/11\/20251031_Status_ungdomsmilj_et_OLE02092.jpg\" alt=\"\" class=\"brick-c-cFOWSL\" style=\"\"\/><\/p>\n<p>\n            Les ogs\u00e5<\/p>\n<p>              Til kamp mot barne- og ungdomskriminaliteten i Troms\u00f8: \u2013 Politiet har kobla seg p\u00e5\n        <\/p>\n<p>  <\/a><br \/>\n  Hele landet<\/p>\n<p>For Troms politidistrikt er det viktig \u00e5 kommunisere tydelig at denne type rekruttering ikke kjenner noen fylkesgrense. Ungdom rekrutterer andre ungdommer rundt omkring i landet, og det er like aktuelt i nord.<\/p>\n<p>Tom Inge Tilley Jensen, leder Troms politidistrikts nye seksjon for organisert kriminalitet, sier situasjonen er bekymringsfull.<\/p>\n<p>\u2013 Situasjonen vi st\u00e5r i er sv\u00e6rt krevende og bekymringsfull. Voldsoppdrag legges ut p\u00e5 sosiale medier og n\u00e5r ut til titusenvis av norske ungdommer. Mye av dialogen skjer p\u00e5 dessuten p\u00e5 krypterte kommunikasjonskanaler, noe som gj\u00f8r det vanskelig \u00e5 avdekke, sier han.<\/p>\n<p>  <a href=\"https:\/\/www.nordlys.no\/5-34-2220744\" class=\"related-teaser has-image default-story-teaser article--c-eRUmMG article--c-eRUmMG-jKCPdD-design-default\" rel=\"nofollow noopener\" target=\"_blank\"><\/p>\n<p>    <img decoding=\"async\" loading=\"lazy\"  src=\"https:\/\/www.europesays.com\/no\/wp-content\/uploads\/2025\/11\/IMG_6623.jpg\" alt=\"\" class=\"brick-c-cFOWSL\" style=\"\"\/><\/p>\n<p>\n            Les ogs\u00e5<\/p>\n<p>              Politiet om natta: \u2013 Det er ikke normalt\n        <\/p>\n<p>  <\/a><\/p>\n<p>P\u00e5 landsbasis ser politiet og Kripos en \u00f8kning i antall saker med bruk av vold som handelsvare i Norge. Arbeidet med \u00e5 forebygge og avverge voldsoppdrag er en prioritert oppgave for politiet gjennom etterretning, etterforskning og forebygging. Politiet regner det som meget sannsynlig at norske ungdommer fortsatt vil rekrutteres til voldsoppdrag p\u00e5 nett i fremtiden.<\/p>\n<p>\u2013 Unge mennesker lokkes til \u00e5 beg\u00e5 vold mot personer de aldri har m\u00f8tt. Rekrutteringen skjer ofte gjennom andre ungdommer, som handler p\u00e5 oppdrag fra st\u00f8rre kriminelle nettverk. I mange tilfeller foreg\u00e5r b\u00e5de kontakten og planleggingen utelukkende digitalt.<\/p>\n<p>\u2013 For Troms sin del er det viktig at foreldre og personer tett p\u00e5 ungdom som er i risikosonen for \u00e5 fatte interesse for denne type milj\u00f8, f\u00f8lger godt med. Og vi m\u00e5 ikke tenke at dette er et Oslo-fenomen. Saken vi har i Troms viser at dette ogs\u00e5 gjelder lokal ungdom ulike steder i distriktet og at rekrutteringen n\u00e5r ut bredt, sier han.<\/p>\n<p>  <a href=\"https:\/\/www.nordlys.no\/5-34-2203995\" class=\"related-teaser has-image default-story-teaser article--c-eRUmMG article--c-eRUmMG-jKCPdD-design-default\" rel=\"nofollow noopener\" target=\"_blank\"><\/p>\n<p>    <img decoding=\"async\" loading=\"lazy\"  src=\"https:\/\/www.europesays.com\/no\/wp-content\/uploads\/2025\/11\/Dronefoto-Ole-Aasheim-0552.jpg\" alt=\"\" class=\"brick-c-cFOWSL\" style=\"\"\/><\/p>\n<p>\n            Les ogs\u00e5<\/p>\n<p>              Tar grep etter flere uheldige hendelser: \u2013 Lokalbefolkningen vil merke \u00f8kt tilstedev\u00e6relse\n        <\/p>\n<p>  <\/a><br \/>\n  Oppmerksom ungdomsarbeider<\/p>\n<p>Politiet oppfordrer foresatte og de som arbeider tett p\u00e5 ungdom om \u00e5 v\u00e6re oppmerksomme<\/p>\n<p>\u2013 Som nevnt ble denne saken avdekket av oppmerksom ungdomsarbeider. Politiet oppfordrer foresatte og andre voksne som arbeider tett p\u00e5 ungdom om \u00e5 v\u00e6re oppmerksomme og se etter mulige faresignaler. Det kan for eksempel v\u00e6re hemmelighold rundt nettbruk og bruk av apper som tilbyr kryptert eller anonym kommunikasjon, \u00f8kt interesse for vold eller kultur som glorifiserer vold, vennskap eller kontakt med andre som allerede er involvert i kriminalitet eller eventuell \u00f8kt tilgang p\u00e5 penger og andre statusvarer som dyre merkekl\u00e6r.<\/p>\n<p>  <a href=\"https:\/\/www.nordlys.no\/5-34-2147075\" class=\"related-teaser has-image default-story-teaser article--c-eRUmMG article--c-eRUmMG-jKCPdD-design-default\" rel=\"nofollow noopener\" target=\"_blank\"><\/p>\n<p>    <img decoding=\"async\" loading=\"lazy\"  src=\"https:\/\/www.europesays.com\/no\/wp-content\/uploads\/2025\/11\/JNP_5636-red.jpg\" alt=\"\" class=\"brick-c-cFOWSL\" style=\"\"\/><\/p>\n<p>\n            Les ogs\u00e5<\/p>\n<p>              Bruker mer tid \u2013 oppklarer f\u00e6rre saker\n        <\/p>\n<p>  <\/a><\/p>\n","protected":false},"excerpt":{"rendered":"Den siste tiden har det v\u00e6rt stor oppmerksomhet nasjonalt rundt s\u00e5kalte \u00abvold som handelsvare-saker\u00bb, hvor ungdommer blir fors\u00f8kt&hellip;\n","protected":false},"author":2,"featured_media":84065,"comment_status":"","ping_status":"","sticky":false,"template":"","format":"standard","meta":{"footnotes":""},"categories":[10],"tags":[36,20,21,24,25,15,22,23,13,30,28,29,14,16,254,1510,26,27,11267,3985,3813,7395,493],"class_list":{"0":"post-84064","1":"post","2":"type-post","3":"status-publish","4":"format-standard","5":"has-post-thumbnail","7":"category-norge","8":"tag-art","9":"tag-breaking-news","10":"tag-breakingnews","11":"tag-featured-news","12":"tag-featurednews","13":"tag-headlines","14":"tag-latest-news","15":"tag-latestnews","16":"tag-news","17":"tag-no","18":"tag-norge","19":"tag-norway","20":"tag-nyheter","21":"tag-overskrifter","22":"tag-politi","23":"tag-story","24":"tag-top-stories","25":"tag-topstories","26":"tag-u16","27":"tag-ungdom","28":"tag-ungdomskriminalitet","29":"tag-ungdomskriminelle","30":"tag-vold"},"share_on_mastodon":{"url":"https:\/\/pubeurope.com\/@no\/115530518459949178","error":""},"_links":{"self":[{"href":"https:\/\/www.europesays.com\/no\/wp-json\/wp\/v2\/posts\/84064","targetHints":{"allow":["GET"]}}],"collection":[{"href":"https:\/\/www.europesays.com\/no\/wp-json\/wp\/v2\/posts"}],"about":[{"href":"https:\/\/www.europesays.com\/no\/wp-json\/wp\/v2\/types\/post"}],"author":[{"embeddable":true,"href":"https:\/\/www.europesays.com\/no\/wp-json\/wp\/v2\/users\/2"}],"replies":[{"embeddable":true,"href":"https:\/\/www.europesays.com\/no\/wp-json\/wp\/v2\/comments?post=84064"}],"version-history":[{"count":0,"href":"https:\/\/www.europesays.com\/no\/wp-json\/wp\/v2\/posts\/84064\/revisions"}],"wp:featuredmedia":[{"embeddable":true,"href":"https:\/\/www.europesays.com\/no\/wp-json\/wp\/v2\/media\/84065"}],"wp:attachment":[{"href":"https:\/\/www.europesays.com\/no\/wp-json\/wp\/v2\/media?parent=84064"}],"wp:term":[{"taxonomy":"category","embeddable":true,"href":"https:\/\/www.europesays.com\/no\/wp-json\/wp\/v2\/categories?post=84064"},{"taxonomy":"post_tag","embeddable":true,"href":"https:\/\/www.europesays.com\/no\/wp-json\/wp\/v2\/tags?post=84064"}],"curies":[{"name":"wp","href":"https:\/\/api.w.org\/{rel}","templated":true}]}}