{"id":84076,"date":"2025-11-11T10:27:15","date_gmt":"2025-11-11T10:27:15","guid":{"rendered":"https:\/\/www.europesays.com\/no\/84076\/"},"modified":"2025-11-11T10:27:15","modified_gmt":"2025-11-11T10:27:15","slug":"norges-bank-rente-eksperter-med-skrekkbeskjed-om-boligrenten","status":"publish","type":"post","link":"https:\/\/www.europesays.com\/no\/84076\/","title":{"rendered":"Norges Bank, Rente | Eksperter med skrekkbeskjed om boligrenten"},"content":{"rendered":"<p> (<a href=\"https:\/\/www.nettavisen.no\" rel=\"nofollow noopener\" target=\"_blank\">Nettavisen<\/a>) <\/p>\n<p>\u2013 Dagens tall setter kjepper i hjulene, og taler ikke for at Norges Bank skal sette ned renten i overskuelig framtid, skriver strateg Dane Cekov og sjef\u00f8konom Harald Magnus Andreassen i Sparebank1 Markets i en melding.<\/p>\n<p>Ferske tall viste at den totale prisveksten p\u00e5 3,3 prosent er hele 0,6 prosentpoeng h\u00f8yere enn Norges Banks eget anslag p\u00e5 2,7 prosent.<\/p>\n<p>Etter at kjerneinflasjonen var lavere enn ventet i september, er den n\u00e5 0,2 prosentpoeng over sentralbankens prognose.<\/p>\n<p><b>Les ogs\u00e5: <a class=\"simple-relation related-teaser article--c-eRUmMG article--c-eRUmMG-jKCPdD-design-default article--c-eRUmMG-iBPVJb-cv\" href=\"https:\/\/www.helg.no\/darlig-nytt-for-rentekutt\/s\/5-95-2718661\" rel=\"nofollow noopener\" target=\"_blank\">D\u00e5rlig nytt for rentekutt<\/a><\/b><\/p>\n<p><b>Annonse:<\/b> <a href=\"https:\/\/c.trackmytarget.com\/?a=3nsv3o&amp;i=4674f7&amp;ref1=eksperter-med-skrekkbeskjed-om-boligrenten-10.11.25&amp;r=https%3A%2F%2Frenteradar.no%2F\" rel=\"Follow nofollow noopener\" target=\"_blank\">Sjekk om du kan f\u00e5 lavere rente p\u00e5 boligl\u00e5net &#8211; helt gratis<\/a><\/p>\n<p>Ingen kutt p\u00e5 leeenge<\/p>\n<p>Bankens \u00f8konomer mener tallene bekrefter det de lenge har advart om: Fortsatt h\u00f8y l\u00f8nnsvekst, svak produktivitetsvekst og en svak kronekurs vil gj\u00f8re det krevende \u00e5 f\u00e5 prisveksten varig ned. Det betyr at vi m\u00e5 lenge, ja, sv\u00e6rt lenge, etter et rentekutt.<\/p>\n<p>\u2013 Videre kutt avhenger enten av en klar bedring p\u00e5 inflasjonsfronten \u2013 som vil ta tid \u2013 eller en markant svekkelse av real\u00f8konomien, noe vi i alle fall ikke ser i dag, skriver de.<\/p>\n<p><b>Les ogs\u00e5: <a class=\"simple-relation related-teaser article--c-eRUmMG article--c-eRUmMG-jKCPdD-design-default article--c-eRUmMG-iBPVJb-cv\" href=\"https:\/\/www.helg.no\/spar-stoltenberg-bombe-for-boligrenta\/s\/5-95-2709534\" rel=\"nofollow noopener\" target=\"_blank\">Sp\u00e5r Stoltenberg-bombe for boligrenta<\/a><\/b><\/p>\n<p>Konklusjonen er derfor krystallklar, Andreassen og Cekov venter ingen rentekutt f\u00f8r tidligst 2027.<\/p>\n<p><b>\u2013 Norge Bank holder styringsrenten uendret til ut 2026, skriver de i oppdateringen.<\/b><\/p>\n<p>Til sammenlikning ansl\u00e5r Norges Bank at det vil komme to rentekutt i den samme perioden, mens mer optimistiske anslag har indikert at det kan komme hele fire.<\/p>\n<p>    Vil du se neste video?<\/p>\n<p>    <a href=\"https:\/\/www.helg.no\/se-video-ungdommene-hadde-flere-kreative-forretningsideer\/v\/5-24-1110338\" class=\"recommend-poster\" data-adp-clicklabel=\"video-recommend\" data-adp-clickvalue=\"poster\" rel=\"nofollow noopener\" target=\"_blank\"><br \/>\n      <img decoding=\"async\" width=\"200\" height=\"200\" loading=\"lazy\" src=\"https:\/\/www.europesays.com\/no\/wp-content\/uploads\/2025\/11\/v-i-0499f1d0-39c6-4c4d-9f38-614f4638937d-1.jpg\" alt=\"\" class=\"brick-c-cFOWSL\" style=\"--brick-image-ratio: 200 \/ 200;\"\/><\/p>\n<p>SE VIDEO: Ungdommene hadde flere kreative forretningsideer2:42<\/p>\n<p>    <\/a><\/p>\n<p>Black Week-effekt<\/p>\n<p>Tr\u00f8sten kan v\u00e6re at ikke all prisoppgangen i oktober var permanent. Ekspertene fra Sparebank1 Markets mener butikkenes prising f\u00f8r Black Week er en del av forklaringen.<\/p>\n<p>\u2013 \u00d8kningen i kjerneinflasjonen var bred, og importerte varer bidro mest. Noe av oppgangen kan skyldes at butikkene hevet prisene i forkant av Black Week-tilbud, skriver de.<\/p>\n<p><b>Les ogs\u00e5: <a class=\"simple-relation related-teaser article--c-eRUmMG article--c-eRUmMG-jKCPdD-design-default article--c-eRUmMG-iBPVJb-cv\" href=\"https:\/\/www.helg.no\/knuses-av-sverige-tror-norges-bank-ma-handle\/s\/5-95-2709960\" rel=\"nofollow noopener\" target=\"_blank\">Knuses av Sverige: Tror Norges Bank m\u00e5 handle<\/a><\/b><\/p>\n<p>De viser til store pris\u00f8kninger p\u00e5 varer som m\u00f8bler, dekor og elektronikk \u2013 typiske Black Week-varer.<\/p>\n<p>Strategene advarer imidlertid mot \u00e5 tro at dette er hele forklaringen.<\/p>\n<p>\u2013 Samtidig steg ogs\u00e5 kategorier som ikke er relatert til Black Week \u2013 som bolig\/husleie og transport \u2013 mer enn i oktober i fjor. Det bidro ogs\u00e5 til oppgangen. Prisoppgangen kan derfor ikke kun tilskrives Black Week, understreker de.<\/p>\n","protected":false},"excerpt":{"rendered":"(Nettavisen) \u2013 Dagens tall setter kjepper i hjulene, og taler ikke for at Norges Bank skal sette ned&hellip;\n","protected":false},"author":2,"featured_media":84077,"comment_status":"","ping_status":"","sticky":false,"template":"","format":"standard","meta":{"footnotes":""},"categories":[5],"tags":[36,3655,20,21,5008,24,25,2321,15,19,2788,2191,22,23,17,18,13,30,28,241,29,14,16,572,1795,10083,1510,26,27],"class_list":{"0":"post-84076","1":"post","2":"type-post","3":"status-publish","4":"format-standard","5":"has-post-thumbnail","7":"category-overskrifter","8":"tag-art","9":"tag-boligrente","10":"tag-breaking-news","11":"tag-breakingnews","12":"tag-dane-cekov","13":"tag-featured-news","14":"tag-featurednews","15":"tag-harald-magnus-andreassen","16":"tag-headlines","17":"tag-hovedoppslag","18":"tag-ida-wolden-bache","19":"tag-inflasjon","20":"tag-latest-news","21":"tag-latestnews","22":"tag-main-news","23":"tag-mainnews","24":"tag-news","25":"tag-no","26":"tag-norge","27":"tag-norges-bank","28":"tag-norway","29":"tag-nyheter","30":"tag-overskrifter","31":"tag-okonomi","32":"tag-rente","33":"tag-sparebank1","34":"tag-story","35":"tag-top-stories","36":"tag-topstories"},"share_on_mastodon":{"url":"https:\/\/pubeurope.com\/@no\/115530593283955038","error":""},"_links":{"self":[{"href":"https:\/\/www.europesays.com\/no\/wp-json\/wp\/v2\/posts\/84076","targetHints":{"allow":["GET"]}}],"collection":[{"href":"https:\/\/www.europesays.com\/no\/wp-json\/wp\/v2\/posts"}],"about":[{"href":"https:\/\/www.europesays.com\/no\/wp-json\/wp\/v2\/types\/post"}],"author":[{"embeddable":true,"href":"https:\/\/www.europesays.com\/no\/wp-json\/wp\/v2\/users\/2"}],"replies":[{"embeddable":true,"href":"https:\/\/www.europesays.com\/no\/wp-json\/wp\/v2\/comments?post=84076"}],"version-history":[{"count":0,"href":"https:\/\/www.europesays.com\/no\/wp-json\/wp\/v2\/posts\/84076\/revisions"}],"wp:featuredmedia":[{"embeddable":true,"href":"https:\/\/www.europesays.com\/no\/wp-json\/wp\/v2\/media\/84077"}],"wp:attachment":[{"href":"https:\/\/www.europesays.com\/no\/wp-json\/wp\/v2\/media?parent=84076"}],"wp:term":[{"taxonomy":"category","embeddable":true,"href":"https:\/\/www.europesays.com\/no\/wp-json\/wp\/v2\/categories?post=84076"},{"taxonomy":"post_tag","embeddable":true,"href":"https:\/\/www.europesays.com\/no\/wp-json\/wp\/v2\/tags?post=84076"}],"curies":[{"name":"wp","href":"https:\/\/api.w.org\/{rel}","templated":true}]}}