{"id":84078,"date":"2025-11-11T10:28:18","date_gmt":"2025-11-11T10:28:18","guid":{"rendered":"https:\/\/www.europesays.com\/no\/84078\/"},"modified":"2025-11-11T10:28:18","modified_gmt":"2025-11-11T10:28:18","slug":"unge-helse-olga-35-har-startet-et-nytt-treningstilbud-vaert-en-drom-i-ti-ar","status":"publish","type":"post","link":"https:\/\/www.europesays.com\/no\/84078\/","title":{"rendered":"Unge, Helse | Olga (35) har startet et nytt treningstilbud: \u2013 V\u00e6rt en dr\u00f8m i ti \u00e5r"},"content":{"rendered":"\n<p>Mandag \u00e5pnet Olga Agulova (35) sitt nye poledance-studio med \u00e5pningsfest.<\/p>\n<p>\u2013 Det har v\u00e6rt min dr\u00f8m i ti \u00e5r, forteller hun.<\/p>\n<p>   <img decoding=\"async\" width=\"3520\" height=\"1980\" fetchpriority=\"low\"  loading=\"lazy\"  src=\"https:\/\/www.europesays.com\/no\/wp-content\/uploads\/2025\/11\/IMG_8321.jpg\" alt=\"\" class=\"brick-c-cFOWSL\" style=\"--brick-image-ratio: 3520 \/ 1980;\"\/><\/p>\n<p>      Agulova forteller at det er tungt \u00e5 drive med poledance i starten, men at det blir lettere etter hvert jo sterkere man blir.<br \/>\n      Foto: Henning Winnem S\u00f8relv\n    <\/p>\n<p>Agulova kommer opprinnelig fra Ukraina, hvor hun har undervist i b\u00e5de dans og akrobatikk. Da hun kom til Harstad, merket hun at det manglet et poledance-studio.<\/p>\n<p>\u2013 N\u00e6rmeste var i Troms\u00f8 som er langt unna. S\u00e5 jeg bestemte meg for \u00e5 \u00e5pne her og vise frem tilbudet. Jeg opplever at poledance er mer popul\u00e6rt i S\u00f8r-Norge enn i Nord-Norge.<\/p>\n<p>Studioet ligger bak Lorry Bar og Scene.<\/p>\n<p>    Vil du se neste video?<\/p>\n<p>    <a href=\"https:\/\/www.iharstad.no\/bli-med-inn-her-har-julepynten-kommet-pa-plass\/v\/5-126-516431\" class=\"recommend-poster\" data-adp-clicklabel=\"video-recommend\" data-adp-clickvalue=\"poster\" rel=\"nofollow noopener\" target=\"_blank\"><br \/>\n      <img decoding=\"async\" width=\"200\" height=\"200\" loading=\"lazy\" src=\"https:\/\/www.europesays.com\/no\/wp-content\/uploads\/2025\/11\/IMG_6176.HEIC.jpeg\" alt=\"\" class=\"brick-c-cFOWSL\" style=\"--brick-image-ratio: 200 \/ 200;\"\/><\/p>\n<p>Bli med inn: Her har julepynten kommet p\u00e5 plass0:59<\/p>\n<p>    <\/a><\/p>\n<p>If\u00f8lge Agulova gir denne treningsformen b\u00e5de fysisk og mental styrke.<\/p>\n<p>\u2013 Man trener kjernemuskulatur, balanse, fleksibilitet og kroppskontroll. Men kanskje viktigst av alt: man bygger selvtillit og t\u00f8r \u00e5 uttrykke seg selv gjennom bevegelse, <a href=\"https:\/\/www.iharstad.no\/olga-agulova-onsker-a-apne-studio-i-harstad-for-pole-dance-og-luftakrobatikk\/s\/5-126-468955\" rel=\"Follow nofollow noopener\" target=\"_blank\">sa hun i et tidligere intervju<\/a>.<\/p>\n<p>Agulova vil tilby poledance-trening med polestenger, ringer og flyyoga med hengek\u00f8ye. Hun forteller at treningsformen passer for alle, og vil tilby trening for barn, ungdom og voksne.<\/p>\n<p>Treneren forteller at det er vanlig at b\u00e5de menn og kvinner driver med sporten.<\/p>\n<p>   <img decoding=\"async\" width=\"3024\" height=\"4032\" fetchpriority=\"low\"  loading=\"lazy\"  src=\"https:\/\/www.europesays.com\/no\/wp-content\/uploads\/2025\/11\/IMG_8314+%281%29.jpg\" alt=\"\" class=\"brick-c-cFOWSL\" style=\"--brick-image-ratio: 3024 \/ 4032;\"\/><\/p>\n<p>      Agulova h\u00e5per at det blir et godt milj\u00f8 der flere kan bli kjent med hverandre.<br \/>\n      Foto: Henning Winnem S\u00f8relv\n    <\/p>\n<p>Poledance har m\u00f8tt fordommer, og flere seksualiserer sporten.<\/p>\n<p>\u2013 Noen tenker sikkert slik med at folk er lett kledde, men man m\u00e5 bruke shorts og topp for \u00e5 holde seg st\u00f8dig, og ikke skli ned fra stanga, forklarer hun.<\/p>\n<p>Allerede tirsdag starter hun med trening for barn, og p\u00e5 fredag begynner hun med nybegynnerkurs.<\/p>\n<p>Agulova h\u00e5per \u00e5 kunne melde seg inn i Norges Pole &amp; Aerial, slik at hun kan delta konkurranser.<\/p>\n<p>  <a href=\"https:\/\/www.iharstad.no\/5-126-468955\" class=\"related-teaser has-image default-story-teaser article--c-eRUmMG article--c-eRUmMG-jKCPdD-design-default\" rel=\"nofollow noopener\" target=\"_blank\"><\/p>\n<p>    <img decoding=\"async\" loading=\"lazy\"  src=\"https:\/\/www.europesays.com\/no\/wp-content\/uploads\/2025\/11\/att.J9MVxPTUwbUVZPY2abivzn4NxReqUEf_bNStnOHmvso.jpg\" alt=\"\" class=\"brick-c-cFOWSL\" style=\"\"\/><\/p>\n<p>\n            Les ogs\u00e5<\/p>\n<p>              Olga vil starte pole dance i Harstad: \u2013 Finnes ikke noe lignende\n        <\/p>\n<p>  <\/a><\/p>\n","protected":false},"excerpt":{"rendered":"Mandag \u00e5pnet Olga Agulova (35) sitt nye poledance-studio med \u00e5pningsfest. \u2013 Det har v\u00e6rt min dr\u00f8m i ti&hellip;\n","protected":false},"author":2,"featured_media":84079,"comment_status":"","ping_status":"","sticky":false,"template":"","format":"standard","meta":{"footnotes":""},"categories":[59],"tags":[36,736,30,28,29,285,83,82,1510,2279],"class_list":{"0":"post-84078","1":"post","2":"type-post","3":"status-publish","4":"format-standard","5":"has-post-thumbnail","7":"category-sport","8":"tag-art","9":"tag-helse","10":"tag-no","11":"tag-norge","12":"tag-norway","13":"tag-sentrum","14":"tag-sport","15":"tag-sports","16":"tag-story","17":"tag-unge"},"share_on_mastodon":{"url":"https:\/\/pubeurope.com\/@no\/115530597204816380","error":""},"_links":{"self":[{"href":"https:\/\/www.europesays.com\/no\/wp-json\/wp\/v2\/posts\/84078","targetHints":{"allow":["GET"]}}],"collection":[{"href":"https:\/\/www.europesays.com\/no\/wp-json\/wp\/v2\/posts"}],"about":[{"href":"https:\/\/www.europesays.com\/no\/wp-json\/wp\/v2\/types\/post"}],"author":[{"embeddable":true,"href":"https:\/\/www.europesays.com\/no\/wp-json\/wp\/v2\/users\/2"}],"replies":[{"embeddable":true,"href":"https:\/\/www.europesays.com\/no\/wp-json\/wp\/v2\/comments?post=84078"}],"version-history":[{"count":0,"href":"https:\/\/www.europesays.com\/no\/wp-json\/wp\/v2\/posts\/84078\/revisions"}],"wp:featuredmedia":[{"embeddable":true,"href":"https:\/\/www.europesays.com\/no\/wp-json\/wp\/v2\/media\/84079"}],"wp:attachment":[{"href":"https:\/\/www.europesays.com\/no\/wp-json\/wp\/v2\/media?parent=84078"}],"wp:term":[{"taxonomy":"category","embeddable":true,"href":"https:\/\/www.europesays.com\/no\/wp-json\/wp\/v2\/categories?post=84078"},{"taxonomy":"post_tag","embeddable":true,"href":"https:\/\/www.europesays.com\/no\/wp-json\/wp\/v2\/tags?post=84078"}],"curies":[{"name":"wp","href":"https:\/\/api.w.org\/{rel}","templated":true}]}}