{"id":84094,"date":"2025-11-11T10:49:29","date_gmt":"2025-11-11T10:49:29","guid":{"rendered":"https:\/\/www.europesays.com\/no\/84094\/"},"modified":"2025-11-11T10:49:29","modified_gmt":"2025-11-11T10:49:29","slug":"statsforvalteren-i-rogaland-apner-tilsyn-etter-at-3-aring-dode-pa-legevakt","status":"publish","type":"post","link":"https:\/\/www.europesays.com\/no\/84094\/","title":{"rendered":"Statsforvalteren i Rogaland \u00e5pner tilsyn etter at 3-\u00e5ring d\u00f8de p\u00e5 legevakt"},"content":{"rendered":"\n<p class=\"_lead_o9xde_2 _lead_xtcu6_50 layout-component text-serif-m layout-normal text-serif-l layout-component layout-wide layout-padded _wide_17hqh_1 layout-padded\">Statsforvalteren i Rogaland \u00e5pner tilsyn etter at 3-\u00e5ring i midten av september d\u00f8de p\u00e5 en legevakt i Rogaland.<\/p>\n<p><img alt=\"Hovedkontoret for S\u00f8r-Vest politidistrikt i Rogaland. Foto: Marie von Krogh \/ VG\" class=\"_image_qp4xg_65 layout-component layout-wide\" data-fullscreen- data-track-element-type=\"Article image fullscreen\" data-track-name=\"ImageFullscreen\" fetchpriority=\"high\" decoding=\"sync\" loading=\"eager\" height=\"1080\" itemprop=\"image\"  src=\"https:\/\/www.europesays.com\/no\/wp-content\/uploads\/2025\/11\/9fb3e11d-d689-478d-9696-bff85772286c\"  style=\"object-position:0% 0%\" width=\"1616\"\/>Hovedkontoret for S\u00f8r-Vest politidistrikt i Rogaland. Foto: Marie von Krogh \/ VG<\/p>\n<ul aria-hidden=\"true\" class=\"_images_18f0k_111\">\n<li><a class=\"_link_18f0k_116\" href=\"https:\/\/www.vg.no\/forfatter\/amalie-nordboe-odiin\" style=\"z-index:2\" title=\"Amalie Nordb\u00f8 Odiin\" rel=\"nofollow noopener\" target=\"_blank\"><img alt=\"Bilde av Amalie Nordb\u00f8 Odiin\" class=\"_image_18f0k_93\" fetchpriority=\"low\" loading=\"lazy\" decoding=\"async\" itemprop=\"image\"  src=\"https:\/\/www.europesays.com\/no\/wp-content\/uploads\/2025\/11\/1762858164_989_3a48a883-d93f-48c4-8078-cc59876bbb5b\"  width=\"480\"\/><\/a><\/li>\n<li><a class=\"_link_18f0k_116\" href=\"https:\/\/www.vg.no\/forfatter\/ntb\" style=\"z-index:1\" title=\"NTB\" rel=\"nofollow noopener\" target=\"_blank\"><img alt=\"Bilde av NTB\" class=\"_image_18f0k_93\" fetchpriority=\"low\" loading=\"lazy\" decoding=\"async\" itemprop=\"image\"  src=\"https:\/\/www.europesays.com\/no\/wp-content\/uploads\/2025\/11\/1762858166_450_c33980b0-5d07-4027-84a1-813f90a7c8d6\"  width=\"480\"\/><\/a><\/li>\n<\/ul>\n<p> Oppdatert tirsdag 11. november kl. 11:23    <\/p>\n<ul class=\"_list_o9xde_3 _list_64s2r_85 _unordered_o9xde_106 text-sans-m\">\n<li class=\"_item_o9xde_30\">Statsforvalteren i Rogaland \u00e5pner tilsyn etter at en 3-\u00e5ring d\u00f8de p\u00e5 legevakt i september.<\/li>\n<li class=\"_item_o9xde_30\">Politiet ble umiddelbart informert om d\u00f8dsfallet.<\/li>\n<li class=\"_item_o9xde_30\">De har avh\u00f8rt vitner og innhentet journaldokumentasjon.<\/li>\n<li class=\"_item_o9xde_30\">Barnets foreldre er lettet over at det er opprettet en tilsynssak.<\/li>\n<\/ul>\n<p>Vis mer <\/p>\n<p class=\"_paragraph_o9xde_4 _paragraph_xtcu6_10 layout-component text-serif-m layout-normal text-serif-m layout-padded\"> \u2013 Det var en alvorlig hendelse hvor et barn d\u00f8de. Saken ble rutinemessig meldt inn til Helsetilsynet og til politiet, sier helse- og omsorgssjef i den aktuelle kommunen til <a href=\"https:\/\/www.nrk.no\/rogaland\/statsforvalteren-i-rogaland-apner-tilsyn-etter-at-3-aring-dode-pa-legevakten-1.17647070\" class=\"_link_o9xde_39\" rel=\"nofollow noopener\" target=\"_blank\">NRK<\/a>.<\/p>\n<p class=\"_paragraph_o9xde_4 _paragraph_xtcu6_10 layout-component text-serif-m layout-normal text-serif-m layout-padded\">Han vil ikke si noe mer om saken p\u00e5 n\u00e5v\u00e6rende tidspunkt.<\/p>\n<p class=\"_paragraph_o9xde_4 _paragraph_xtcu6_10 layout-component text-serif-m layout-normal text-serif-m layout-padded\">Fylkeslege Andres Neset i <a href=\"https:\/\/www.vg.no\/tag\/rogaland?utm_source=vg-article&amp;utm_medium=auto-tagger&amp;utm_campaign=0VwqqA\" class=\"_link_o9xde_39\" rel=\"nofollow noopener\" target=\"_blank\">Rogaland<\/a> bekrefter overfor NRK at Statsforvalteren \u00e5pner tilsyn.<\/p>\n<p> Politiet har bedt om r\u00e5d<\/p>\n<p class=\"_paragraph_o9xde_4 _paragraph_xtcu6_10 layout-component text-serif-m layout-normal text-serif-m layout-padded\">P\u00e5taleansvarlig \u00d8yvind Bore bekrefter at politiet fikk umiddelbart underretning om d\u00f8dsfallet, og at en unders\u00f8kelsessak ble opprettet med det samme.<\/p>\n<p class=\"_paragraph_o9xde_4 _paragraph_xtcu6_10 layout-component text-serif-m layout-normal text-serif-m layout-padded\">\u2013 Vi har avh\u00f8rt vitner og innhentet en del journaldokumentasjon, sier Bore til VG.<\/p>\n<p><img decoding=\"async\" alt=\"Bilde av \u00d8yvind Bore\" class=\"_image_ygndg_42\" height=\"87\" itemprop=\"image\" loading=\"lazy\"  src=\"https:\/\/www.europesays.com\/no\/wp-content\/uploads\/2025\/11\/54badc65-8364-4ed6-a9ec-ae4785af8f6b\"  width=\"40\"\/><strong class=\"_name_ygndg_51 title-serif-xs\">\u00d8yvind Bore<\/strong><\/p>\n<p class=\"_paragraph_o9xde_4 text-sans-m _description_ygndg_56\">P\u00e5taleansvarlig, S\u00f8r-Vest politidistrikt<\/p>\n<p class=\"_paragraph_o9xde_4 _paragraph_xtcu6_10 layout-component text-serif-m layout-normal text-serif-m layout-padded\">Han understreker at de ikke kan g\u00e5 inn i sakens detaljer, men at det dreier seg om et sm\u00e5barn som d\u00f8r i forbindelse med kontakt i legevakten.<\/p>\n<p class=\"_paragraph_o9xde_4 _paragraph_xtcu6_10 layout-component text-serif-m layout-normal text-serif-m layout-padded\"><strong class=\"_strong_o9xde_25\">\u2013 Det er en tragisk hendelse, sier Bore.<\/strong><\/p>\n<p class=\"_paragraph_o9xde_4 _paragraph_xtcu6_10 layout-component text-serif-m layout-normal text-serif-m layout-padded\">Politiet bedt om r\u00e5d fra Statsforvalteren i Rogaland i forbindelse med vurderingen om \u00e5 fortsette etterforskningen.<\/p>\n<p class=\"_paragraph_o9xde_4 _paragraph_xtcu6_10 layout-component text-serif-m layout-normal text-serif-m layout-padded\">De har ikke f\u00e5tt svar enn\u00e5.<\/p>\n<p class=\"_paragraph_o9xde_4 _paragraph_xtcu6_10 layout-component text-serif-m layout-normal text-serif-m layout-padded\">\u2013 Svaret vil v\u00e6re en del av grunnlaget for vurderingen av videre etterforskning, forklarer p\u00e5taleansvarlig.<\/p>\n<p> \u2013 Veldig lettet<\/p>\n<p class=\"_paragraph_o9xde_4 _paragraph_xtcu6_10 layout-component text-serif-m layout-normal text-serif-m layout-padded\">Sverre Hetland er bistandsadvokat for barnets foreldre. Han forteller at de har hatt det sv\u00e6rt t\u00f8ft, men han \u00f8nsker ikke \u00e5 kommentere hendelsesforl\u00f8pet. <\/p>\n<p class=\"_paragraph_o9xde_4 _paragraph_xtcu6_10 layout-component text-serif-m layout-normal text-serif-m layout-padded\">\u2013 Det jeg kan si, er at de n\u00e5 er veldig lettet over at det er opprettet en tilsynssak, sier han til NRK.<\/p>\n<p><img decoding=\"async\" alt=\"Bilde av Sverre Hetland\" class=\"_image_ygndg_42\" height=\"27\" itemprop=\"image\" loading=\"lazy\"  src=\"https:\/\/www.europesays.com\/no\/wp-content\/uploads\/2025\/11\/daddcfa2-2e61-470a-b6bb-79fe0dde3310\"  width=\"40\"\/><strong class=\"_name_ygndg_51 title-serif-xs\">Sverre Hetland<\/strong><\/p>\n<p class=\"_paragraph_o9xde_4 text-sans-m _description_ygndg_56\">Bistandsadvokat<\/p>\n<p class=\"_paragraph_o9xde_4 _paragraph_xtcu6_10 layout-component text-serif-m layout-normal text-serif-m layout-padded\">\u2013 Det er vanskelig \u00e5 tenke seg en st\u00f8rre tragedie som kan ramme foreldre. Det er vanskelig \u00e5 fokusere p\u00e5 andre ting enn den sorgen de st\u00e5r i, sier han videre til rikskringkasteren.<\/p>\n<p>    <img decoding=\"async\" alt=\"Tips oss illustrasjon\" src=\"https:\/\/www.europesays.com\/no\/wp-content\/uploads\/2025\/10\/pssst-small.webp.webp\"\/>    <\/p>\n<p class=\"title-serif-s\">Har du tips?<\/p>\n<p class=\"text-sans-m\">Send oss informasjon, bilder eller video.<\/p>\n<p>  <a href=\"https:\/\/www.vg.no\/tips-oss\" rel=\"nofollow noopener\" target=\"_blank\"> Tips oss <\/a>      <\/p>\n","protected":false},"excerpt":{"rendered":"Statsforvalteren i Rogaland \u00e5pner tilsyn etter at 3-\u00e5ring i midten av september d\u00f8de p\u00e5 en legevakt i Rogaland.&hellip;\n","protected":false},"author":2,"featured_media":84095,"comment_status":"","ping_status":"","sticky":false,"template":"","format":"standard","meta":{"footnotes":""},"categories":[10],"tags":[20,21,24,25,15,22,23,13,30,28,29,14,16,468,536,11268,26,27],"class_list":{"0":"post-84094","1":"post","2":"type-post","3":"status-publish","4":"format-standard","5":"has-post-thumbnail","7":"category-norge","8":"tag-breaking-news","9":"tag-breakingnews","10":"tag-featured-news","11":"tag-featurednews","12":"tag-headlines","13":"tag-latest-news","14":"tag-latestnews","15":"tag-news","16":"tag-no","17":"tag-norge","18":"tag-norway","19":"tag-nyheter","20":"tag-overskrifter","21":"tag-politiet","22":"tag-rogaland","23":"tag-statsforvalteren-i-rogaland","24":"tag-top-stories","25":"tag-topstories"},"share_on_mastodon":{"url":"https:\/\/pubeurope.com\/@no\/115530679228495362","error":""},"_links":{"self":[{"href":"https:\/\/www.europesays.com\/no\/wp-json\/wp\/v2\/posts\/84094","targetHints":{"allow":["GET"]}}],"collection":[{"href":"https:\/\/www.europesays.com\/no\/wp-json\/wp\/v2\/posts"}],"about":[{"href":"https:\/\/www.europesays.com\/no\/wp-json\/wp\/v2\/types\/post"}],"author":[{"embeddable":true,"href":"https:\/\/www.europesays.com\/no\/wp-json\/wp\/v2\/users\/2"}],"replies":[{"embeddable":true,"href":"https:\/\/www.europesays.com\/no\/wp-json\/wp\/v2\/comments?post=84094"}],"version-history":[{"count":0,"href":"https:\/\/www.europesays.com\/no\/wp-json\/wp\/v2\/posts\/84094\/revisions"}],"wp:featuredmedia":[{"embeddable":true,"href":"https:\/\/www.europesays.com\/no\/wp-json\/wp\/v2\/media\/84095"}],"wp:attachment":[{"href":"https:\/\/www.europesays.com\/no\/wp-json\/wp\/v2\/media?parent=84094"}],"wp:term":[{"taxonomy":"category","embeddable":true,"href":"https:\/\/www.europesays.com\/no\/wp-json\/wp\/v2\/categories?post=84094"},{"taxonomy":"post_tag","embeddable":true,"href":"https:\/\/www.europesays.com\/no\/wp-json\/wp\/v2\/tags?post=84094"}],"curies":[{"name":"wp","href":"https:\/\/api.w.org\/{rel}","templated":true}]}}