{"id":84105,"date":"2025-11-11T11:19:10","date_gmt":"2025-11-11T11:19:10","guid":{"rendered":"https:\/\/www.europesays.com\/no\/84105\/"},"modified":"2025-11-11T11:19:10","modified_gmt":"2025-11-11T11:19:10","slug":"vaer-hamar-na-snur-det-vi-far-en-mer-vinterlig-vaertype","status":"publish","type":"post","link":"https:\/\/www.europesays.com\/no\/84105\/","title":{"rendered":"V\u00e6r, Hamar | N\u00e5 snur det: \u2013 Vi f\u00e5r en mer vinterlig v\u00e6rtype"},"content":{"rendered":"\n<p>S\u00e5 langt har november v\u00e6rt uvanlig mild, med temperaturer p\u00e5 opp mot 10 plussgrader.<\/p>\n<p>Men straks snur det \u2013 og vinteren er p\u00e5 veg til S\u00f8r-Norge.<\/p>\n<p>Vakthavende meteorolog Terje Alsvik Wall\u00f8e sier til HA at vi g\u00e5r langsomt mot en mer kj\u00f8ligere v\u00e6rtype.<\/p>\n<p>Mens tirsdag og onsdag blir lett gjenkjennelige dager, med mildt og gr\u00e5tt v\u00e6r, endrer v\u00e6ret og temperaturen seg p\u00e5 torsdag.<\/p>\n<p>\u2013 Trenden er at det blir enda litt kaldere, og vi f\u00e5r den kaldeste perioden s\u00e5 langt i sesongen, sier han.<\/p>\n<p>Merkbart kj\u00f8ligere v\u00e6rtype<\/p>\n<p>If\u00f8lge Wall\u00f8e begynner luften \u00e5 bli kj\u00f8ligere allerede etter i morgen.<\/p>\n<p>\u2013 Man vil merke at temperaturen g\u00e5r litt nedover. Det blir ganske fint v\u00e6r fra torsdag og utover, men med en merkbart kj\u00f8ligere v\u00e6rtype, sier meteorologen.<\/p>\n<p>I helgen vil nattetemperaturen falle til minussiden av gradestokken. Neste uke kan ogs\u00e5 temperaturen p\u00e5 dagtid havne p\u00e5 minussiden.<\/p>\n<p>\u2013 Hva er det som gj\u00f8r at v\u00e6ret plutselig blir kj\u00f8ligere n\u00e5?<\/p>\n<p>\u2013 Det er fordi vindretningen endrer seg. Akkurat n\u00e5 har vi mild luft fra s\u00f8r, men p\u00e5 torsdag snur vindretningen slik at den kommer fra nordvest. Da blir S\u00f8r-Norge kaldere, forklarer Wall\u00f8e.<\/p>\n<p>\u2013 Kan fort bli sn\u00f8<\/p>\n<p>Meteorologen er ogs\u00e5 spent p\u00e5 om det kommer sn\u00f8 p\u00e5 Hedmarken neste uke.<\/p>\n<p>Det er ikke meldt s\u00e6rlig mye nedb\u00f8r, men hvis det skulle komme \u2013 kan det hende det kommer som hvite fnugg.<\/p>\n<p>\u2013 Skulle det komme nedb\u00f8r neste uke, kan det fort bli sn\u00f8. Det er fortsatt litt usikkert, men mer vinterlig v\u00e6rtype blir det, fastsl\u00e5r Wall\u00f8e.<\/p>\n<p>Han legger ogs\u00e5 til at det blir s\u00e6rlig kaldt i fjellet neste uke.<\/p>\n<p>\u2013 Det blir ganske mange minusgrader i fjellet, s\u00e5 hvis man skal p\u00e5 fjelltur m\u00e5 man kle seg godt.<\/p>\n<p>V\u00e6rmeldingen for Hamar de neste ti dagene viser at temperaturen faller ganske raskt:<\/p>\n","protected":false},"excerpt":{"rendered":"S\u00e5 langt har november v\u00e6rt uvanlig mild, med temperaturer p\u00e5 opp mot 10 plussgrader. Men straks snur det&hellip;\n","protected":false},"author":2,"featured_media":84106,"comment_status":"","ping_status":"","sticky":false,"template":"","format":"standard","meta":{"footnotes":""},"categories":[10],"tags":[36,20,21,24,25,1552,15,22,23,1272,13,30,28,29,14,16,1435,1551,1510,26,27,553],"class_list":{"0":"post-84105","1":"post","2":"type-post","3":"status-publish","4":"format-standard","5":"has-post-thumbnail","7":"category-norge","8":"tag-art","9":"tag-breaking-news","10":"tag-breakingnews","11":"tag-featured-news","12":"tag-featurednews","13":"tag-hamar","14":"tag-headlines","15":"tag-latest-news","16":"tag-latestnews","17":"tag-loten","18":"tag-news","19":"tag-no","20":"tag-norge","21":"tag-norway","22":"tag-nyheter","23":"tag-overskrifter","24":"tag-ringsaker","25":"tag-stange","26":"tag-story","27":"tag-top-stories","28":"tag-topstories","29":"tag-vaer"},"share_on_mastodon":{"url":"https:\/\/pubeurope.com\/@no\/115530797110703979","error":""},"_links":{"self":[{"href":"https:\/\/www.europesays.com\/no\/wp-json\/wp\/v2\/posts\/84105","targetHints":{"allow":["GET"]}}],"collection":[{"href":"https:\/\/www.europesays.com\/no\/wp-json\/wp\/v2\/posts"}],"about":[{"href":"https:\/\/www.europesays.com\/no\/wp-json\/wp\/v2\/types\/post"}],"author":[{"embeddable":true,"href":"https:\/\/www.europesays.com\/no\/wp-json\/wp\/v2\/users\/2"}],"replies":[{"embeddable":true,"href":"https:\/\/www.europesays.com\/no\/wp-json\/wp\/v2\/comments?post=84105"}],"version-history":[{"count":0,"href":"https:\/\/www.europesays.com\/no\/wp-json\/wp\/v2\/posts\/84105\/revisions"}],"wp:featuredmedia":[{"embeddable":true,"href":"https:\/\/www.europesays.com\/no\/wp-json\/wp\/v2\/media\/84106"}],"wp:attachment":[{"href":"https:\/\/www.europesays.com\/no\/wp-json\/wp\/v2\/media?parent=84105"}],"wp:term":[{"taxonomy":"category","embeddable":true,"href":"https:\/\/www.europesays.com\/no\/wp-json\/wp\/v2\/categories?post=84105"},{"taxonomy":"post_tag","embeddable":true,"href":"https:\/\/www.europesays.com\/no\/wp-json\/wp\/v2\/tags?post=84105"}],"curies":[{"name":"wp","href":"https:\/\/api.w.org\/{rel}","templated":true}]}}