{"id":84119,"date":"2025-11-11T11:37:10","date_gmt":"2025-11-11T11:37:10","guid":{"rendered":"https:\/\/www.europesays.com\/no\/84119\/"},"modified":"2025-11-11T11:37:10","modified_gmt":"2025-11-11T11:37:10","slug":"nrk-avkrefter-rykter-om-kjendisene-i-a-laget-og-pizzaspising","status":"publish","type":"post","link":"https:\/\/www.europesays.com\/no\/84119\/","title":{"rendered":"NRK avkrefter rykter om kjendisene i \u00abA-laget\u00bb og pizzaspising"},"content":{"rendered":"<p class=\"kicker \" style=\"\">\u00abA-laget\u00bb:<\/p>\n<p>  Flere stusser p\u00e5 hvorfor kjendisene ikke spiser pizza sammen med reporterne i \u00abA-laget\u00bb.<\/p>\n<p>\n    PIZZA-ENTUSIAST: Gustav Magnar Witz\u00f8e spurte om han kunne spise med \u00abA-laget\u00bb-gjengen etter at innspillingen var ferdig, til reporternes store glede. Foto: NRK\n  <\/p>\n<p>NRKs \u00abA-laget\u00bb samlet over en millioner seere i f\u00f8rste sesong, og det ble derfor raskt avklart at det ville komme en sesong to. F\u00f8rste episode av den andre sesongen ble sluppet 1. oktober, hvor det var fotballstjerna Erling Braut Haaland (25) som ble stilt til veggs.\u00a0<\/p>\n<p>        SETTES UT: Erling Braut Haaland \u00e5pner seg i NRK-suksessen A-Laget. Men en ting holder han hemmelig. Video: Monster\/NRK, Skingen\/Dagbladet TV-sporten<\/p>\n<p>Seks av \u00e5rets \u00e5tte episoder er sluppet, og forel\u00f8pig har gjengen i \u00abA-laget\u00bb intervjuet influenser Sophie Elise Isachsen (30), komiker Atle Antonsen (56), musiker Chirag Patel (41), skuespiller Henriette Steenstrup (51) og laksearving Gustav Magnar Witz\u00f8e (32).\u00a0<\/p>\n<p>    <a itemprop=\"url\" href=\"https:\/\/www.dagbladet.no\/kjendis\/fikk-sjokkbeskjeden-ved-middagsbordet\/83776250\" rel=\"nofollow noopener\" target=\"_blank\"><\/p>\n<p>      <img loading=\"lazy\" decoding=\"async\" src=\"https:\/\/www.europesays.com\/no\/wp-content\/uploads\/2025\/11\/83779788.webp\" width=\"980\" height=\"441\" title=\"Fikk sjokkbeskjeden ved middagsbordet\" alt=\"\" class=\"lazyload\" style=\"--aspect-ratio-image: 2.22; \"\/><\/p>\n<p>        Fikk sjokkbeskjeden ved middagsbordet<\/p>\n<p>    <\/a><\/p>\n<p>Etter innspillingen av hver episode spiser reporterne pizza sammen. Dette er noe flere av kjendisene er klare over, ettersom man kan h\u00f8re dem \u00f8nske gjengen \u00abgod pizza\u00bb i slutten av episodene.\u00a0<\/p>\n<p>        OVERRASKER: Norges rikeste, Gustav Witz\u00f8e, gjester \u00abA-laget\u00bb, og overrasker reporterne med en intim sp\u00f8k. Video: NRK TV\/ R\u00f8d L\u00f8per<\/p>\n<p class=\"font-weight-bold m-font-weight-bold\" data-lab-font_weight=\"font-weight-bold\">Witz\u00f8e valgte imidlertid \u00e5 sp\u00f8rre om han fikk lov til \u00e5 v\u00e6re med p\u00e5 pizzaspisingen, til full jubel fra reporterne.<\/p>\n<p>&#8211; Du er den f\u00f8rste gjesten som blir med og spiser pizza, f\u00e5r Witz\u00f8e h\u00f8re.\u00a0<\/p>\n<p>          <img loading=\"lazy\" decoding=\"async\" src=\"https:\/\/www.europesays.com\/no\/wp-content\/uploads\/2025\/11\/83826515.webp\" width=\"686\" height=\"398\" title=\"APPLAUS: Reporterne br\u00f8t ut i jubel da Witz\u00f8e spurte om han kunne bli med p\u00e5 pizza. Foto: NRK TV\" alt=\"\" class=\"\" style=\"--aspect-ratio-image: 1.72; \"\/><\/p>\n<p>\n          APPLAUS: Reporterne br\u00f8t ut i jubel da Witz\u00f8e spurte om han kunne bli med p\u00e5 pizza. Foto: NRK TV\n      <\/p>\n<p>Sp\u00f8rsm\u00e5let fra laksearvingen har skapt reaksjoner i sosiale medier. Flere har uttrykt skuffelse overfor kjendisene som ikke blir med p\u00e5 pizzaen.\u00a0<\/p>\n<p class=\"font-weight-bold m-font-weight-bold\" data-lab-font_weight=\"font-weight-bold\">Dagbladet spurte derfor NRK om det faktisk er slik at kjendisgjestene har takket nei til pizzainvitasjoner.<\/p>\n<p>    <a itemprop=\"url\" href=\"https:\/\/www.dagbladet.no\/kjendis\/full-av-skam\/83722275\" rel=\"nofollow noopener\" target=\"_blank\"><\/p>\n<p>      <img loading=\"lazy\" decoding=\"async\" src=\"https:\/\/www.europesays.com\/no\/wp-content\/uploads\/2025\/11\/83722987.webp\" width=\"980\" height=\"441\" title=\"- Full av skam\" alt=\"\" class=\"lazyload\" style=\"--aspect-ratio-image: 2.22; \"\/><\/p>\n<p>        &#8211; Full av skam<\/p>\n<p>    <\/a><\/p>\n<p>NRK avkrefter dette.<\/p>\n<p>&#8211; Ingen av gjestene p\u00e5 \u00abA-laget\u00bb har blitt invitert p\u00e5 pizza.\u00a0Opptakene til hver episode tar tre timer, og n\u00e5r intervjuet er ferdig spiser reporterne pizza og slapper av, sier eksekutiv produsent Marie Sjo.\u00a0<\/p>\n<p>        AVSL\u00d8RER: Henriette Steenstrup setter ut reporterne i \u00abA-laget\u00bb med en historie fra barndommen. Video: NRK \/ R\u00f8d L\u00f8per<\/p>\n<p>Det ligger alts\u00e5 ingenting dypere bak det at Witz\u00f8e var den f\u00f8rste, og tilsynelatende eneste, som ble med p\u00e5 det sosiale.\u00a0<\/p>\n<p>&#8211; Det var en tilfeldighet at Gustav Witz\u00f8e ble med p\u00e5 det, og det var selvf\u00f8lgelig bare hyggelig, sier Sjo.\u00a0<\/p>\n<p class=\"italic m-italic\" data-lab-italic=\"italic\">Gustav Magnar Witz\u00f8e har ikke svart p\u00e5 Se og H\u00f8rs henvendelse.<\/p>\n","protected":false},"excerpt":{"rendered":"\u00abA-laget\u00bb: Flere stusser p\u00e5 hvorfor kjendisene ikke spiser pizza sammen med reporterne i \u00abA-laget\u00bb. PIZZA-ENTUSIAST: Gustav Magnar Witz\u00f8e&hellip;\n","protected":false},"author":2,"featured_media":84120,"comment_status":"","ping_status":"","sticky":false,"template":"","format":"standard","meta":{"footnotes":""},"categories":[58],"tags":[5368,2782,71,810,7016,11271,7681,479,30,28,29,1444,72],"class_list":{"0":"post-84119","1":"post","2":"type-post","3":"status-publish","4":"format-standard","5":"has-post-thumbnail","7":"category-underholdning","8":"tag-a-laget","9":"tag-atle-antonsen","10":"tag-entertainment","11":"tag-erling-braut-haaland","12":"tag-gustav-magnar-witzoe","13":"tag-gustav-witzoe","14":"tag-henriette-steenstrup","15":"tag-kjendis","16":"tag-no","17":"tag-norge","18":"tag-norway","19":"tag-sophie-elise-isachsen","20":"tag-underholdning"},"share_on_mastodon":{"url":"https:\/\/pubeurope.com\/@no\/115530867968434432","error":""},"_links":{"self":[{"href":"https:\/\/www.europesays.com\/no\/wp-json\/wp\/v2\/posts\/84119","targetHints":{"allow":["GET"]}}],"collection":[{"href":"https:\/\/www.europesays.com\/no\/wp-json\/wp\/v2\/posts"}],"about":[{"href":"https:\/\/www.europesays.com\/no\/wp-json\/wp\/v2\/types\/post"}],"author":[{"embeddable":true,"href":"https:\/\/www.europesays.com\/no\/wp-json\/wp\/v2\/users\/2"}],"replies":[{"embeddable":true,"href":"https:\/\/www.europesays.com\/no\/wp-json\/wp\/v2\/comments?post=84119"}],"version-history":[{"count":0,"href":"https:\/\/www.europesays.com\/no\/wp-json\/wp\/v2\/posts\/84119\/revisions"}],"wp:featuredmedia":[{"embeddable":true,"href":"https:\/\/www.europesays.com\/no\/wp-json\/wp\/v2\/media\/84120"}],"wp:attachment":[{"href":"https:\/\/www.europesays.com\/no\/wp-json\/wp\/v2\/media?parent=84119"}],"wp:term":[{"taxonomy":"category","embeddable":true,"href":"https:\/\/www.europesays.com\/no\/wp-json\/wp\/v2\/categories?post=84119"},{"taxonomy":"post_tag","embeddable":true,"href":"https:\/\/www.europesays.com\/no\/wp-json\/wp\/v2\/tags?post=84119"}],"curies":[{"name":"wp","href":"https:\/\/api.w.org\/{rel}","templated":true}]}}