{"id":84144,"date":"2025-11-11T12:05:12","date_gmt":"2025-11-11T12:05:12","guid":{"rendered":"https:\/\/www.europesays.com\/no\/84144\/"},"modified":"2025-11-11T12:05:12","modified_gmt":"2025-11-11T12:05:12","slug":"deloitte-naeringsliv-deloitte-kutter-opptil-100-ansatte","status":"publish","type":"post","link":"https:\/\/www.europesays.com\/no\/84144\/","title":{"rendered":"Deloitte, N\u00e6ringsliv | Deloitte kutter opptil 100 ansatte"},"content":{"rendered":"\n<p>Deloitte Norge gjennomf\u00f8rer endringer for \u00e5 ruste selskapet for fremtiden, og reduserer antall ansatte, skriver selskapet i en pressemelding mandag.<\/p>\n<p>Dette skjer som f\u00f8lge av endringer i marked og ettersp\u00f8rsel, i tillegg til endringer i organisasjonen, opplyses det.<\/p>\n<p>\u2013 Overkapasitet<\/p>\n<p>Sjefen, Cecilia Flatum, forteller at nedbemanningen kan ramme opptil 100 ansatte. Det forklares med overkapasitet og bortfall av oppgaver.<\/p>\n<p>\u2013 Beslutningen om nedbemanning er en av de vanskeligste avgj\u00f8relsene vi har tatt, og en veldig lei beskjed \u00e5 gi til gode kollegaer, opplyser hun.<\/p>\n<p>I Bergen har Deloitte cirka 220 ansatte. Mandag morgen ble de informert om at inntil 20 personer vil innkalt til dr\u00f8ftelsesm\u00f8ter, opplyser kommunikasjonssjef Charlotte Faarlund Gundhus til BA.<\/p>\n<p>Tilbys sluttpakker<\/p>\n<p>Selskapet opplyser \u00e5 ha 1750 ansatte p\u00e5 de fire kontorene i Norge. Slankingen av staben utgj\u00f8r seks prosent, dersom den gjennomf\u00f8res med skissert omfang.<\/p>\n<p>De ber\u00f8rte tilbys sluttpakker og st\u00f8tteordninger.<\/p>\n<p>\u2013 V\u00e5r prioritet er \u00e5 ivareta de ansatte gjennom hele prosessen, forteller Flatum.<\/p>\n","protected":false},"excerpt":{"rendered":"Deloitte Norge gjennomf\u00f8rer endringer for \u00e5 ruste selskapet for fremtiden, og reduserer antall ansatte, skriver selskapet i en&hellip;\n","protected":false},"author":2,"featured_media":84145,"comment_status":"","ping_status":"","sticky":false,"template":"","format":"standard","meta":{"footnotes":""},"categories":[56],"tags":[36,444,60,11273,61,62,30,28,29,14,1510],"class_list":{"0":"post-84144","1":"post","2":"type-post","3":"status-publish","4":"format-standard","5":"has-post-thumbnail","7":"category-naeringsliv","8":"tag-art","9":"tag-bergen","10":"tag-business","11":"tag-deloitte","12":"tag-economy","13":"tag-naeringsliv","14":"tag-no","15":"tag-norge","16":"tag-norway","17":"tag-nyheter","18":"tag-story"},"share_on_mastodon":{"url":"https:\/\/pubeurope.com\/@no\/115530977983287211","error":""},"_links":{"self":[{"href":"https:\/\/www.europesays.com\/no\/wp-json\/wp\/v2\/posts\/84144","targetHints":{"allow":["GET"]}}],"collection":[{"href":"https:\/\/www.europesays.com\/no\/wp-json\/wp\/v2\/posts"}],"about":[{"href":"https:\/\/www.europesays.com\/no\/wp-json\/wp\/v2\/types\/post"}],"author":[{"embeddable":true,"href":"https:\/\/www.europesays.com\/no\/wp-json\/wp\/v2\/users\/2"}],"replies":[{"embeddable":true,"href":"https:\/\/www.europesays.com\/no\/wp-json\/wp\/v2\/comments?post=84144"}],"version-history":[{"count":0,"href":"https:\/\/www.europesays.com\/no\/wp-json\/wp\/v2\/posts\/84144\/revisions"}],"wp:featuredmedia":[{"embeddable":true,"href":"https:\/\/www.europesays.com\/no\/wp-json\/wp\/v2\/media\/84145"}],"wp:attachment":[{"href":"https:\/\/www.europesays.com\/no\/wp-json\/wp\/v2\/media?parent=84144"}],"wp:term":[{"taxonomy":"category","embeddable":true,"href":"https:\/\/www.europesays.com\/no\/wp-json\/wp\/v2\/categories?post=84144"},{"taxonomy":"post_tag","embeddable":true,"href":"https:\/\/www.europesays.com\/no\/wp-json\/wp\/v2\/tags?post=84144"}],"curies":[{"name":"wp","href":"https:\/\/api.w.org\/{rel}","templated":true}]}}