{"id":84220,"date":"2025-11-11T13:23:13","date_gmt":"2025-11-11T13:23:13","guid":{"rendered":"https:\/\/www.europesays.com\/no\/84220\/"},"modified":"2025-11-11T13:23:13","modified_gmt":"2025-11-11T13:23:13","slug":"svanoy-kulturlaven-innegubbe-tek-turen-ut-til-svanoy-til-sommaren","status":"publish","type":"post","link":"https:\/\/www.europesays.com\/no\/84220\/","title":{"rendered":"Svan\u00f8y, Kulturl\u00e5ven | Innegubbe tek turen ut til Svan\u00f8y til sommaren"},"content":{"rendered":"\n<p>Sommarkonsertene i Kulturl\u00e5ven p\u00e5 Svan\u00f8y har blitt eit sv\u00e6rt popul\u00e6rt innslag i sommarens kulturmeny i Kinn. I fjor sette Kari Bremnes ny tilskodarrekord d\u00e5 ho spelte b\u00e5de fredag og laurdag. Den rekorden h\u00e5per Ola Teigen dei kan sl\u00e5 i 2026.<\/p>\n<p>Fredag st\u00e5r nemleg innegubben sj\u00f8lv, Stein Torleif Bjella, p\u00e5 scena.<\/p>\n<p><b>\u2013 Bjella er det mange som har hatt ynskje om \u00e5 sj\u00e5 p\u00e5 Kulturl\u00e5ven, s\u00e5 vi har jobba ei stund med \u00e5 f\u00e5 han hit. Heldigivis fekk vi det til, seier Teigen. <\/b><\/p>\n<p>Tilbake til r\u00f8tene<\/p>\n<p>Ola Teigen er styreleiar i Svan\u00f8ystifinga, og han gjer eit poeng av at med Bjella p\u00e5 plakaten har dei teke det heilt tilbake til r\u00f8tene.<\/p>\n<p>\u2013 Bjella kjem fr\u00e5 \u00c5l i Hallingdal, nett som Ole Torjussen som i 1804 vart eigar av Svan\u00f8y Hovedg\u00e5rd. Dermed g\u00e5r r\u00f8tene tilbake til starten av Haugianar-perioden p\u00e5 Svan\u00f8y. Det synest eg er litt artig, str\u00e5lar styreleiaren.<\/p>\n<p>   <img decoding=\"async\" width=\"5315\" height=\"3543\" fetchpriority=\"low\"  loading=\"lazy\"  src=\"https:\/\/www.europesays.com\/no\/wp-content\/uploads\/2025\/11\/NTB_G0cxVZqKplE.jpg\" alt=\"Oslo 20200417. &#10;Musiker Stein Torleif Bjella har som alle andre kulturarbeidere avlyst alt av konserter p\u00e5 ubestemt tid. Likevel kommer Bjella ut med sitt nye album \" toneakademi=\"\" foto:=\"\" heiko=\"\" junge=\"\" ntb=\"\" class=\"brick-c-cFOWSL\" style=\"--brick-image-ratio: 5315 \/ 3543;\"\/><\/p>\n<p>      NASJONALSKATT: Stein Torleif Bjella har n\u00e6rast blitt ein nasjonalskatt dei siste \u00e5ra. No kjem han tilbake til Kinn for \u00e5 spele p\u00e5 Svan\u00f8y til sommaren.<br \/>\n      Foto: Heiko Junge\n    <\/p>\n<p>Bremnes sine konsertar representerte noko nytt for Sommarkonserten p\u00e5 Svan\u00f8y. I staden for den eine konserten p\u00e5 laurdag med full l\u00e5ve, var det to konsertar med f\u00e6rre folk men sitteplass til alle. Det var ein umiddelbar suksess.<\/p>\n<p>\u2013 Vi fekk sv\u00e6rt mange gode og eintydige tilbakmeldingar om at dette konseptet m\u00e5tte vi berre fortsette med. Eg meiner at Bjella er perfekt for det formatet.<\/p>\n<p>To konsertar<\/p>\n<p>Det blir med andre ord to konsertar p\u00e5 Svan\u00f8y sommaren 2026 og, men kven som vil st\u00e5 p\u00e5 scena p\u00e5 laurdagen er ikkje Teigen klar for \u00e5 fortelje heilt enno.<\/p>\n<p>\u2013 Det vert publisert snart. Eg trur nok mange vil gle seg ogs\u00e5 til den konserten!<\/p>\n<p>Teigen fortel at i 2026 blir det end\u00e5 meir kultur p\u00e5 Svan\u00f8y enn tidlegare \u00e5r. Konsertane er berre toppen av kransekaka.<\/p>\n<p>\u2013 Svan\u00f8yveka vert enno meir rikhaldig enn i \u00e5r. Richard og Adrian, gjestekokkane p\u00e5 Hovedg\u00e5rden, sit og lagar meny for sommaren alt no og det m\u00e5 til, for bookingane har alt byrja \u00e5 kome inn. Det er fleire som har bestilt b\u00e5de bord og overnatting, s\u00e5 her m\u00e5 vi berre f\u00e5 systema p\u00e5 plass.<\/p>\n<p>\u2013 N\u00e5r blir konsertbillettane lagt ut?<\/p>\n<p>\u2013 Dei er allereie tilgjengelege p\u00e5 TicketCo. Den perfekte juelg\u00e5va, sp\u00f8r du meg!<\/p>\n","protected":false},"excerpt":{"rendered":"Sommarkonsertene i Kulturl\u00e5ven p\u00e5 Svan\u00f8y har blitt eit sv\u00e6rt popul\u00e6rt innslag i sommarens kulturmeny i Kinn. I fjor&hellip;\n","protected":false},"author":2,"featured_media":84221,"comment_status":"","ping_status":"","sticky":false,"template":"","format":"standard","meta":{"footnotes":""},"categories":[58],"tags":[36,71,410,11277,221,30,28,29,7279,1510,11276,72],"class_list":{"0":"post-84220","1":"post","2":"type-post","3":"status-publish","4":"format-standard","5":"has-post-thumbnail","7":"category-underholdning","8":"tag-art","9":"tag-entertainment","10":"tag-kultur","11":"tag-kulturlaven","12":"tag-musikk","13":"tag-no","14":"tag-norge","15":"tag-norway","16":"tag-stein-torleif-bjella","17":"tag-story","18":"tag-svanoy","19":"tag-underholdning"},"share_on_mastodon":{"url":"https:\/\/pubeurope.com\/@no\/115531284780840580","error":""},"_links":{"self":[{"href":"https:\/\/www.europesays.com\/no\/wp-json\/wp\/v2\/posts\/84220","targetHints":{"allow":["GET"]}}],"collection":[{"href":"https:\/\/www.europesays.com\/no\/wp-json\/wp\/v2\/posts"}],"about":[{"href":"https:\/\/www.europesays.com\/no\/wp-json\/wp\/v2\/types\/post"}],"author":[{"embeddable":true,"href":"https:\/\/www.europesays.com\/no\/wp-json\/wp\/v2\/users\/2"}],"replies":[{"embeddable":true,"href":"https:\/\/www.europesays.com\/no\/wp-json\/wp\/v2\/comments?post=84220"}],"version-history":[{"count":0,"href":"https:\/\/www.europesays.com\/no\/wp-json\/wp\/v2\/posts\/84220\/revisions"}],"wp:featuredmedia":[{"embeddable":true,"href":"https:\/\/www.europesays.com\/no\/wp-json\/wp\/v2\/media\/84221"}],"wp:attachment":[{"href":"https:\/\/www.europesays.com\/no\/wp-json\/wp\/v2\/media?parent=84220"}],"wp:term":[{"taxonomy":"category","embeddable":true,"href":"https:\/\/www.europesays.com\/no\/wp-json\/wp\/v2\/categories?post=84220"},{"taxonomy":"post_tag","embeddable":true,"href":"https:\/\/www.europesays.com\/no\/wp-json\/wp\/v2\/tags?post=84220"}],"curies":[{"name":"wp","href":"https:\/\/api.w.org\/{rel}","templated":true}]}}