{"id":84225,"date":"2025-11-11T13:28:10","date_gmt":"2025-11-11T13:28:10","guid":{"rendered":"https:\/\/www.europesays.com\/no\/84225\/"},"modified":"2025-11-11T13:28:10","modified_gmt":"2025-11-11T13:28:10","slug":"trafikkmeldinger-farevarsel-regn-fryser-pa-bakken","status":"publish","type":"post","link":"https:\/\/www.europesays.com\/no\/84225\/","title":{"rendered":"Trafikkmeldinger, Farevarsel | Regn fryser p\u00e5 bakken"},"content":{"rendered":"\n<p>Meteorologisk Institutt har sendt ut gult farevarsel for glatte veien for deler av Helgeland og Nord-Tr\u00f8ndelag. For Helgeland gjelder det i hovedsak p\u00e5 s\u00f8rsiden av Ranfjorden og lokalt mest i Hemnes kommune.<\/p>\n<p>If\u00f8lge varselet gjelder det fra klokken 11.00 tirsdag til 07.00 onsdag morgen.<\/p>\n<p>Det er observert is og glatte kj\u00f8reforhold lokalt, p\u00e5 grunn av regn som fryser p\u00e5 bakken. Muligheten for regn som lokalt fryser p\u00e5 bakken vedvarer gjennom tirsdag og natt til onsdag.<\/p>\n<p>R\u00e5det fra meteorologene er f\u00f8lgende: Beregn ekstra tid til transport og kj\u00f8ring. Bruk riktige dekk og kj\u00f8r etter forholdene. F\u00f8lg utviklingen: F\u00f8lg med p\u00e5 oppdaterte farevarsler. Sjekk veimeldinger p\u00e5 vegvesen.no\/trafikk.<\/p>\n","protected":false},"excerpt":{"rendered":"Meteorologisk Institutt har sendt ut gult farevarsel for glatte veien for deler av Helgeland og Nord-Tr\u00f8ndelag. For Helgeland&hellip;\n","protected":false},"author":2,"featured_media":84226,"comment_status":"","ping_status":"","sticky":false,"template":"","format":"standard","meta":{"footnotes":""},"categories":[10],"tags":[36,20,21,102,24,25,15,2551,22,23,13,30,28,29,14,16,1510,26,27,665],"class_list":{"0":"post-84225","1":"post","2":"type-post","3":"status-publish","4":"format-standard","5":"has-post-thumbnail","7":"category-norge","8":"tag-art","9":"tag-breaking-news","10":"tag-breakingnews","11":"tag-farevarsel","12":"tag-featured-news","13":"tag-featurednews","14":"tag-headlines","15":"tag-helgeland","16":"tag-latest-news","17":"tag-latestnews","18":"tag-news","19":"tag-no","20":"tag-norge","21":"tag-norway","22":"tag-nyheter","23":"tag-overskrifter","24":"tag-story","25":"tag-top-stories","26":"tag-topstories","27":"tag-trafikkmeldinger"},"share_on_mastodon":{"url":"https:\/\/pubeurope.com\/@no\/115531304417330745","error":""},"_links":{"self":[{"href":"https:\/\/www.europesays.com\/no\/wp-json\/wp\/v2\/posts\/84225","targetHints":{"allow":["GET"]}}],"collection":[{"href":"https:\/\/www.europesays.com\/no\/wp-json\/wp\/v2\/posts"}],"about":[{"href":"https:\/\/www.europesays.com\/no\/wp-json\/wp\/v2\/types\/post"}],"author":[{"embeddable":true,"href":"https:\/\/www.europesays.com\/no\/wp-json\/wp\/v2\/users\/2"}],"replies":[{"embeddable":true,"href":"https:\/\/www.europesays.com\/no\/wp-json\/wp\/v2\/comments?post=84225"}],"version-history":[{"count":0,"href":"https:\/\/www.europesays.com\/no\/wp-json\/wp\/v2\/posts\/84225\/revisions"}],"wp:featuredmedia":[{"embeddable":true,"href":"https:\/\/www.europesays.com\/no\/wp-json\/wp\/v2\/media\/84226"}],"wp:attachment":[{"href":"https:\/\/www.europesays.com\/no\/wp-json\/wp\/v2\/media?parent=84225"}],"wp:term":[{"taxonomy":"category","embeddable":true,"href":"https:\/\/www.europesays.com\/no\/wp-json\/wp\/v2\/categories?post=84225"},{"taxonomy":"post_tag","embeddable":true,"href":"https:\/\/www.europesays.com\/no\/wp-json\/wp\/v2\/tags?post=84225"}],"curies":[{"name":"wp","href":"https:\/\/api.w.org\/{rel}","templated":true}]}}