{"id":84230,"date":"2025-11-11T13:36:31","date_gmt":"2025-11-11T13:36:31","guid":{"rendered":"https:\/\/www.europesays.com\/no\/84230\/"},"modified":"2025-11-11T13:36:31","modified_gmt":"2025-11-11T13:36:31","slug":"farevarsel-for-vind-og-regn-pa-kanarioyene","status":"publish","type":"post","link":"https:\/\/www.europesays.com\/no\/84230\/","title":{"rendered":"Farevarsel for vind og regn p\u00e5 Kanari\u00f8yene"},"content":{"rendered":"<p>Varselet kommer fra Spanias nasjonale, meteorologiske institutt, og gjelder fra klokken 12 p\u00e5 onsdag.<\/p>\n<p>Gult farevarsel for vind er utstedt for s\u00f8r-, \u00f8st- og vestsiden av Tenerife, hele La Gomera, \u00f8stsiden og fjellomr\u00e5der p\u00e5 La Palma, og hele El Hierro.<\/p>\n<p>Vindkastene kan komme opp i liten storm p\u00e5 det meste, if\u00f8lge varselet.<\/p>\n<p>Regnvarselet er ogs\u00e5 gult, og gjelder \u00f8st og i fjellomr\u00e5der p\u00e5 La Palma.<\/p>\n<p>Det kan komme over 20 millimeter nedb\u00f8r i l\u00f8pet av en time, melder Aemet.<\/p>\n<p>Et farevarsler fra Kanari\u00f8yenes direktorat for sikkerhet og beredskap for h\u00f8ye b\u00f8lger som ble aktivert forrige uke, er per mandag formiddag opprettholdt.<\/p>\n<p><strong>Skyer til og bl\u00e5ser opp<\/strong><\/p>\n<p>V\u00e6rmeldingen fra Aemet tilsier at det blir moderat vind med tidvis kraftige vindkast mandag og tirsdag, og vekslende skydekke eller overskyet v\u00e6r. Tirsdag kan det ogs\u00e5 komme lette regnbyger p\u00e5 de vestlige \u00f8yene, meldes det.<\/p>\n<p>Dagtemperaturer p\u00e5 20-23 grader er meldt.<\/p>\n<p>Onsdag kan det skye over og vil begynne \u00e5 regne p\u00e5 de vestlige \u00f8yene (Tenerife, La Gomera, La Palma og El Hierro) og s\u00f8rvest p\u00e5 Gran Canaria.<\/p>\n<p>Vinden fra s\u00f8rvest vil \u00f8ker p\u00e5 og blir sterk, if\u00f8lge Aemet.<\/p>\n<p><strong>Vind og regn p\u00e5 torsdag<\/strong><\/p>\n<p>For torsdag 13. november meldes generelt moderat nedb\u00f8r med utsikter for kraftige skurer lokalt, s\u00e6rlig s\u00f8r og vest p\u00e5 \u00f8yene.<\/p>\n<p>Sterk s\u00f8rvestlig vind meldes, som vil dreier mot vest utp\u00e5 dagen, med sv\u00e6rt kraftige vindkast i fjellomr\u00e5der, s\u00e6rlig i s\u00f8r\u00f8st og nordvest, samt i innlandet p\u00e5 Fuerteventura og Lanzarote.<\/p>\n<p>Mot slutten av dagen er det ventet at vinden vil dempe seg til moderat og dreie mot nordvest.<\/p>\n<p><strong>Pent v\u00e6r fra fredag av<\/strong><\/p>\n<p>Fra fredag av meldes lettere v\u00e6r med mer sol, temperaturer p\u00e5 22-24 grader, mindre skyer, mindre vind, og ingen utsikter for nedb\u00f8r.<\/p>\n<blockquote class=\"wp-block-quote\">\n<p>Bli privatsponsor du ogs\u00e5! Canariajournalen har valgt \u00e5 ha alt innhold utenfor betalingsmurer, og finansierer driften med annonser og privatsponsorer, uten abonnement eller pressest\u00f8tte. Det koster \u00e5 drive kvalitetsjournalistikk, og du kan hjelpe oss til \u00e5 bli enda bedre: Bli sponsor, Vipps eller Swish en valgfri slant med penger:\u00a0Vipps: 95 74 94 69. Swish: 070 2314 263. P\u00e5 forh\u00e5nd takk for din st\u00f8tte!<\/p>\n<\/blockquote>\n","protected":false},"excerpt":{"rendered":"Varselet kommer fra Spanias nasjonale, meteorologiske institutt, og gjelder fra klokken 12 p\u00e5 onsdag. Gult farevarsel for vind&hellip;\n","protected":false},"author":2,"featured_media":84231,"comment_status":"","ping_status":"","sticky":false,"template":"","format":"standard","meta":{"footnotes":""},"categories":[12],"tags":[20,21,24,25,15,5600,22,23,13,30,28,29,14,16,26,27,387,42,43,44,45],"class_list":{"0":"post-84230","1":"post","2":"type-post","3":"status-publish","4":"format-standard","5":"has-post-thumbnail","7":"category-verden","8":"tag-breaking-news","9":"tag-breakingnews","10":"tag-featured-news","11":"tag-featurednews","12":"tag-headlines","13":"tag-kanarioyene","14":"tag-latest-news","15":"tag-latestnews","16":"tag-news","17":"tag-no","18":"tag-norge","19":"tag-norway","20":"tag-nyheter","21":"tag-overskrifter","22":"tag-top-stories","23":"tag-topstories","24":"tag-vaeret","25":"tag-verden","26":"tag-world","27":"tag-world-news","28":"tag-worldnews"},"share_on_mastodon":{"url":"https:\/\/pubeurope.com\/@no\/115531335972511112","error":""},"_links":{"self":[{"href":"https:\/\/www.europesays.com\/no\/wp-json\/wp\/v2\/posts\/84230","targetHints":{"allow":["GET"]}}],"collection":[{"href":"https:\/\/www.europesays.com\/no\/wp-json\/wp\/v2\/posts"}],"about":[{"href":"https:\/\/www.europesays.com\/no\/wp-json\/wp\/v2\/types\/post"}],"author":[{"embeddable":true,"href":"https:\/\/www.europesays.com\/no\/wp-json\/wp\/v2\/users\/2"}],"replies":[{"embeddable":true,"href":"https:\/\/www.europesays.com\/no\/wp-json\/wp\/v2\/comments?post=84230"}],"version-history":[{"count":0,"href":"https:\/\/www.europesays.com\/no\/wp-json\/wp\/v2\/posts\/84230\/revisions"}],"wp:featuredmedia":[{"embeddable":true,"href":"https:\/\/www.europesays.com\/no\/wp-json\/wp\/v2\/media\/84231"}],"wp:attachment":[{"href":"https:\/\/www.europesays.com\/no\/wp-json\/wp\/v2\/media?parent=84230"}],"wp:term":[{"taxonomy":"category","embeddable":true,"href":"https:\/\/www.europesays.com\/no\/wp-json\/wp\/v2\/categories?post=84230"},{"taxonomy":"post_tag","embeddable":true,"href":"https:\/\/www.europesays.com\/no\/wp-json\/wp\/v2\/tags?post=84230"}],"curies":[{"name":"wp","href":"https:\/\/api.w.org\/{rel}","templated":true}]}}