{"id":84260,"date":"2025-11-11T14:19:09","date_gmt":"2025-11-11T14:19:09","guid":{"rendered":"https:\/\/www.europesays.com\/no\/84260\/"},"modified":"2025-11-11T14:19:09","modified_gmt":"2025-11-11T14:19:09","slug":"tar-beslag-i-aggregatet","status":"publish","type":"post","link":"https:\/\/www.europesays.com\/no\/84260\/","title":{"rendered":"Tar beslag i aggregatet"},"content":{"rendered":"<p class=\"kicker \" style=\"\">Russefesten p\u00e5 Lillestr\u00f8m<\/p>\n<p>  Politiet har tirsdag gjort \u00e5stedsunders\u00f8kelse etter russefesten p\u00e5 L\u00f8renskog, hvor flere ungdommer havnet p\u00e5 sykehus med mistanke om kullosforgiftning.<\/p>\n<p class=\"no_italic m-no_italic\" data-lab-italic=\"\">&#8211; Politiets teknikere har i dag foretatt \u00e5stedsunders\u00f8kelse i festlokalet. Det er besluttet beslag i aggregatet, sier politiadvokat Morten Lund\u00e9n i \u00d8st politidistrikt til Dagbladet.\u00a0<\/p>\n<p> Flere ungdommer ble sendt til sykehus etter mistanke om kullosforgiftning etter en russefest p\u00e5 L\u00f8renskog fredag kveld.<\/p>\n<p>Totalt rundt 300-400 personer skal ha v\u00e6rt til stede p\u00e5 festen, som fant sted i selskapslokalet Star Palace.\u00a0Det var en\u00a0s\u00e5kalt slippfest, der en russegruppe avsl\u00f8rer konsept og navn for russegruppa si. <\/p>\n<p>\u00d8st politidistrikt bekreftet l\u00f8rdag at de har\u00a0<a href=\"https:\/\/www.dagbladet.no\/nyheter\/starter-etterforskning-etter-russefest\/83826245\" rel=\"nofollow noopener\" target=\"_blank\">igangsatt etterforskning<\/a>.\u00a0Sentralt i etterforskningen er et aggregat som var plassert innend\u00f8rs i bygget. <\/p>\n<p>    <a itemprop=\"url\" href=\"https:\/\/www.dagbladet.no\/nyheter\/politiet-rykket-ut-merket-ikke-noe\/83832959\" rel=\"nofollow noopener\" target=\"_blank\"><\/p>\n<p>      <img loading=\"lazy\" decoding=\"async\" src=\"https:\/\/www.europesays.com\/no\/wp-content\/uploads\/2025\/11\/83832978.webp\" width=\"980\" height=\"441\" title=\"Politiet rykket ut - merket ikke noe\" alt=\"\" class=\"lazyload\" style=\"--aspect-ratio-image: 2.22; \"\/><\/p>\n<p>        Politiet rykket ut &#8211; merket ikke noe<\/p>\n<p>    <\/a><\/p>\n<p>I et ventilert rom\t<\/p>\n<p>L\u00f8rdag forklarte innehaveren i selskapet som leverte aggregatet at det sto plassert i et ventilert rom under festen &#8211; slik det ogs\u00e5 har gjort ved\u00a0<a href=\"https:\/\/www.dagbladet.no\/nyheter\/starter-etterforskning-etter-russefest\/83826245\" rel=\"nofollow noopener\" target=\"_blank\">flere tidligere anledninger<\/a>.<\/p>\n<p>Tre akt\u00f8rer har f\u00e5tt status som mistenkt: utleier av lokalet, eier av aggregatet og arrang\u00f8r.<\/p>\n<p>Mandag bekreftet Lund\u00e9n til Dagbladet at politiet ikke hadde snakket med noen av ungdommene &#8211; bare en av m\u00f8drene. Det er forel\u00f8pig ikke planlagt noen avh\u00f8r, opplyser han tirsdag.<\/p>\n<p>Politiet ble f\u00f8rst varslet om saken dagen etter festen. L\u00f8rdag ettermiddag &#8211; cirka klokka 13.30 &#8211; mottok politiet flere meldinger fra media om tips om en fest p\u00e5 L\u00f8renskog der flere skal ha blitt kullosforgiftet.\u00a0<\/p>\n<p>&#8211; Det er vanskelig \u00e5 vite hvorfor, eller hvilke vurderinger som eventuelt er \u00e5rsak til at politiet ikke ble varslet f\u00f8r gjennom media, sier\u00a0Lund\u00e9n.<\/p>\n<p>Politiet har tidligere uttalt at et eventuelt brudd p\u00e5 varslingsplikten ogs\u00e5 vil v\u00e6re et moment som de vil se p\u00e5 i den videre etterforskningen.<\/p>\n<p>&#8211; Varslingsplikten f\u00f8lger av straffelovens \u00a7 196, og omfatter plikt til \u00e5 varsle om en rekke ulike straffbare handlinger, men det er for tidlig \u00e5 ta stilling til om dette er aktuelt i denne saken n\u00e5, sier han.<\/p>\n<p>        Mina Slettbakken (16), som var en av dem som ble sendt til sykehus l\u00f8rdag etter russeslippet. Reporter: Marte Nyl\u00f8kken Helseth. <\/p>\n<p>Mistanke om kullosforgiftning\t<\/p>\n<p>Det var fredag kveld at en rekke ungdommer ble syke p\u00e5 russefesten, og det ble etter hvert mistanke om kullosforgiftning.\u00a0<\/p>\n<p>Mens noen ble sendt til sykehus allerede samme kveld, var det enda flere som opps\u00f8kte helsehjelp dagen etterp\u00e5. Totalt 51 ungdommer endte p\u00e5 sykehus og legevakt, if\u00f8lge NRK.<\/p>\n<p>Ungdommene hadde en mild form for kullosforgiftning, if\u00f8lge blodpr\u00f8vene som ble tatt i helga. Det opplyser pressevakt Linda Ingier ved Akershus universitetssykehus til\u00a0<a href=\"https:\/\/www.vg.no\/nyheter\/i\/8qbz7d\/russefest-paa-loerenskog-35-ungdommer-som-ble-testet-for-kullosforgiftning-hadde-et-nivaa-mellom-tre-og-fem\" target=\"_blank\" rel=\"nofollow noopener\">VG.<\/a><\/p>\n<p>De vanligste tegnene p\u00e5 kullosforgiftning er hodepine, kvalme, svimmelhet, slapphet og forvirring. Ved mer alvorlig forgiftning kan man f\u00e5 brystsmerter, besvimelse eller nedsatt bevissthet. Symptomene kan ligne influensa eller migrene.<\/p>\n","protected":false},"excerpt":{"rendered":"Russefesten p\u00e5 Lillestr\u00f8m Politiet har tirsdag gjort \u00e5stedsunders\u00f8kelse etter russefesten p\u00e5 L\u00f8renskog, hvor flere ungdommer havnet p\u00e5 sykehus&hellip;\n","protected":false},"author":2,"featured_media":84261,"comment_status":"","ping_status":"","sticky":false,"template":"","format":"standard","meta":{"footnotes":""},"categories":[5],"tags":[20,21,24,25,15,19,2539,983,22,23,2692,17,18,13,30,28,29,14,16,3750,26,27],"class_list":{"0":"post-84260","1":"post","2":"type-post","3":"status-publish","4":"format-standard","5":"has-post-thumbnail","7":"category-overskrifter","8":"tag-breaking-news","9":"tag-breakingnews","10":"tag-featured-news","11":"tag-featurednews","12":"tag-headlines","13":"tag-hovedoppslag","14":"tag-innenriks","15":"tag-krim","16":"tag-latest-news","17":"tag-latestnews","18":"tag-lorenskog","19":"tag-main-news","20":"tag-mainnews","21":"tag-news","22":"tag-no","23":"tag-norge","24":"tag-norway","25":"tag-nyheter","26":"tag-overskrifter","27":"tag-russ","28":"tag-top-stories","29":"tag-topstories"},"share_on_mastodon":{"url":"https:\/\/pubeurope.com\/@no\/115531505139272236","error":""},"_links":{"self":[{"href":"https:\/\/www.europesays.com\/no\/wp-json\/wp\/v2\/posts\/84260","targetHints":{"allow":["GET"]}}],"collection":[{"href":"https:\/\/www.europesays.com\/no\/wp-json\/wp\/v2\/posts"}],"about":[{"href":"https:\/\/www.europesays.com\/no\/wp-json\/wp\/v2\/types\/post"}],"author":[{"embeddable":true,"href":"https:\/\/www.europesays.com\/no\/wp-json\/wp\/v2\/users\/2"}],"replies":[{"embeddable":true,"href":"https:\/\/www.europesays.com\/no\/wp-json\/wp\/v2\/comments?post=84260"}],"version-history":[{"count":0,"href":"https:\/\/www.europesays.com\/no\/wp-json\/wp\/v2\/posts\/84260\/revisions"}],"wp:featuredmedia":[{"embeddable":true,"href":"https:\/\/www.europesays.com\/no\/wp-json\/wp\/v2\/media\/84261"}],"wp:attachment":[{"href":"https:\/\/www.europesays.com\/no\/wp-json\/wp\/v2\/media?parent=84260"}],"wp:term":[{"taxonomy":"category","embeddable":true,"href":"https:\/\/www.europesays.com\/no\/wp-json\/wp\/v2\/categories?post=84260"},{"taxonomy":"post_tag","embeddable":true,"href":"https:\/\/www.europesays.com\/no\/wp-json\/wp\/v2\/tags?post=84260"}],"curies":[{"name":"wp","href":"https:\/\/api.w.org\/{rel}","templated":true}]}}